{"id":104423,"date":"2026-01-14T14:20:09","date_gmt":"2026-01-14T14:20:09","guid":{"rendered":"https:\/\/www.europesays.com\/lv\/104423\/"},"modified":"2026-01-14T14:20:09","modified_gmt":"2026-01-14T14:20:09","slug":"ka-zurnalists-maris-pukitis-atrada-milu-gambija-santa","status":"publish","type":"post","link":"https:\/\/www.europesays.com\/lv\/104423\/","title":{"rendered":"k\u0101 \u017eurn\u0101lists M\u0101ris Pu\u0137\u012btis atrada m\u012blu Gambij\u0101 \u2014 Santa"},"content":{"rendered":"<p>Toreiz vi\u0146\u0161 bija nopircis bi\u013cetes gan turp, gan atpaka\u013c, bet \u2013 atpaka\u013cce\u013ca bi\u013cete t\u0101 ar\u012b palika neizmantota\u2026<\/p>\n<p>M\u0113s run\u0101jamies tie\u0161saist\u0113. Internets raust\u0101s un tr\u012bs reizes p\u0101rtr\u016bkst, t\u0101p\u0113c video izsl\u0113dzam, lai kaut cik laba b\u016btu vismaz ska\u0146a. \u012asaj\u0101 mirkl\u012b, kad ieraugu M\u0101ri, aiz vi\u0146a muguras redzu tikai gai\u0161as sienas bez nek\u0101das eksotikas \u2013 nav ne kle\u0137a b\u016bdi\u0146u, ne palmu. Visu \u0161o laiku vi\u0146\u0161 turpin\u0101jis ar\u012b att\u0101lin\u0101ti dar\u012bt savu darbu Latvij\u0101.<\/p>\n<p>Bet k\u0101 var str\u0101d\u0101t par redaktoru, ja raust\u0101s internets un m\u0113dz negaid\u012bti pazust elektr\u012bba? \u00abTriju gadu laik\u0101 t\u0101p\u0113c neesmu nokav\u0113jis nevienu darbu! J\u0101b\u016bt \u013coti disciplin\u0113tam un j\u0101str\u0101d\u0101 nevis tad, kad gribas, bet tad, kad tas iesp\u0113jams. Str\u0101d\u0101ju no r\u012btiem, pa dienu, v\u0113lu vakaros. Var gad\u012bties, ka pusi dienas nav elektr\u012bbas, \u2013 ja l\u012bdz tam laikam daudz izdar\u012bts, tad viss k\u0101rt\u012bb\u0101. Esmu tekstus redi\u0123\u0113jis ar\u012b telefon\u0101 un maketus p\u0101rskat\u012bjis, braucot k\u0101 pasa\u017eieris uz motocikla. Paradoks\u0101l\u0101 k\u0101rt\u0101 ar darbu tiku gal\u0101 ar\u012b tad, kad man Tanz\u0101nij\u0101 klub\u0101 nozaga telefonu, kad p\u0113c da\u017eiem m\u0113ne\u0161iem pazaud\u0113ju otru telefonu, kad Gambij\u0101 nobruka dators un kad v\u0113l p\u0113c da\u017eiem m\u0113ne\u0161iem, k\u0101pjot laiv\u0101, citu telefonu nobeidza oke\u0101na vilnis.\u00bb<\/p>\n<p>Likten\u012bg\u0101 princese N\u0113ma<\/p>\n<p>Tiem, kas M\u0101ri paz\u012bst, pirms trim gadiem bija pamat\u012bgs p\u0101rsteigums soci\u0101lajos t\u012bklos izlas\u012bt, ka vi\u0146\u0161 nol\u0113mis doties uz Tanz\u0101niju. Nevis ekskursij\u0101, bet pie sievietes. Visliel\u0101kais \u0161oks tas bija M\u0101ra sievai.<\/p>\n","protected":false},"excerpt":{"rendered":"Toreiz vi\u0146\u0161 bija nopircis bi\u013cetes gan turp, gan atpaka\u013c, bet \u2013 atpaka\u013cce\u013ca bi\u013cete t\u0101 ar\u012b palika neizmantota\u2026 M\u0113s&hellip;\n","protected":false},"author":2,"featured_media":104424,"comment_status":"","ping_status":"","sticky":false,"template":"","format":"standard","meta":{"footnotes":""},"categories":[19],"tags":[89,90,35,39,38,36,37,34,40],"class_list":{"0":"post-104423","1":"post","2":"type-post","3":"status-publish","4":"format-standard","5":"has-post-thumbnail","7":"category-izklaide","8":"tag-entertainment","9":"tag-izklaide","10":"tag-latvia","11":"tag-latvian","12":"tag-latviesu","13":"tag-latviesu-valoda","14":"tag-latviesuvaloda","15":"tag-latvija","16":"tag-lv"},"share_on_mastodon":{"url":"https:\/\/pubeurope.com\/@lv\/115893896687634850","error":""},"_links":{"self":[{"href":"https:\/\/www.europesays.com\/lv\/wp-json\/wp\/v2\/posts\/104423","targetHints":{"allow":["GET"]}}],"collection":[{"href":"https:\/\/www.europesays.com\/lv\/wp-json\/wp\/v2\/posts"}],"about":[{"href":"https:\/\/www.europesays.com\/lv\/wp-json\/wp\/v2\/types\/post"}],"author":[{"embeddable":true,"href":"https:\/\/www.europesays.com\/lv\/wp-json\/wp\/v2\/users\/2"}],"replies":[{"embeddable":true,"href":"https:\/\/www.europesays.com\/lv\/wp-json\/wp\/v2\/comments?post=104423"}],"version-history":[{"count":0,"href":"https:\/\/www.europesays.com\/lv\/wp-json\/wp\/v2\/posts\/104423\/revisions"}],"wp:featuredmedia":[{"embeddable":true,"href":"https:\/\/www.europesays.com\/lv\/wp-json\/wp\/v2\/media\/104424"}],"wp:attachment":[{"href":"https:\/\/www.europesays.com\/lv\/wp-json\/wp\/v2\/media?parent=104423"}],"wp:term":[{"taxonomy":"category","embeddable":true,"href":"https:\/\/www.europesays.com\/lv\/wp-json\/wp\/v2\/categories?post=104423"},{"taxonomy":"post_tag","embeddable":true,"href":"https:\/\/www.europesays.com\/lv\/wp-json\/wp\/v2\/tags?post=104423"}],"curies":[{"name":"wp","href":"https:\/\/api.w.org\/{rel}","templated":true}]}}