{"id":104425,"date":"2026-01-14T14:21:07","date_gmt":"2026-01-14T14:21:07","guid":{"rendered":"https:\/\/www.europesays.com\/lv\/104425\/"},"modified":"2026-01-14T14:21:07","modified_gmt":"2026-01-14T14:21:07","slug":"sturiska-un-skujins-nopelna-latvijas-gada-labako-ritenbrauceju-balvas-raksts","status":"publish","type":"post","link":"https:\/\/www.europesays.com\/lv\/104425\/","title":{"rendered":"St\u016bri\u0161ka un Skuji\u0146\u0161 nopelna Latvijas gada lab\u0101ko rite\u0146brauc\u0113ju balvas \/ Raksts"},"content":{"rendered":"<p>Par Latvijas 2025. gada lab\u0101kajiem rite\u0146brauc\u0113jiem atz\u012bti \u0161osejas rite\u0146brauc\u0113js Toms Skuji\u0146\u0161 un BMX rite\u0146brauc\u0113ja Veronika Monika St\u016bri\u0161ka, zi\u0146o Latvijas Rite\u0146brauk\u0161anas feder\u0101cija (LRF).<\/p>\n<p>Skuji\u0146\u0161 sept\u012bto reizi karjer\u0101 tika atz\u012bts par Latvijas gada lab\u0101ko rite\u0146brauc\u0113ju. 34 gadus vecais rite\u0146brauc\u0113js pag\u0101ju\u0161aj\u0101 sezon\u0101 izc\u012bn\u012bja piekto vietu gan Eiropas \u010dempion\u0101t\u0101, gan pasaules \u010dempion\u0101t\u0101.<\/p>\n<p>Bez Skuji\u0146a uz \u0161o balvu pretend\u0113ja ar\u012b BMX sportisti Edgars Langmanis un M\u0101rti\u0146\u0161 Em\u012bls Treimanis, MTB rite\u0146brauc\u0113js M\u0101rti\u0146\u0161 Bl\u016bms un BMX fr\u012bstaila sportists Ernests Z\u0113bolds.<\/p>\n<p>Savuk\u0101rt St\u016bri\u0161ka pie balvas tika tre\u0161o reizi p\u0113c k\u0101rtas. Vi\u0146a uzvar\u0113ja Eiropas \u010dempion\u0101ta U-23 vecuma grup\u0101, k\u0101 ar\u012b ie\u0146\u0113ma ceturto un sesto vietu Pasaules kausa posmos. Uz gada lab\u0101k\u0101s rite\u0146brauc\u0113jas balvu pretend\u0113ja ar\u012b \u0161osejas rite\u0146brauc\u0113ja Dana Ro\u017elapa un BMX sportiste Vineta P\u0113tersone.<\/p>\n<p>Par gada lab\u0101ko jauno rite\u0146brauc\u0113ju tika atz\u012bts Eiropas BMX rite\u0146brauk\u0161anas \u010dempion\u0101ta uzvar\u0113t\u0101js junioru vecuma grup\u0101 Kristers Apels, bet par gada jauno sportisti tika atz\u012bta Kate Ketr\u012bna Skuji\u0146a, kura izc\u012bn\u012bja sept\u012bto vietu Eiropas Jaunatnes olimpiskaj\u0101 festiv\u0101l\u0101.<\/p>\n<p>Gada lab\u0101k\u0101 amatieru sporta balvu sa\u0146\u0113ma Ain\u0101rs \u0136iksis, kam\u0113r Latvijas BMX rite\u0146brauc\u0113ju izlases galvenais treneris Olafs Laku\u010ds pirmo reizi tika atz\u012bts par gada lab\u0101ko treneri. Balva par m\u016b\u017ea ieguld\u012bjumu tika pie\u0161\u0137irta BMX kluba &#8220;M\u012btavas Kume\u013ci&#8221; vad\u012bt\u0101jam un tiesnesim Aivaram Balbekam.<\/p>\n<p>                    Valodas k\u013c\u016bda rakst\u0101?<\/p>\n<p class=\"d-none d-md-block\">Iez\u012bm\u0113jiet tekstu un spiediet Ctrl+Enter, lai nos\u016bt\u012btu labojamo teksta fragmentu redaktoram! Par faktu k\u013c\u016bd\u0101m l\u016bdzam zi\u0146ot e-past\u0101 <a href=\"https:\/\/www.lsm.lv\/cdn-cgi\/l\/email-protection\" class=\"__cf_email__\" data-cfemail=\"75071011141e161c1f14351906185b1903\" rel=\"nofollow noopener\" target=\"_blank\">[email\u00a0protected]<\/a>.<\/p>\n<p class=\"d-md-none\">Iez\u012bm\u0113jiet tekstu un spiediet uz Zi\u0146ot par k\u013c\u016bdu pogas, lai nos\u016bt\u012btu labojamo teksta fragmentu redaktoram!<\/p>\n<p>\n                    Zi\u0146ot par k\u013c\u016bdu\n                <\/p>\n","protected":false},"excerpt":{"rendered":"Par Latvijas 2025. gada lab\u0101kajiem rite\u0146brauc\u0113jiem atz\u012bti \u0161osejas rite\u0146brauc\u0113js Toms Skuji\u0146\u0161 un BMX rite\u0146brauc\u0113ja Veronika Monika St\u016bri\u0161ka, zi\u0146o&hellip;\n","protected":false},"author":2,"featured_media":104426,"comment_status":"","ping_status":"","sticky":false,"template":"","format":"standard","meta":{"footnotes":""},"categories":[17],"tags":[35,39,38,36,37,34,40,67],"class_list":{"0":"post-104425","1":"post","2":"type-post","3":"status-publish","4":"format-standard","5":"has-post-thumbnail","7":"category-sports","8":"tag-latvia","9":"tag-latvian","10":"tag-latviesu","11":"tag-latviesu-valoda","12":"tag-latviesuvaloda","13":"tag-latvija","14":"tag-lv","15":"tag-sports"},"share_on_mastodon":{"url":"https:\/\/pubeurope.com\/@lv\/115893900577584021","error":""},"_links":{"self":[{"href":"https:\/\/www.europesays.com\/lv\/wp-json\/wp\/v2\/posts\/104425","targetHints":{"allow":["GET"]}}],"collection":[{"href":"https:\/\/www.europesays.com\/lv\/wp-json\/wp\/v2\/posts"}],"about":[{"href":"https:\/\/www.europesays.com\/lv\/wp-json\/wp\/v2\/types\/post"}],"author":[{"embeddable":true,"href":"https:\/\/www.europesays.com\/lv\/wp-json\/wp\/v2\/users\/2"}],"replies":[{"embeddable":true,"href":"https:\/\/www.europesays.com\/lv\/wp-json\/wp\/v2\/comments?post=104425"}],"version-history":[{"count":0,"href":"https:\/\/www.europesays.com\/lv\/wp-json\/wp\/v2\/posts\/104425\/revisions"}],"wp:featuredmedia":[{"embeddable":true,"href":"https:\/\/www.europesays.com\/lv\/wp-json\/wp\/v2\/media\/104426"}],"wp:attachment":[{"href":"https:\/\/www.europesays.com\/lv\/wp-json\/wp\/v2\/media?parent=104425"}],"wp:term":[{"taxonomy":"category","embeddable":true,"href":"https:\/\/www.europesays.com\/lv\/wp-json\/wp\/v2\/categories?post=104425"},{"taxonomy":"post_tag","embeddable":true,"href":"https:\/\/www.europesays.com\/lv\/wp-json\/wp\/v2\/tags?post=104425"}],"curies":[{"name":"wp","href":"https:\/\/api.w.org\/{rel}","templated":true}]}}