{"id":104427,"date":"2026-01-14T14:23:11","date_gmt":"2026-01-14T14:23:11","guid":{"rendered":"https:\/\/www.europesays.com\/lv\/104427\/"},"modified":"2026-01-14T14:23:11","modified_gmt":"2026-01-14T14:23:11","slug":"danijas-razotajs-rockwool-vairs-nekontrole-savus-aktivus-krievija","status":"publish","type":"post","link":"https:\/\/www.europesays.com\/lv\/104427\/","title":{"rendered":"D\u0101nijas ra\u017eot\u0101js &#8220;Rockwool&#8221; vairs nekontrol\u0113 savus akt\u012bvus Krievij\u0101"},"content":{"rendered":"<p>&#8220;\u0160odien m\u0113s uzzin\u0101j\u0101m, ka ir apstiprin\u0101ts Krievijas prezidenta dekr\u0113ts, ar kuru \u0101r\u0113j\u0101 vad\u012bba ir p\u0101r\u0146\u0113musi kontroli p\u0101r &#8220;Rockwool&#8221; Krievijas strukt\u016brvien\u012bbu, un &#8220;Rockwool&#8221; vairs nekontrol\u0113 savus akt\u012bvus \u0161aj\u0101 valst\u012b,&#8221; teikts uz\u0146\u0113muma pazi\u0146ojum\u0101.<\/p>\n<p>Uz\u0146\u0113mums nor\u0101da, ka necer uz \u0161\u012b l\u0113muma atcel\u0161anu, t\u0101p\u0113c tas norakst\u012bs \u0161o akt\u012bvu kapit\u0101la v\u0113rt\u012bbu, kas pag\u0101ju\u0161\u0101 gada beig\u0101s veidoja 469 miljonus eiro.<\/p>\n<p>P\u0113c Krievijas Ukrain\u0101 s\u0101kt\u0101 pilna apm\u0113ra kara 2022. gada febru\u0101r\u012b Krievijas tirgu pametu\u0161i simtiem rietumvalstu uz\u0146\u0113mumu.<\/p>\n<p>&#8220;Rockwool&#8221; 2022. gad\u0101 pav\u0113st\u012bja, ka turpin\u0101s darb\u012bbu Krievij\u0101, nor\u0101dot, ka tas ir lab\u0101kais risin\u0101jums uz\u0146\u0113muma 1200 darbiniekiem Krievij\u0101. Ta\u010du komp\u0101nija pazi\u0146oja, ka t\u0101 2022. gad\u0101 br\u012bvpr\u0101t\u012bgi aptur\u0113jusi akmens vates produktu eksportu no Krievijas, lai ar\u012b uz\u0146\u0113mumam nek\u0101das sankcijas nebija piem\u0113rotas.<\/p>\n","protected":false},"excerpt":{"rendered":"&#8220;\u0160odien m\u0113s uzzin\u0101j\u0101m, ka ir apstiprin\u0101ts Krievijas prezidenta dekr\u0113ts, ar kuru \u0101r\u0113j\u0101 vad\u012bba ir p\u0101r\u0146\u0113musi kontroli p\u0101r &#8220;Rockwool&#8221;&hellip;\n","protected":false},"author":2,"featured_media":104428,"comment_status":"","ping_status":"","sticky":false,"template":"","format":"standard","meta":{"footnotes":""},"categories":[14],"tags":[23,57,77,28,29,32,33,22,30,31,35,39,38,36,37,34,40,20,26,27,1678,24,25,54,55,56,21,58],"class_list":{"0":"post-104427","1":"post","2":"type-post","3":"status-publish","4":"format-standard","5":"has-post-thumbnail","7":"category-zinas-no-arvalstim","8":"tag-aktualitates","9":"tag-arvalstim","10":"tag-bizness","11":"tag-breaking-news","12":"tag-breakingnews","13":"tag-featured-news","14":"tag-featurednews","15":"tag-headlines","16":"tag-latest-news","17":"tag-latestnews","18":"tag-latvia","19":"tag-latvian","20":"tag-latviesu","21":"tag-latviesu-valoda","22":"tag-latviesuvaloda","23":"tag-latvija","24":"tag-lv","25":"tag-news","26":"tag-popularakas-zinas","27":"tag-popularakaszinas","28":"tag-siltums","29":"tag-top-stories","30":"tag-topstories","31":"tag-world","32":"tag-world-news","33":"tag-worldnews","34":"tag-zinas","35":"tag-zinas-no-arvalstim"},"share_on_mastodon":{"url":"https:\/\/pubeurope.com\/@lv\/115893908656344234","error":""},"_links":{"self":[{"href":"https:\/\/www.europesays.com\/lv\/wp-json\/wp\/v2\/posts\/104427","targetHints":{"allow":["GET"]}}],"collection":[{"href":"https:\/\/www.europesays.com\/lv\/wp-json\/wp\/v2\/posts"}],"about":[{"href":"https:\/\/www.europesays.com\/lv\/wp-json\/wp\/v2\/types\/post"}],"author":[{"embeddable":true,"href":"https:\/\/www.europesays.com\/lv\/wp-json\/wp\/v2\/users\/2"}],"replies":[{"embeddable":true,"href":"https:\/\/www.europesays.com\/lv\/wp-json\/wp\/v2\/comments?post=104427"}],"version-history":[{"count":0,"href":"https:\/\/www.europesays.com\/lv\/wp-json\/wp\/v2\/posts\/104427\/revisions"}],"wp:featuredmedia":[{"embeddable":true,"href":"https:\/\/www.europesays.com\/lv\/wp-json\/wp\/v2\/media\/104428"}],"wp:attachment":[{"href":"https:\/\/www.europesays.com\/lv\/wp-json\/wp\/v2\/media?parent=104427"}],"wp:term":[{"taxonomy":"category","embeddable":true,"href":"https:\/\/www.europesays.com\/lv\/wp-json\/wp\/v2\/categories?post=104427"},{"taxonomy":"post_tag","embeddable":true,"href":"https:\/\/www.europesays.com\/lv\/wp-json\/wp\/v2\/tags?post=104427"}],"curies":[{"name":"wp","href":"https:\/\/api.w.org\/{rel}","templated":true}]}}