{"id":104429,"date":"2026-01-14T14:24:09","date_gmt":"2026-01-14T14:24:09","guid":{"rendered":"https:\/\/www.europesays.com\/lv\/104429\/"},"modified":"2026-01-14T14:24:09","modified_gmt":"2026-01-14T14:24:09","slug":"atkritumu-apsaimniekosana-ziemas-apstaklos-jekabpils-novada-pasvaldiba","status":"publish","type":"post","link":"https:\/\/www.europesays.com\/lv\/104429\/","title":{"rendered":"Atkritumu apsaimnieko\u0161ana ziemas apst\u0101k\u013cos | Jekabpils novada pa\u0161vald\u012bba"},"content":{"rendered":"<p>Sniegoti un slideni ce\u013ci, aizputin\u0101tas piebraucam\u0101s vietas un aizputin\u0101ti nepietiekami not\u012br\u012bti konteineri var apgr\u016btin\u0101t vai pat padar\u012bt neiesp\u0113jamu atkritumu sav\u0101k\u0161anu. Lai m\u016bsu specializ\u0113tais transports var\u0113tu dro\u0161i un savlaic\u012bgi izvest atkritumus, svar\u012bga ir ar\u012b pakalpojuma sa\u0146\u0113m\u0113ja l\u012bdzdal\u012bba.<\/p>\n<p>Lai nodro\u0161in\u0101tu pakalpojuma izpildi saska\u0146\u0101 ar grafiku ziemas apst\u0101k\u013cos, l\u016bdzam iev\u0113rot \u0161\u0101dus ieteikumus:<\/p>\n<p><img decoding=\"async\" alt=\"1\ufe0f\u20e3\" src=\"https:\/\/www.europesays.com\/lv\/wp-content\/uploads\/2026\/01\/31_20e3.png\"\/> Not\u012briet piebraucamos ce\u013cus<\/p>\n<p>P\u0101rliecinieties, ka ce\u013ci l\u012bdz konteineriem ir savlaic\u012bgi not\u012br\u012bti no sniega.<\/p>\n<p><img decoding=\"async\" alt=\"2\ufe0f\u20e3\" src=\"https:\/\/www.europesays.com\/lv\/wp-content\/uploads\/2026\/01\/32_20e3.png\"\/> Nodro\u0161iniet piek\u013cuvi konteineriem<\/p>\n<p>Konteineriem j\u0101b\u016bt viegli pieejamiem \u2013 neieputin\u0101tiem snieg\u0101, to v\u0101kiem j\u0101b\u016bt br\u012bvi atveramiem. Ja konteiners b\u016bs piesalis pie zemes &#8211; atkritumi netiks sav\u0101kti.<\/p>\n<p>Ja konteineru laukumu kl\u0101j sniegs, aicin\u0101m to not\u012br\u012bt, lai konteinerus var\u0113tu \u0113rti p\u0101rvietot. Apledojuma gad\u012bjum\u0101 l\u016bdzam izmantot pretsl\u012bdes materi\u0101lus (smiltis, s\u0101li u.c.).<\/p>\n<p><img decoding=\"async\" alt=\"3\ufe0f\u20e3\" src=\"https:\/\/www.europesays.com\/lv\/wp-content\/uploads\/2026\/01\/33_20e3.png\"\/> Nemetiet slapjus atkritumus konteiner\u0101<\/p>\n<p>Slapji atkritumi veicina to piesal\u0161anu konteineram un apgr\u016btina konteineru iztuk\u0161o\u0161anu. Lai var\u0113tu nodro\u0161in\u0101t atkritumu izve\u0161anu, tiem j\u0101b\u016bt birsto\u0161iem un sausiem.<\/p>\n<p><img decoding=\"async\" alt=\"4\ufe0f\u20e3\" src=\"https:\/\/www.europesays.com\/lv\/wp-content\/uploads\/2026\/01\/34_20e3.png\"\/> Novietojiet konteinerus redzam\u0101 viet\u0101<\/p>\n<p>Ja konteineri tiek izlikti pie ce\u013ca, dariet to savlaic\u012bgi un t\u0101, lai tie b\u016btu skaidri redzami ar\u012b sniegot\u0101 vid\u0113, netrauc\u0113jot satiksmei un g\u0101j\u0113jiem.<\/p>\n<p><img decoding=\"async\" alt=\"5\ufe0f\u20e3\" src=\"https:\/\/www.europesays.com\/lv\/wp-content\/uploads\/2026\/01\/35_20e3.png\"\/> Nenoblo\u0137\u0113jiet piek\u013cuvi konteineriem ar citiem transportl\u012bdzek\u013ciem<\/p>\n<p>Atkritumu izve\u0161anas dien\u0101s aicin\u0101m piev\u0113rst uzman\u012bbu automa\u0161\u012bnu novieto\u0161anai, lai specializ\u0113tais transports var\u0113tu netrauc\u0113ti piek\u013c\u016bt konteineru laukumiem un kr\u0101v\u0113js var\u0113tu tos br\u012bvi izvilkt.<\/p>\n<p><img decoding=\"async\" alt=\"6\ufe0f\u20e3\" src=\"https:\/\/www.europesays.com\/lv\/wp-content\/uploads\/2026\/01\/36_20e3.png\"\/> Sp\u0113c\u012bga snig\u0161ana, atkala vai atkusnis var ietekm\u0113t atkritumu sav\u0101k\u0161anas pakalpojuma izpildi. Aicin\u0101m sekot l\u012bdzi pakalpojuma sniedz\u0113ja pazi\u0146ojumiem.<\/p>\n<p><img decoding=\"async\" alt=\"\ud83d\udce2\" src=\"https:\/\/www.europesays.com\/lv\/wp-content\/uploads\/2026\/01\/1f4e2.png\"\/>Ja sniega vai citu apst\u0101k\u013cu d\u0113\u013c piek\u013cuve konteineriem ir trauc\u0113ta, l\u016bdzu, p\u0101rvietojiet konteinerus uz vietu, kur transports var dro\u0161i piebraukt, un inform\u0113jiet klientu centru: <img decoding=\"async\" alt=\"\ud83d\udcde\" src=\"https:\/\/www.europesays.com\/lv\/wp-content\/uploads\/2026\/01\/1f4de.png\"\/>28367235 vai <img decoding=\"async\" alt=\"\ud83d\udce7\" src=\"https:\/\/www.europesays.com\/lv\/wp-content\/uploads\/2026\/01\/1f4e7.png\"\/><a href=\"https:\/\/www.jekabpils.lv\/lv\/jaunums\/mailto:kac@spaao.lv\" rel=\"nofollow noopener\" target=\"_blank\">kac@spaao.lv<\/a>.<\/p>\n<p><img decoding=\"async\" alt=\"\ud83e\udd1d\" src=\"https:\/\/www.europesays.com\/lv\/wp-content\/uploads\/2026\/01\/1f91d.png\"\/>Sadarb\u012bba starp pakalpojumu sniedz\u0113ju un sa\u0146\u0113m\u0113ju ir b\u016btisks priek\u0161noteikums veiksm\u012bgai pakalpojuma sa\u0146em\u0161anai ar\u012b sare\u017e\u0123\u012btos laikapst\u0101k\u013cos!<\/p>\n<p>Pateicamies par sapratni un sadarb\u012bbu!<img decoding=\"async\" alt=\"\u2744\ufe0f\" src=\"https:\/\/www.europesays.com\/lv\/wp-content\/uploads\/2026\/01\/2744.png\"\/><\/p>\n","protected":false},"excerpt":{"rendered":"Sniegoti un slideni ce\u013ci, aizputin\u0101tas piebraucam\u0101s vietas un aizputin\u0101ti nepietiekami not\u012br\u012bti konteineri var apgr\u016btin\u0101t vai pat padar\u012bt neiesp\u0113jamu&hellip;\n","protected":false},"author":2,"featured_media":104430,"comment_status":"","ping_status":"","sticky":false,"template":"","format":"standard","meta":{"footnotes":""},"categories":[12],"tags":[23,28,29,32,33,22,30,31,35,39,38,36,37,34,40,20,26,27,24,25,21],"class_list":{"0":"post-104429","1":"post","2":"type-post","3":"status-publish","4":"format-standard","5":"has-post-thumbnail","7":"category-latvija","8":"tag-aktualitates","9":"tag-breaking-news","10":"tag-breakingnews","11":"tag-featured-news","12":"tag-featurednews","13":"tag-headlines","14":"tag-latest-news","15":"tag-latestnews","16":"tag-latvia","17":"tag-latvian","18":"tag-latviesu","19":"tag-latviesu-valoda","20":"tag-latviesuvaloda","21":"tag-latvija","22":"tag-lv","23":"tag-news","24":"tag-popularakas-zinas","25":"tag-popularakaszinas","26":"tag-top-stories","27":"tag-topstories","28":"tag-zinas"},"share_on_mastodon":{"url":"https:\/\/pubeurope.com\/@lv\/115893912595215615","error":""},"_links":{"self":[{"href":"https:\/\/www.europesays.com\/lv\/wp-json\/wp\/v2\/posts\/104429","targetHints":{"allow":["GET"]}}],"collection":[{"href":"https:\/\/www.europesays.com\/lv\/wp-json\/wp\/v2\/posts"}],"about":[{"href":"https:\/\/www.europesays.com\/lv\/wp-json\/wp\/v2\/types\/post"}],"author":[{"embeddable":true,"href":"https:\/\/www.europesays.com\/lv\/wp-json\/wp\/v2\/users\/2"}],"replies":[{"embeddable":true,"href":"https:\/\/www.europesays.com\/lv\/wp-json\/wp\/v2\/comments?post=104429"}],"version-history":[{"count":0,"href":"https:\/\/www.europesays.com\/lv\/wp-json\/wp\/v2\/posts\/104429\/revisions"}],"wp:featuredmedia":[{"embeddable":true,"href":"https:\/\/www.europesays.com\/lv\/wp-json\/wp\/v2\/media\/104430"}],"wp:attachment":[{"href":"https:\/\/www.europesays.com\/lv\/wp-json\/wp\/v2\/media?parent=104429"}],"wp:term":[{"taxonomy":"category","embeddable":true,"href":"https:\/\/www.europesays.com\/lv\/wp-json\/wp\/v2\/categories?post=104429"},{"taxonomy":"post_tag","embeddable":true,"href":"https:\/\/www.europesays.com\/lv\/wp-json\/wp\/v2\/tags?post=104429"}],"curies":[{"name":"wp","href":"https:\/\/api.w.org\/{rel}","templated":true}]}}