{"id":104431,"date":"2026-01-14T14:25:06","date_gmt":"2026-01-14T14:25:06","guid":{"rendered":"https:\/\/www.europesays.com\/lv\/104431\/"},"modified":"2026-01-14T14:25:06","modified_gmt":"2026-01-14T14:25:06","slug":"kas-ir-iranas-revolucionaras-gvardes-korpuss-kas-dzili-iesaknojies-visas-valsts-strukturas-raksts","status":"publish","type":"post","link":"https:\/\/www.europesays.com\/lv\/104431\/","title":{"rendered":"Kas ir Ir\u0101nas Revolucion\u0101r\u0101s gvardes korpuss, kas dzi\u013ci iesak\u0146ojies vis\u0101s valsts strukt\u016br\u0101s? \/ Raksts"},"content":{"rendered":"<p>Turpinoties tre\u0161ajai protestu ned\u0113\u013cai, Ir\u0101nas vald\u012bba sol\u012bjusi bargi sod\u012bt visus protest\u0113t\u0101jus, piesprie\u017eot ar\u012b n\u0101vessodus. Tikm\u0113r akt\u012bvistu organiz\u0101cijas zi\u0146o, ka boj\u0101g\u0101ju\u0161o skaits jau ir p\u0101rsniedzis 2500 cilv\u0113ku. LSM.lv skaidro, kas ir Ir\u0101nas Revolucion\u0101r\u0101s gvardes korpuss (IRGC), kur\u0161 ir ne tikai iesak\u0146ojies vis\u0101s valsts strukt\u016br\u0101s, bet ar\u012b\u00a0organiz\u0113 un vada vardarb\u012bgu protest\u0113t\u0101ju apspie\u0161anu.<\/p>\n<p><a id=\"1\" name=\"1\">\u012apa\u0161a milit\u0101ra vien\u012bba augst\u0101k\u0101 l\u012bdera aizsardz\u012bbai<\/a><\/p>\n<p style=\"margin-left:0cm; margin-right:0cm\">Ir\u0101nas Revolucion\u0101r\u0101s gvardes korpuss\u00a0tika dibin\u0101ts uzreiz\u00a0p\u0113c Ir\u0101nas isl\u0101ma revol\u016bcijas 1979. gad\u0101.\u00a0<\/p>\n<blockquote>\n<p style=\"margin-left:0cm; margin-right:0cm\">IRGC ir ideolo\u0123iski milit\u0101rais atzars, kura galvenais uzdevums ir aizsarg\u0101t valsts augst\u0101ko gar\u012bgo l\u012bderi \u0101jatollu Al\u012b H\u0101menej\u012b.<\/p>\n<\/blockquote>\n<p style=\"margin-left:0cm; margin-right:0cm\">IRGC ir liels skaits dien\u0113jo\u0161o da\u017e\u0101d\u0101s no valsts armijas atsevi\u0161\u0137\u0101s strukt\u016br\u0101s.<\/p>\n<p style=\"margin-left:0cm; margin-right:0cm\">&#8220;Tie ir bru\u0146otie sp\u0113ki, kuri darbojas k\u0101 elites milit\u0101r\u0101 aizsardz\u012bbas vien\u012bba ar saviem sauszemes, j\u016bras un gaisa sp\u0113kiem, turkl\u0101t t\u0101 ir lab\u0101k apm\u0101c\u012bta, lab\u0101k apr\u012bkota un lab\u0101k apmaks\u0101ta nek\u0101 valsts armija,&#8221; zi\u0146u a\u0123ent\u016brai AFP skaidro k\u0101ds rietumvalstu diplom\u0101ts, kur\u0161 v\u0113l\u0113jies palikt anon\u012bms.<\/p>\n<p style=\"margin-left:0cm; margin-right:0cm\">IRGC ikgad\u0113jais bud\u017eets sast\u0101da aptuveni 40 % no kop\u0113j\u0101 Ir\u0101nas milit\u0101r\u0101 bud\u017eeta, sasniedzot no se\u0161iem l\u012bdz devi\u0146iem miljardiem ASV dol\u0101ru.<\/p>\n<p><a id=\"2\" name=\"2\">IRGC p\u0101rrauga visas\u00a0valsts strukt\u016bras<\/a><\/p>\n<p style=\"margin-left:0cm; margin-right:0cm\">Lai gan IRGC s\u0101kotn\u0113ji dibin\u0101ts ar m\u0113r\u0137i aizsarg\u0101t\u00a0teokr\u0101tisko re\u017e\u012bmu, tas ir dzi\u013ci iesak\u0146ojies ar\u012b cit\u0101s Ir\u0101nas politiskaj\u0101s, soci\u0101laj\u0101s un ekonomiskaj\u0101s valsts strukt\u016br\u0101s.<\/p>\n<p style=\"margin-left:0cm; margin-right:0cm\">IRGC pieder vai ar\u012b tas kontrol\u0113 vair\u0101kumu no Ir\u0101nas strat\u0113\u0123isko nozaru uz\u0146\u0113mumiem, piem\u0113ram, infrastrukt\u016br\u0101, ener\u0123\u0113tik\u0101, milit\u0101raj\u0101 jom\u0101 un telekomunik\u0101cij\u0101s. IRGC p\u0101rrauga ar\u012b valsts kodolprogrammu.<\/p>\n<p style=\"margin-left:0cm; margin-right:0cm\">T\u0101pat IRGC ir ietekmes sviras valsts izgl\u012bt\u012bbas, kult\u016bras un izklaides nozar\u0113s. Korpuss p\u0101rrauga da\u017eas valsts izgl\u012bt\u012bbas iest\u0101des un iesaist\u0101s valsts kosmosa p\u0113t\u012bjumos.<\/p>\n<blockquote>\n<p style=\"margin-left:0cm; margin-right:0cm\">IRGC ir izveidojusi pla\u0161u izl\u016bko\u0161anas un izseko\u0161anas t\u012bklu, kas nodarbojas ar\u012b ar protest\u0113t\u0101ju l\u012bderu identific\u0113\u0161anu un nogalin\u0101\u0161anu, apturot jebkurus nemierus valst\u012b.<\/p>\n<\/blockquote>\n<p style=\"margin-left:0cm; margin-right:0cm\">Tiek l\u0113sts, ka IRGC izl\u016bko\u0161an\u0101 un da\u017e\u0101du oper\u0101ciju veik\u0161an\u0101 pa\u013caujas uz &#8220;Basid\u017e&#8221; paramilit\u0101ro organiz\u0101ciju, kur\u0101 ir no 600\u00a0000 l\u012bdz 900\u00a0000 dal\u012bbnieku. &#8220;Basid\u017e&#8221; dal\u012bbnieki ir jauni ir\u0101\u0146i, kuri darbojas gan\u00a0valsts instit\u016bcij\u0101s, gan daudz laika pavada da\u017e\u0101dos sabiedr\u012bbas sl\u0101\u0146os, g\u016bstot IRGC nepiecie\u0161amo inform\u0101ciju.<\/p>\n<p style=\"margin-left:0cm; margin-right:0cm\">Savuk\u0101rt IRGC \u012bpa\u0161u uzdevumu\u00a0vien\u012bba &#8220;Quds&#8221; uztur saiknes ar Ir\u0101nas vald\u012bbas re\u0123ion\u0101lajiem sabiedrotajiem, piem\u0113ram, teroristisko grup\u0113jumu &#8220;Hizbull\u0101h&#8221; Lib\u0101n\u0101, hutie\u0161iem Jemen\u0101 un teroristisko grup\u0113jumu &#8220;Ham\u0101s&#8221; Gaz\u0101. IRGC, atbalstot \u0161os grup\u0113jumus, gan nostiprina savu ietekmi, gan pal\u012bdz sasniegt valsts intereses re\u0123ion\u0101laj\u0101 l\u012bmen\u012b.<\/p>\n<p style=\"margin-left:0cm; margin-right:0cm\">Tom\u0113r laika gait\u0101 IRGC ietekme ir izpletusies ar\u012b starptautiskaj\u0101 l\u012bmen\u012b \u2013 tiek uzskat\u012bts, ka IRGC \u0101rpolitik\u0101 ir liel\u0101ka ietekme nek\u0101 Ir\u0101nas prezidentam.<\/p>\n<p style=\"margin-left:0cm; margin-right:0cm\">IRGC p\u0101rrauga valsts &#8220;\u0113nu flotes&#8221; ku\u0123u t\u012bklu, kas m\u0113\u0123ina apiet Rietumu noteikt\u0101s sankcijas.<\/p>\n<p style=\"margin-left:0cm; margin-right:0cm\"><a href=\"https:\/\/www.theguardian.com\/world\/2025\/aug\/26\/who-is-irans-islamic-revolutionary-guard-corps\" target=\"_blank\" rel=\"nofollow noopener\">ASV 2019. gad\u0101 atzina IRGC<\/a> par terorismu atbalsto\u0161u organiz\u0101ciju. T\u0101 ir bijusi pirm\u0101 reize, kad ASV atzinusi citas valsts vald\u012bbas da\u013cu par terorisma atbalst\u012bt\u0101ju.<\/p>\n<p style=\"margin-left:0cm; margin-right:0cm\">2024. gad\u0101 ar\u012b Kan\u0101da atzinusi IRGC par terorismu atbalsto\u0161u organiz\u0101ciju. Savuk\u0101rt\u00a0Eiropas Savien\u012bba, Lielbrit\u0101nija un Austr\u0101lija pazi\u0146oja, ka var\u0113tu sekot ASV piem\u0113ram.<\/p>\n<p><a id=\"3\" name=\"3\">IRGC ir liel\u0101k\u0101 milit\u0101r\u0101 strukt\u016bra Ir\u0101n\u0101<\/a><\/p>\n<p style=\"margin-left:0cm; margin-right:0cm\">Ir\u0101nas bru\u0146otie sp\u0113ki sast\u0101v no <a href=\"https:\/\/understandingwar.org\/research\/middle-east\/explainer-the-iranian-armed-forces\/\" target=\"_blank\" rel=\"nofollow noopener\">tr\u012bs strukt\u016br\u0101m<\/a>, kuras pak\u013cautas H\u0101menej\u012b.<\/p>\n<p style=\"margin-left:0cm; margin-right:0cm\">Viena no t\u0101m ir valsts armija. T\u0101 sast\u0101v no sauszemes, j\u016bras, gaisa un gaisa aizsardz\u012bbas sp\u0113kiem. Medijs <a href=\"https:\/\/www.aljazeera.com\/news\/2025\/6\/15\/what-is-irans-irgc-and-who-has-israel-killed\" target=\"_blank\" rel=\"nofollow noopener\">&#8220;Al Jazeera&#8221; l\u0113\u0161<\/a>, ka kop\u0113jais valsts armij\u0101 dien\u0113jo\u0161o skaits ir ap 420\u00a0000 cilv\u0113ku.<\/p>\n<p style=\"margin-left:0cm; margin-right:0cm\">Otr\u0101 strukt\u016bra ir IRGC, kuras vad\u012bbu iece\u013c un kontrol\u0113 H\u0101menej\u012b. IRGC ir savi sauszemes, gaisa un j\u016bras sp\u0113ki. K\u0101 ar\u012b taj\u0101 tiek ofici\u0101li ieskait\u012bti &#8220;Basid\u017e&#8221; un &#8220;Quds&#8221; dal\u012bbnieki.<\/p>\n<blockquote>\n<p style=\"margin-left:0cm; margin-right:0cm\">Kopum\u0101 IRGC akt\u012bvi dien\u0113 ap 640\u00a0000 cilv\u0113ku, tom\u0113r, ja ieskaita\u00a0rezerv\u0113 eso\u0161os, tad IRGC dien\u0113jo\u0161o skaits var sasniegt 1\u00a0060\u00a0000.<\/p>\n<\/blockquote>\n<p style=\"margin-left:0cm; margin-right:0cm\">2025. gada 12 dienu kar\u0101 Izra\u0113la, veicot gaisa triecienus Ir\u0101nai, nogalin\u0101ja IRGC komandieri Huseinu Salami. H\u0101menej\u012b par jauno IRGC vad\u012bt\u0101ju iec\u0113la Ir\u0101nas un Ir\u0101kas kara veter\u0101nu Muhammadu Pakpuru.<\/p>\n<p style=\"margin-left:0cm; margin-right:0cm\">Tre\u0161\u0101 strukt\u016bra ir Ir\u0101nas ties\u012bbaizsardz\u012bbas sp\u0113ki, kuru\u00a0p\u0101rvald\u012bb\u0101 ir vair\u0101kas strukt\u016bras, tostarp, robe\u017esargi un policija. T\u0101 ir galven\u0101 Ir\u0101nas iek\u0161\u0113j\u0101s dro\u0161\u012bbas un ties\u012bbaizsardz\u012bbas strukt\u016bra, kura galvenie uzdevumi ir nodro\u0161in\u0101t policijas pakalpojumus.<\/p>\n<p><a id=\"4\" name=\"4\">IRGC piedal\u0101s protestu\u00a0Ir\u0101n\u0101 apspie\u0161an\u0101<\/a><\/p>\n<p style=\"margin-left:0cm; margin-right:0cm\">Ir\u0101n\u0101 nu jau tre\u0161o ned\u0113\u013cu rit protesti pret valdo\u0161o re\u017e\u012bmu.<\/p>\n<p style=\"margin-left:0cm; margin-right:0cm\">T\u0101 k\u0101 IRGC nodro\u0161ina re\u017e\u012bma izdz\u012bvo\u0161anu, tad tas ie\u0146em ar\u012b centr\u0101lo lomu protest\u0113t\u0101ju apspie\u0161an\u0101 un sod\u012b\u0161an\u0101.<\/p>\n<p>&#8220;Vi\u0146iem ir galven\u0101 loma represij\u0101s, jo \u0161odien, vair\u0101k nek\u0101 jebkad agr\u0101k, vi\u0146i ir re\u017e\u012bma balsts, t\u0101 nep\u0101rtraukt\u012bbas un izdz\u012bvo\u0161anas balsts,&#8221; zi\u0146u a\u0123ent\u016brai AFP sac\u012bja\u00a0\u017dana \u017doresa fonda p\u0113tnieks Deivids Halfa.<\/p>\n<p style=\"margin-left:0cm; margin-right:0cm\">S\u0101kotn\u0113ji\u00a0IRGC tie\u0161\u0101 veid\u0101 neiesaist\u012bj\u0101s protestu apspie\u0161an\u0101, cerot, ka to izdosies pan\u0101kt\u00a0&#8220;Basid\u017e&#8221; un viet\u0113jiem dro\u0161\u012bbas sp\u0113kiem, tom\u0113r, protestiem nerimstot, <a href=\"http:\/\/understandingwar.org\/research\/middle-east\/iran-update-january-13-2026\/\" target=\"_blank\" rel=\"nofollow noopener\">I<\/a><a href=\"https:\/\/understandingwar.org\/research\/middle-east\/iran-update-january-13-2026\/\" target=\"_blank\" rel=\"nofollow noopener\">RGC da\u017e\u0101s pils\u0113t\u0101s<\/a> iesaist\u012bja ar\u012b savus sauszemes sp\u0113kus.<\/p>\n<p style=\"margin-left:0cm; margin-right:0cm\">Tom\u0113r\u00a0&#8220;vi\u0146i jau kop\u0161 pa\u0161a s\u0101kuma\u00a0ir vad\u012bju\u0161i repres\u012bvo apar\u0101tu&#8221;, uzskata Halfa.<\/p>\n<p style=\"margin-left:0cm; margin-right:0cm\">Protestu aculiecinieki Lielbrit\u0101nijas raidorganiz\u0101cijai BBC <a href=\"https:\/\/www.bbc.com\/news\/articles\/cvgp70ynx1po\" target=\"_blank\" rel=\"nofollow noopener\">atkl\u0101ja<\/a>, ka &#8220;Basid\u017e&#8221; dal\u012bbnieki bija ap\u0161aud\u012bju\u0161i protest\u0113t\u0101jus, vair\u0101kus nogalinot.<\/p>\n<p>                    Valodas k\u013c\u016bda rakst\u0101?<\/p>\n<p class=\"d-none d-md-block\">Iez\u012bm\u0113jiet tekstu un spiediet Ctrl+Enter, lai nos\u016bt\u012btu labojamo teksta fragmentu redaktoram! Par faktu k\u013c\u016bd\u0101m l\u016bdzam zi\u0146ot e-past\u0101 <a href=\"https:\/\/www.lsm.lv\/cdn-cgi\/l\/email-protection\" class=\"__cf_email__\" data-cfemail=\"bdcfd8d9dcd6ded4d7dcfdd1ced093d1cb\" rel=\"nofollow noopener\" target=\"_blank\">[email\u00a0protected]<\/a>.<\/p>\n<p class=\"d-md-none\">Iez\u012bm\u0113jiet tekstu un spiediet uz Zi\u0146ot par k\u013c\u016bdu pogas, lai nos\u016bt\u012btu labojamo teksta fragmentu redaktoram!<\/p>\n<p>\n                    Zi\u0146ot par k\u013c\u016bdu\n                <\/p>\n","protected":false},"excerpt":{"rendered":"Turpinoties tre\u0161ajai protestu ned\u0113\u013cai, Ir\u0101nas vald\u012bba sol\u012bjusi bargi sod\u012bt visus protest\u0113t\u0101jus, piesprie\u017eot ar\u012b n\u0101vessodus. Tikm\u0113r akt\u012bvistu organiz\u0101cijas zi\u0146o,&hellip;\n","protected":false},"author":2,"featured_media":104432,"comment_status":"","ping_status":"","sticky":false,"template":"","format":"standard","meta":{"footnotes":""},"categories":[5],"tags":[23,28,29,32,33,22,30,31,35,39,38,36,37,34,40,20,26,27,24,25,21],"class_list":{"0":"post-104431","1":"post","2":"type-post","3":"status-publish","4":"format-standard","5":"has-post-thumbnail","7":"category-aktualitates","8":"tag-aktualitates","9":"tag-breaking-news","10":"tag-breakingnews","11":"tag-featured-news","12":"tag-featurednews","13":"tag-headlines","14":"tag-latest-news","15":"tag-latestnews","16":"tag-latvia","17":"tag-latvian","18":"tag-latviesu","19":"tag-latviesu-valoda","20":"tag-latviesuvaloda","21":"tag-latvija","22":"tag-lv","23":"tag-news","24":"tag-popularakas-zinas","25":"tag-popularakaszinas","26":"tag-top-stories","27":"tag-topstories","28":"tag-zinas"},"share_on_mastodon":{"url":"https:\/\/pubeurope.com\/@lv\/115893916414435778","error":""},"_links":{"self":[{"href":"https:\/\/www.europesays.com\/lv\/wp-json\/wp\/v2\/posts\/104431","targetHints":{"allow":["GET"]}}],"collection":[{"href":"https:\/\/www.europesays.com\/lv\/wp-json\/wp\/v2\/posts"}],"about":[{"href":"https:\/\/www.europesays.com\/lv\/wp-json\/wp\/v2\/types\/post"}],"author":[{"embeddable":true,"href":"https:\/\/www.europesays.com\/lv\/wp-json\/wp\/v2\/users\/2"}],"replies":[{"embeddable":true,"href":"https:\/\/www.europesays.com\/lv\/wp-json\/wp\/v2\/comments?post=104431"}],"version-history":[{"count":0,"href":"https:\/\/www.europesays.com\/lv\/wp-json\/wp\/v2\/posts\/104431\/revisions"}],"wp:featuredmedia":[{"embeddable":true,"href":"https:\/\/www.europesays.com\/lv\/wp-json\/wp\/v2\/media\/104432"}],"wp:attachment":[{"href":"https:\/\/www.europesays.com\/lv\/wp-json\/wp\/v2\/media?parent=104431"}],"wp:term":[{"taxonomy":"category","embeddable":true,"href":"https:\/\/www.europesays.com\/lv\/wp-json\/wp\/v2\/categories?post=104431"},{"taxonomy":"post_tag","embeddable":true,"href":"https:\/\/www.europesays.com\/lv\/wp-json\/wp\/v2\/tags?post=104431"}],"curies":[{"name":"wp","href":"https:\/\/api.w.org\/{rel}","templated":true}]}}