{"id":104435,"date":"2026-01-14T14:27:07","date_gmt":"2026-01-14T14:27:07","guid":{"rendered":"https:\/\/www.europesays.com\/lv\/104435\/"},"modified":"2026-01-14T14:27:07","modified_gmt":"2026-01-14T14:27:07","slug":"vef-riga-piesaista-amerikanu-saspeles-vaditaju-kurs-spelejis-rezultativi-bulgarijas-cempione","status":"publish","type":"post","link":"https:\/\/www.europesays.com\/lv\/104435\/","title":{"rendered":"&#8220;VEF R\u012bga&#8221; piesaista amerik\u0101\u0146u sasp\u0113les vad\u012bt\u0101ju, kur\u0161 sp\u0113l\u0113jis rezultat\u012bvi Bulg\u0101rijas \u010dempion\u0113"},"content":{"rendered":"<p>FIBA Eiropas kaus\u0101 vid\u0113ji sp\u0113l\u0113 Stoukss guva 16,2 punktus, izc\u012bn\u012bja 5,2 atl\u0113ku\u0161\u0101s bumbas un atdeva 4,6 rezultat\u012bvas piesp\u0113les, Bulg\u0101rijas \u010dempion\u0101t\u0101 vi\u0146am caurm\u0113r\u0101 g\u016bti 10,8 punkti un izdal\u012btas 3,8 rezultat\u012bvas piesp\u0113les, savuk\u0101rt FIBA Basketbola \u010cempionu l\u012bgas kvalifik\u0101cijas sp\u0113l\u0113 pret Tallinas \u201cKalev\/Cramo\u201d Stoukss atz\u012bm\u0113j\u0101s ar 22 g\u016btiem punktiem.<\/p>\n","protected":false},"excerpt":{"rendered":"FIBA Eiropas kaus\u0101 vid\u0113ji sp\u0113l\u0113 Stoukss guva 16,2 punktus, izc\u012bn\u012bja 5,2 atl\u0113ku\u0161\u0101s bumbas un atdeva 4,6 rezultat\u012bvas piesp\u0113les,&hellip;\n","protected":false},"author":2,"featured_media":104436,"comment_status":"","ping_status":"","sticky":false,"template":"","format":"standard","meta":{"footnotes":""},"categories":[17],"tags":[35,39,38,36,37,34,40,67],"class_list":{"0":"post-104435","1":"post","2":"type-post","3":"status-publish","4":"format-standard","5":"has-post-thumbnail","7":"category-sports","8":"tag-latvia","9":"tag-latvian","10":"tag-latviesu","11":"tag-latviesu-valoda","12":"tag-latviesuvaloda","13":"tag-latvija","14":"tag-lv","15":"tag-sports"},"share_on_mastodon":{"url":"https:\/\/pubeurope.com\/@lv\/115893924276312375","error":""},"_links":{"self":[{"href":"https:\/\/www.europesays.com\/lv\/wp-json\/wp\/v2\/posts\/104435","targetHints":{"allow":["GET"]}}],"collection":[{"href":"https:\/\/www.europesays.com\/lv\/wp-json\/wp\/v2\/posts"}],"about":[{"href":"https:\/\/www.europesays.com\/lv\/wp-json\/wp\/v2\/types\/post"}],"author":[{"embeddable":true,"href":"https:\/\/www.europesays.com\/lv\/wp-json\/wp\/v2\/users\/2"}],"replies":[{"embeddable":true,"href":"https:\/\/www.europesays.com\/lv\/wp-json\/wp\/v2\/comments?post=104435"}],"version-history":[{"count":0,"href":"https:\/\/www.europesays.com\/lv\/wp-json\/wp\/v2\/posts\/104435\/revisions"}],"wp:featuredmedia":[{"embeddable":true,"href":"https:\/\/www.europesays.com\/lv\/wp-json\/wp\/v2\/media\/104436"}],"wp:attachment":[{"href":"https:\/\/www.europesays.com\/lv\/wp-json\/wp\/v2\/media?parent=104435"}],"wp:term":[{"taxonomy":"category","embeddable":true,"href":"https:\/\/www.europesays.com\/lv\/wp-json\/wp\/v2\/categories?post=104435"},{"taxonomy":"post_tag","embeddable":true,"href":"https:\/\/www.europesays.com\/lv\/wp-json\/wp\/v2\/tags?post=104435"}],"curies":[{"name":"wp","href":"https:\/\/api.w.org\/{rel}","templated":true}]}}