{"id":104438,"date":"2026-01-14T14:29:09","date_gmt":"2026-01-14T14:29:09","guid":{"rendered":"https:\/\/www.europesays.com\/lv\/104438\/"},"modified":"2026-01-14T14:29:09","modified_gmt":"2026-01-14T14:29:09","slug":"asv-veselibas-ministrs-kenedijs-brinas-ka-tramps-vel-ir-dzivs","status":"publish","type":"post","link":"https:\/\/www.europesays.com\/lv\/104438\/","title":{"rendered":"ASV vesel\u012bbas ministrs Kenedijs br\u012bn\u0101s, k\u0101 Tramps v\u0113l ir dz\u012bvs"},"content":{"rendered":"<p style=\"margin-bottom:11px\">Piedaloties \u013coti lielu ietekmi baudo\u0161\u0101 Balt\u0101 nama person\u0101la vad\u012bt\u0101ja vietnieka St\u012bvena Millera sievas Keitijas Milleres podk\u0101st\u0101, Kenedijs nor\u0101d\u012bja, ka \u013caud\u012bm var rasties iespaids, ka Tramps to vien dara, k\u0101 pat\u0113r\u0113 nevesel\u012bgu p\u0101rtiku. \u201cAr vi\u0146u ce\u013cojo\u0161ie cilv\u0113ki dom\u0101, ka vi\u0146\u0161 visu dienu sevi pump\u0113 ar indi,\u201d sac\u012bja Kenedijs. \u201cVi\u0146\u0161 \u0113d patie\u0161\u0101m \u013coti sliktu p\u0101rtiku, \u201cMcDonald\u2019s\u201d, vi\u0146\u0161 visu laiku dzer di\u0113tisko kolu.\u201d<\/p>\n","protected":false},"excerpt":{"rendered":"Piedaloties \u013coti lielu ietekmi baudo\u0161\u0101 Balt\u0101 nama person\u0101la vad\u012bt\u0101ja vietnieka St\u012bvena Millera sievas Keitijas Milleres podk\u0101st\u0101, Kenedijs nor\u0101d\u012bja,&hellip;\n","protected":false},"author":2,"featured_media":104439,"comment_status":"","ping_status":"","sticky":false,"template":"","format":"standard","meta":{"footnotes":""},"categories":[14],"tags":[23,57,28,29,32,33,22,30,31,35,39,38,36,37,34,40,20,26,27,24,25,54,55,56,21,58],"class_list":{"0":"post-104438","1":"post","2":"type-post","3":"status-publish","4":"format-standard","5":"has-post-thumbnail","7":"category-zinas-no-arvalstim","8":"tag-aktualitates","9":"tag-arvalstim","10":"tag-breaking-news","11":"tag-breakingnews","12":"tag-featured-news","13":"tag-featurednews","14":"tag-headlines","15":"tag-latest-news","16":"tag-latestnews","17":"tag-latvia","18":"tag-latvian","19":"tag-latviesu","20":"tag-latviesu-valoda","21":"tag-latviesuvaloda","22":"tag-latvija","23":"tag-lv","24":"tag-news","25":"tag-popularakas-zinas","26":"tag-popularakaszinas","27":"tag-top-stories","28":"tag-topstories","29":"tag-world","30":"tag-world-news","31":"tag-worldnews","32":"tag-zinas","33":"tag-zinas-no-arvalstim"},"share_on_mastodon":{"url":"https:\/\/pubeurope.com\/@lv\/115893932124383229","error":""},"_links":{"self":[{"href":"https:\/\/www.europesays.com\/lv\/wp-json\/wp\/v2\/posts\/104438","targetHints":{"allow":["GET"]}}],"collection":[{"href":"https:\/\/www.europesays.com\/lv\/wp-json\/wp\/v2\/posts"}],"about":[{"href":"https:\/\/www.europesays.com\/lv\/wp-json\/wp\/v2\/types\/post"}],"author":[{"embeddable":true,"href":"https:\/\/www.europesays.com\/lv\/wp-json\/wp\/v2\/users\/2"}],"replies":[{"embeddable":true,"href":"https:\/\/www.europesays.com\/lv\/wp-json\/wp\/v2\/comments?post=104438"}],"version-history":[{"count":0,"href":"https:\/\/www.europesays.com\/lv\/wp-json\/wp\/v2\/posts\/104438\/revisions"}],"wp:featuredmedia":[{"embeddable":true,"href":"https:\/\/www.europesays.com\/lv\/wp-json\/wp\/v2\/media\/104439"}],"wp:attachment":[{"href":"https:\/\/www.europesays.com\/lv\/wp-json\/wp\/v2\/media?parent=104438"}],"wp:term":[{"taxonomy":"category","embeddable":true,"href":"https:\/\/www.europesays.com\/lv\/wp-json\/wp\/v2\/categories?post=104438"},{"taxonomy":"post_tag","embeddable":true,"href":"https:\/\/www.europesays.com\/lv\/wp-json\/wp\/v2\/tags?post=104438"}],"curies":[{"name":"wp","href":"https:\/\/api.w.org\/{rel}","templated":true}]}}