{"id":104440,"date":"2026-01-14T14:30:07","date_gmt":"2026-01-14T14:30:07","guid":{"rendered":"https:\/\/www.europesays.com\/lv\/104440\/"},"modified":"2026-01-14T14:30:07","modified_gmt":"2026-01-14T14:30:07","slug":"rehabilitacijas-centru-vaivari-vadis-vinkele","status":"publish","type":"post","link":"https:\/\/www.europesays.com\/lv\/104440\/","title":{"rendered":"Rehabilit\u0101cijas centru &#8220;Vaivari&#8221; vad\u012bs Vi\u0146\u0137ele"},"content":{"rendered":"<p>Konkurs\u0101 uz &#8220;Vaivaru&#8221; valdes priek\u0161s\u0113d\u0113t\u0101jas amatu ar kompetenci p\u0101rmai\u0146u vad\u012bb\u0101 un att\u012bst\u012bb\u0101 kopum\u0101 tika sa\u0146emti desmit pretendentu pieteikumi, inform\u0113 VM. Amata kandid\u0101tu atlasei un nov\u0113rt\u0113\u0161anai tika izveidota nomin\u0101cijas komisija, kuras sast\u0101v\u0101 bija p\u0101rst\u0101vji no VM, Valsts kancelejas, k\u0101 ar\u012b neatkar\u012bgie eksperti no Latvijas Jauno \u0101rstu asoci\u0101cijas un Latvijas \u0100rstu biedr\u012bbas.<\/p>\n<p>VM izce\u013c, ka Vi\u0146\u0137elei ir pla\u0161a profesion\u0101l\u0101 pieredze vesel\u012bbas nozar\u0113 valsts un priv\u0101taj\u0101 sektor\u0101, k\u0101 ar\u012b akad\u0113miskaj\u0101 vid\u0113.<\/p>\n<p>P\u0113d\u0113jos gados vi\u0146a str\u0101d\u0101jusi Z\u0101\u013cu valsts a\u0123ent\u016br\u0101 par Z\u0101\u013cu dro\u0161uma noda\u013cas vad\u012bt\u0101ju. Vi\u0146\u0137ele ir doc\u0113t\u0101ja R\u012bgas Stradi\u0146a universit\u0101tes Sarkan\u0101 Krusta koled\u017e\u0101, k\u0101 ar\u012b Ukrainas medi\u0137u atbalstam iesaist\u012bta Ukrainas Vesel\u012bbas ministrijas valsts kapit\u0101lsabiedr\u012bbas &#8220;Ukrainas medic\u012bniskie iepirkumi&#8221; (MZU, Medzakupivli Ukrainy) darb\u0101.<\/p>\n<p>Priv\u0101taj\u0101 sektor\u0101 vi\u0146a ie\u0146\u0113musi vado\u0161us amatus vair\u0101kos uz\u0146\u0113mumos, kuros bijusi atbild\u012bga par organiz\u0101ciju procesu un p\u0101rvald\u012bbas pilnveidi, cilv\u0113kresursu vad\u012bbu, digit\u0101lo risin\u0101jumu ievie\u0161anu, k\u0101 ar\u012b iek\u0161\u0113j\u0101s kontroles stiprin\u0101\u0161anu. Vi\u0146ai ir pieredze ar\u012b apjom\u012bgu Eiropas Savien\u012bbas fondu projektu \u012bsteno\u0161an\u0101, izv\u0113li pamato VM.<\/p>\n","protected":false},"excerpt":{"rendered":"Konkurs\u0101 uz &#8220;Vaivaru&#8221; valdes priek\u0161s\u0113d\u0113t\u0101jas amatu ar kompetenci p\u0101rmai\u0146u vad\u012bb\u0101 un att\u012bst\u012bb\u0101 kopum\u0101 tika sa\u0146emti desmit pretendentu pieteikumi,&hellip;\n","protected":false},"author":2,"featured_media":104441,"comment_status":"","ping_status":"","sticky":false,"template":"","format":"standard","meta":{"footnotes":""},"categories":[12],"tags":[23,28,29,32,33,22,25116,30,31,35,39,38,36,37,34,40,20,26,27,24,25,25115,787,1454,21],"class_list":{"0":"post-104440","1":"post","2":"type-post","3":"status-publish","4":"format-standard","5":"has-post-thumbnail","7":"category-latvija","8":"tag-aktualitates","9":"tag-breaking-news","10":"tag-breakingnews","11":"tag-featured-news","12":"tag-featurednews","13":"tag-headlines","14":"tag-ilze-vinkele","15":"tag-latest-news","16":"tag-latestnews","17":"tag-latvia","18":"tag-latvian","19":"tag-latviesu","20":"tag-latviesu-valoda","21":"tag-latviesuvaloda","22":"tag-latvija","23":"tag-lv","24":"tag-news","25":"tag-popularakas-zinas","26":"tag-popularakaszinas","27":"tag-top-stories","28":"tag-topstories","29":"tag-vaivari","30":"tag-veselibas-aprupe","31":"tag-veselibas-ministrija","32":"tag-zinas"},"share_on_mastodon":{"url":"https:\/\/pubeurope.com\/@lv\/115893936038122758","error":""},"_links":{"self":[{"href":"https:\/\/www.europesays.com\/lv\/wp-json\/wp\/v2\/posts\/104440","targetHints":{"allow":["GET"]}}],"collection":[{"href":"https:\/\/www.europesays.com\/lv\/wp-json\/wp\/v2\/posts"}],"about":[{"href":"https:\/\/www.europesays.com\/lv\/wp-json\/wp\/v2\/types\/post"}],"author":[{"embeddable":true,"href":"https:\/\/www.europesays.com\/lv\/wp-json\/wp\/v2\/users\/2"}],"replies":[{"embeddable":true,"href":"https:\/\/www.europesays.com\/lv\/wp-json\/wp\/v2\/comments?post=104440"}],"version-history":[{"count":0,"href":"https:\/\/www.europesays.com\/lv\/wp-json\/wp\/v2\/posts\/104440\/revisions"}],"wp:featuredmedia":[{"embeddable":true,"href":"https:\/\/www.europesays.com\/lv\/wp-json\/wp\/v2\/media\/104441"}],"wp:attachment":[{"href":"https:\/\/www.europesays.com\/lv\/wp-json\/wp\/v2\/media?parent=104440"}],"wp:term":[{"taxonomy":"category","embeddable":true,"href":"https:\/\/www.europesays.com\/lv\/wp-json\/wp\/v2\/categories?post=104440"},{"taxonomy":"post_tag","embeddable":true,"href":"https:\/\/www.europesays.com\/lv\/wp-json\/wp\/v2\/tags?post=104440"}],"curies":[{"name":"wp","href":"https:\/\/api.w.org\/{rel}","templated":true}]}}