{"id":104442,"date":"2026-01-14T14:31:08","date_gmt":"2026-01-14T14:31:08","guid":{"rendered":"https:\/\/www.europesays.com\/lv\/104442\/"},"modified":"2026-01-14T14:31:08","modified_gmt":"2026-01-14T14:31:08","slug":"kadam-noteikti-jauznemas-atbildiba-par-rail-baltica-pali-daugava","status":"publish","type":"post","link":"https:\/\/www.europesays.com\/lv\/104442\/","title":{"rendered":"K\u0101dam noteikti j\u0101uz\u0146emas atbild\u012bba par &#8220;Rail Baltica&#8221; p\u0101li Daugav\u0101"},"content":{"rendered":"<p>&#8220;Es nezinu, k\u0101p\u0113c k\u0101ds ir bijis tik intereses bag\u0101ts un ir izdom\u0101jis, ka vispirms kaut kur ir j\u0101izveido \u0161ie p\u0101\u013ci,&#8221; teica Sili\u0146a, piebilstot, ka t\u0101 noteikti notiek ar\u012b b\u016bvniec\u012bba.<\/p>\n<p>P\u0113c premjeres sac\u012bt\u0101 noprotams, ka vi\u0146a ir pras\u012bjusi satiksmes ministram apr\u0113\u0137in\u0101t, cik izmaks\u0101tu nepiecie\u0161amie risin\u0101jumi balsta iekonserv\u0113\u0161anai, bet apr\u0113\u0137ins v\u0113l nav veikts.<\/p>\n<p>&#8220;Bet t\u0101pat notiek ar\u012b izmekl\u0113\u0161ana par &#8220;Rail Baltic&#8221;, jo es piln\u012bgi piekr\u012btu, ka nevienam vien ir j\u0101uz\u0146emas atbild\u012bba par to, k\u0101d\u0101 veid\u0101 \u0161is projekts ir vad\u012bts,&#8221; uzsv\u0113ra Sili\u0146a.<\/p>\n<p>Projektu vada gan &#8220;Rail Baltica&#8221; ievies\u0113js Latvij\u0101 &#8220;Eiropas dzelzce\u013ca l\u012bnijas&#8221;, gan &#8220;RB Rail&#8221;, gan Satiksmes ministrija, kura ir bijusi ilgsto\u0161i atbild\u012bga par \u0161o projektu, nor\u0101d\u012bja Sili\u0146a. &#8220;Un \u0161aj\u0101 projekt\u0101 ir bijis \u013coti daudz mened\u017eeru, projektu vad\u012bt\u0101ju, kuri ir sa\u0146\u0113mu\u0161i konkur\u0113tsp\u0113j\u012bgu, labu atalgojumu. Es dom\u0101ju, ka ar\u012b vi\u0146iem ir j\u0101sp\u0113j izskaidrot, k\u0101p\u0113c ir radu\u0161ies \u0161\u0101di l\u0113mumi, kuru rezult\u0101t\u0101 mums ir \u0161\u0101di p\u0101\u013ci,&#8221; teica premjere.<\/p>\n","protected":false},"excerpt":{"rendered":"&#8220;Es nezinu, k\u0101p\u0113c k\u0101ds ir bijis tik intereses bag\u0101ts un ir izdom\u0101jis, ka vispirms kaut kur ir j\u0101izveido&hellip;\n","protected":false},"author":2,"featured_media":104415,"comment_status":"","ping_status":"","sticky":false,"template":"","format":"standard","meta":{"footnotes":""},"categories":[5],"tags":[23,28,29,32,33,22,30,31,35,39,38,36,37,34,40,20,26,27,948,24,25,4882,21],"class_list":{"0":"post-104442","1":"post","2":"type-post","3":"status-publish","4":"format-standard","5":"has-post-thumbnail","7":"category-aktualitates","8":"tag-aktualitates","9":"tag-breaking-news","10":"tag-breakingnews","11":"tag-featured-news","12":"tag-featurednews","13":"tag-headlines","14":"tag-latest-news","15":"tag-latestnews","16":"tag-latvia","17":"tag-latvian","18":"tag-latviesu","19":"tag-latviesu-valoda","20":"tag-latviesuvaloda","21":"tag-latvija","22":"tag-lv","23":"tag-news","24":"tag-popularakas-zinas","25":"tag-popularakaszinas","26":"tag-rail-baltica","27":"tag-top-stories","28":"tag-topstories","29":"tag-transports-un-logistika","30":"tag-zinas"},"share_on_mastodon":{"url":"https:\/\/pubeurope.com\/@lv\/115893940044950713","error":""},"_links":{"self":[{"href":"https:\/\/www.europesays.com\/lv\/wp-json\/wp\/v2\/posts\/104442","targetHints":{"allow":["GET"]}}],"collection":[{"href":"https:\/\/www.europesays.com\/lv\/wp-json\/wp\/v2\/posts"}],"about":[{"href":"https:\/\/www.europesays.com\/lv\/wp-json\/wp\/v2\/types\/post"}],"author":[{"embeddable":true,"href":"https:\/\/www.europesays.com\/lv\/wp-json\/wp\/v2\/users\/2"}],"replies":[{"embeddable":true,"href":"https:\/\/www.europesays.com\/lv\/wp-json\/wp\/v2\/comments?post=104442"}],"version-history":[{"count":0,"href":"https:\/\/www.europesays.com\/lv\/wp-json\/wp\/v2\/posts\/104442\/revisions"}],"wp:featuredmedia":[{"embeddable":true,"href":"https:\/\/www.europesays.com\/lv\/wp-json\/wp\/v2\/media\/104415"}],"wp:attachment":[{"href":"https:\/\/www.europesays.com\/lv\/wp-json\/wp\/v2\/media?parent=104442"}],"wp:term":[{"taxonomy":"category","embeddable":true,"href":"https:\/\/www.europesays.com\/lv\/wp-json\/wp\/v2\/categories?post=104442"},{"taxonomy":"post_tag","embeddable":true,"href":"https:\/\/www.europesays.com\/lv\/wp-json\/wp\/v2\/tags?post=104442"}],"curies":[{"name":"wp","href":"https:\/\/api.w.org\/{rel}","templated":true}]}}