{"id":104443,"date":"2026-01-14T14:32:07","date_gmt":"2026-01-14T14:32:07","guid":{"rendered":"https:\/\/www.europesays.com\/lv\/104443\/"},"modified":"2026-01-14T14:32:07","modified_gmt":"2026-01-14T14:32:07","slug":"keguma-notiks-jaunas-filmas-tumszilais-evangelijs-seanss-un-tiksanas-ar-filma-iesaistitajiem-aktieriem-no-keguma","status":"publish","type":"post","link":"https:\/\/www.europesays.com\/lv\/104443\/","title":{"rendered":"\u0136egum\u0101 notiks jaun\u0101s filmas \u201cTum\u0161zilais evan\u0123\u0113lijs\u201d seanss un tik\u0161an\u0101s ar film\u0101 iesaist\u012btajiem aktieriem no \u0136eguma"},"content":{"rendered":"<p>25. janv\u0101r\u012b \u0136eguma Tautas nam\u0101 notiks jaunas sp\u0113lfilmas seanss, ko veidoju\u0161i popul\u0101r\u0101s filmas \u201cKrimin\u0101l\u0101s ekselences fonds\u201d rado\u0161\u0101s komandas p\u0101rst\u0101vji. Filma skat\u012bt\u0101jus aizved\u012bs uz 20. gadsimta 90. gadu vidu, atkl\u0101jot krimin\u0101l\u0101s pasaules un likumsargu ikdienu t\u0101 laika R\u012bg\u0101.<\/p>\n<p>Filmas si\u017eeta centr\u0101 ir jauns krimin\u0101lpolicijas izmekl\u0113t\u0101js Rom\u0101ns Skulte, kur\u0161 uzs\u0101k darbu R\u012bgas policijas iecirkn\u012b. S\u0101kotn\u0113ji ide\u0101lisma un entuziasma pilns, Skulte dr\u012bz vien sastopas ar realit\u0101ti, kur\u0101 taisn\u012bgums un likums ne vienm\u0113r iet roku rok\u0101. Lai st\u0101tos pret\u012b noziedz\u012bgajai videi, galvenajam varonim n\u0101kas pie\u0146emt sare\u017e\u0123\u012btus l\u0113mumus, p\u0101rk\u0101pjot gan noteikumus, gan savus person\u012bgos principus.<\/p>\n<p>Pirms filmas seansa, plkst. 14.30, notiks \u012bpa\u0161a tik\u0161an\u0101s ar \u0137egumie\u0161iem Viesturu Berkmani- Arvja Mi\u0137elsona lomas atveidot\u0101ju, Oskaru \u010codoru, Andri Grisli un Kasparu Lablaiku, kuri piedal\u012bju\u0161ies filmas tap\u0161an\u0101. Tik\u0161an\u0101s laik\u0101 apmekl\u0113t\u0101jiem b\u016bs iesp\u0113ja uzzin\u0101t par darbu kino industrij\u0101, film\u0113\u0161anas procesa aizkulis\u0113m un person\u012bgo pieredzi, str\u0101d\u0101jot pie \u0161\u012b projekta. Sarunu vad\u012bs Andris Krauja. <\/p>\n<p>Pas\u0101kums pied\u0101v\u0101 ne tikai iesp\u0113ju noskat\u012bties jauno latvie\u0161u kino darbu, bet ar\u012b kl\u0101tien\u0113 satikt cilv\u0113kus, kuri piedal\u012bju\u0161ies t\u0101 tap\u0161an\u0101.<\/p>\n<p>Bi\u013ce\u0161u cena 3,00 EUR, bi\u013cetes iesp\u0113jams ieg\u0101d\u0101ties \u0136eguma Tautas nama kas\u0113, darba laik\u0101. <\/p>\n<p>Aicin\u0101ti visi interesenti.<\/p>\n","protected":false},"excerpt":{"rendered":"25. janv\u0101r\u012b \u0136eguma Tautas nam\u0101 notiks jaunas sp\u0113lfilmas seanss, ko veidoju\u0161i popul\u0101r\u0101s filmas \u201cKrimin\u0101l\u0101s ekselences fonds\u201d rado\u0161\u0101s komandas&hellip;\n","protected":false},"author":2,"featured_media":104444,"comment_status":"","ping_status":"","sticky":false,"template":"","format":"standard","meta":{"footnotes":""},"categories":[19],"tags":[89,90,35,39,38,36,37,34,40],"class_list":{"0":"post-104443","1":"post","2":"type-post","3":"status-publish","4":"format-standard","5":"has-post-thumbnail","7":"category-izklaide","8":"tag-entertainment","9":"tag-izklaide","10":"tag-latvia","11":"tag-latvian","12":"tag-latviesu","13":"tag-latviesu-valoda","14":"tag-latviesuvaloda","15":"tag-latvija","16":"tag-lv"},"share_on_mastodon":{"url":"https:\/\/pubeurope.com\/@lv\/115893943856349580","error":""},"_links":{"self":[{"href":"https:\/\/www.europesays.com\/lv\/wp-json\/wp\/v2\/posts\/104443","targetHints":{"allow":["GET"]}}],"collection":[{"href":"https:\/\/www.europesays.com\/lv\/wp-json\/wp\/v2\/posts"}],"about":[{"href":"https:\/\/www.europesays.com\/lv\/wp-json\/wp\/v2\/types\/post"}],"author":[{"embeddable":true,"href":"https:\/\/www.europesays.com\/lv\/wp-json\/wp\/v2\/users\/2"}],"replies":[{"embeddable":true,"href":"https:\/\/www.europesays.com\/lv\/wp-json\/wp\/v2\/comments?post=104443"}],"version-history":[{"count":0,"href":"https:\/\/www.europesays.com\/lv\/wp-json\/wp\/v2\/posts\/104443\/revisions"}],"wp:featuredmedia":[{"embeddable":true,"href":"https:\/\/www.europesays.com\/lv\/wp-json\/wp\/v2\/media\/104444"}],"wp:attachment":[{"href":"https:\/\/www.europesays.com\/lv\/wp-json\/wp\/v2\/media?parent=104443"}],"wp:term":[{"taxonomy":"category","embeddable":true,"href":"https:\/\/www.europesays.com\/lv\/wp-json\/wp\/v2\/categories?post=104443"},{"taxonomy":"post_tag","embeddable":true,"href":"https:\/\/www.europesays.com\/lv\/wp-json\/wp\/v2\/tags?post=104443"}],"curies":[{"name":"wp","href":"https:\/\/api.w.org\/{rel}","templated":true}]}}