{"id":104447,"date":"2026-01-14T14:36:08","date_gmt":"2026-01-14T14:36:08","guid":{"rendered":"https:\/\/www.europesays.com\/lv\/104447\/"},"modified":"2026-01-14T14:36:08","modified_gmt":"2026-01-14T14:36:08","slug":"jauniesiem-daugavpili-pieejamas-bezmaksas-psihologiska-atbalsta-nodarbibas","status":"publish","type":"post","link":"https:\/\/www.europesays.com\/lv\/104447\/","title":{"rendered":"Jaunie\u0161iem Daugavpil\u012b pieejamas bezmaksas psiholo\u0123isk\u0101 atbalsta nodarb\u012bbas"},"content":{"rendered":"<p>Daugavpils pa\u0161vald\u012bba pied\u0101v\u0101 bezmaksas psiholo\u0123isk\u0101 atbalsta nodarb\u012bbu cikls jaunie\u0161iem vecum\u0101 no 13 l\u012bdz 25 gadiem, kuri saskaras ar atkar\u012bb\u0101m vai riskantu vielu lieto\u0161anu un v\u0113las sa\u0146emt dro\u0161u, profesion\u0101lu un saproto\u0161u atbalstu. Cikls sast\u0101v no piec\u0101m nodarb\u012bb\u0101m, kuru m\u0113r\u0137is ir pal\u012bdz\u0113t jaunie\u0161iem lab\u0101k izprast sevi, stiprin\u0101t emocion\u0101lo notur\u012bbu un veicin\u0101t pozit\u012bvas p\u0101rmai\u0146as ikdien\u0101.<\/p>\n<p>Nodarb\u012bbas notiks maz\u0101s, uztic\u012bbas piln\u0101s grup\u0101s, kuras vad\u012bs profesion\u0101ls psihologs ar pieredzi darb\u0101 ar jaunie\u0161iem. Dal\u012bbniekiem b\u016bs iesp\u0113ja dro\u0161\u0101 vid\u0113 run\u0101t par sav\u0101m gr\u016bt\u012bb\u0101m bez nosod\u012bjuma, lab\u0101k izprast savas emocijas un to ietekmi uz r\u012bc\u012bbu, apg\u016bt prasmes stresa p\u0101rvar\u0113\u0161anai un robe\u017eu noteik\u0161anai, k\u0101 ar\u012b rast motiv\u0101ciju p\u0101rmai\u0146\u0101m. Grupas form\u0101ts \u013cauj satikt citus jaunie\u0161us ar l\u012bdz\u012bgu pieredzi un sajust, ka \u0161aj\u0101 ce\u013c\u0101 nav j\u0101b\u016bt vienam.<\/p>\n<p>Atkar\u012bbu p\u0101rvar\u0113\u0161ana un vesel\u012bg\u0101ku paradumu veido\u0161ana vienatn\u0113 bie\u017ei ir sare\u017e\u0123\u012bta, savuk\u0101rt atbalsto\u0161\u0101 grup\u0101 tas k\u013c\u016bst iesp\u0113jams. \u0160\u012bs nodarb\u012bbas nav pam\u0101co\u0161as lekcijas, bet gan sarunas un praktiski uzdevumi, kas pal\u012bdz god\u012bgi iel\u016bkoties sev\u012b, justies lab\u0101k un izvirz\u012bt re\u0101lus, sasniedzamus m\u0113r\u0137us.<\/p>\n<p>Dal\u012bba nodarb\u012bb\u0101s ir bez maksas. Pieteik\u0161an\u0101s, zvanot pa t\u0101lruni 29462907 vai rakstot uz e-pastu <a href=\"https:\/\/lvportals.lv\/dienaskartiba\/mailto:elga@dmk.lv\" target=\"_blank\" rel=\"nofollow noopener\">elga@dmk.lv<\/a>.<\/p>\n<p>Nodarb\u012bbas tiek organiz\u0113tas projekta Nr. 4.1.2.2\/1\/24\/I\/017 \u201cVesela un akt\u012bva Daugavpils\u201d ietvaros ar Eiropas Savien\u012bbas fondu atbalstu.<\/p>\n<p>          <img decoding=\"async\" src=\"https:\/\/www.europesays.com\/lv\/wp-content\/uploads\/2026\/01\/1767645852_487_logo-lv.png\" alt=\"\"\/><\/p>\n<p>                  \u0160\u012b inform\u0101cija ir publisks pazi\u0146ojums un neatspogu\u013co LV port\u0101la viedokli. Par t\u0101s saturu atbild ies\u016bt\u012bt\u0101js. <a data-popup=\"rules\">Public\u0113\u0161anas noteikumi<\/a><\/p>\n","protected":false},"excerpt":{"rendered":"Daugavpils pa\u0161vald\u012bba pied\u0101v\u0101 bezmaksas psiholo\u0123isk\u0101 atbalsta nodarb\u012bbu cikls jaunie\u0161iem vecum\u0101 no 13 l\u012bdz 25 gadiem, kuri saskaras ar&hellip;\n","protected":false},"author":2,"featured_media":104448,"comment_status":"","ping_status":"","sticky":false,"template":"","format":"standard","meta":{"footnotes":""},"categories":[12],"tags":[23,28,29,32,33,22,30,31,35,39,38,36,37,34,40,20,26,27,24,25,21],"class_list":{"0":"post-104447","1":"post","2":"type-post","3":"status-publish","4":"format-standard","5":"has-post-thumbnail","7":"category-latvija","8":"tag-aktualitates","9":"tag-breaking-news","10":"tag-breakingnews","11":"tag-featured-news","12":"tag-featurednews","13":"tag-headlines","14":"tag-latest-news","15":"tag-latestnews","16":"tag-latvia","17":"tag-latvian","18":"tag-latviesu","19":"tag-latviesu-valoda","20":"tag-latviesuvaloda","21":"tag-latvija","22":"tag-lv","23":"tag-news","24":"tag-popularakas-zinas","25":"tag-popularakaszinas","26":"tag-top-stories","27":"tag-topstories","28":"tag-zinas"},"share_on_mastodon":{"url":"https:\/\/pubeurope.com\/@lv\/115893959613966027","error":""},"_links":{"self":[{"href":"https:\/\/www.europesays.com\/lv\/wp-json\/wp\/v2\/posts\/104447","targetHints":{"allow":["GET"]}}],"collection":[{"href":"https:\/\/www.europesays.com\/lv\/wp-json\/wp\/v2\/posts"}],"about":[{"href":"https:\/\/www.europesays.com\/lv\/wp-json\/wp\/v2\/types\/post"}],"author":[{"embeddable":true,"href":"https:\/\/www.europesays.com\/lv\/wp-json\/wp\/v2\/users\/2"}],"replies":[{"embeddable":true,"href":"https:\/\/www.europesays.com\/lv\/wp-json\/wp\/v2\/comments?post=104447"}],"version-history":[{"count":0,"href":"https:\/\/www.europesays.com\/lv\/wp-json\/wp\/v2\/posts\/104447\/revisions"}],"wp:featuredmedia":[{"embeddable":true,"href":"https:\/\/www.europesays.com\/lv\/wp-json\/wp\/v2\/media\/104448"}],"wp:attachment":[{"href":"https:\/\/www.europesays.com\/lv\/wp-json\/wp\/v2\/media?parent=104447"}],"wp:term":[{"taxonomy":"category","embeddable":true,"href":"https:\/\/www.europesays.com\/lv\/wp-json\/wp\/v2\/categories?post=104447"},{"taxonomy":"post_tag","embeddable":true,"href":"https:\/\/www.europesays.com\/lv\/wp-json\/wp\/v2\/tags?post=104447"}],"curies":[{"name":"wp","href":"https:\/\/api.w.org\/{rel}","templated":true}]}}