{"id":104451,"date":"2026-01-14T14:38:09","date_gmt":"2026-01-14T14:38:09","guid":{"rendered":"https:\/\/www.europesays.com\/lv\/104451\/"},"modified":"2026-01-14T14:38:09","modified_gmt":"2026-01-14T14:38:09","slug":"komiki-notiesa-par-kremla-milula-samana-parodesanu-esot-aizvainojis-visus-krievus-santa","status":"publish","type":"post","link":"https:\/\/www.europesays.com\/lv\/104451\/","title":{"rendered":"Komi\u0137i noties\u0101 par Krem\u013ca m\u012blu\u013ca \u0160amana parod\u0113\u0161anu. Esot aizvainojis visus krievus \u2014 Santa"},"content":{"rendered":"<p>\u00a0<\/p>\n<p>42 gadus vecais komi\u0137is Aleksandrs Gudkovs kritis ne\u017e\u0113last\u012bb\u0101 par to, kad YouTube publiskojis parodiju par Krem\u013ca m\u012blu\u013ca \u0160amana supethitu Es esmu krievs. Vi\u0146\u0161 izmantojis v\u0101rdu sp\u0113li, p\u0101rveidojot dziesmas tekstu. Ja ruskij (Es esmu krievs \u2013 tulk. no krievu val., santa.lv), p\u0101rtapis par Ja uzkij (Es esmu \u0161aurs \u2013 tulk. no krievu val., santa.lv). Pret vi\u0146u tika ierosin\u0101ta lieta par naida kurin\u0101\u0161anu.<\/p>\n<blockquote><p>&#13;<\/p>\n<p>\u00abPsiholo\u0123iski lingvistisk\u0101s izmekl\u0113\u0161anas rezult\u0101ti liecina, ka videoierakst\u0101 ir darb\u012bbas, kas v\u0113rstas uz cilv\u0113ka un cilv\u0113ku grupas cie\u0146as aizskar\u0161anu,<\/p>\n<p>&#13;\n<\/p><\/blockquote>\n<p>balstoties uz vi\u0146u izcel\u0161anos,\u00bb v\u0113st\u012bts tiesas l\u0113mum\u0101.<\/p>\n<p>\u00a0<\/p>\n<p>Gudkova veidotais klips tika publiskots 2022. gada august\u0101, to noskat\u012bj\u0101s vair\u0101ki miljoni cilv\u0113ku, un s\u0101k\u0101s karstas diskusijas par komi\u0137a parodiju. Pret vi\u0146u t\u016bda\u013c v\u0113rs\u0101s Valsts domes dro\u0161\u0101 interneta l\u012bgas vad\u012bt\u0101ja Jekaterina Mizu\u013cina, kura \u0161ogad k\u013cuva ar\u012b par klip\u0101 parod\u0113t\u0101 m\u016bzi\u0137a \u0160amana sievu.<\/p>\n<blockquote><p>&#13;<\/p>\n<p>Gudkovam pras\u012bja piespriest augst\u0101ko iesp\u0113jamo sodu \u2013 piecus gadus cietum\u0101.<\/p>\n<p>&#13;\n<\/p><\/blockquote>\n<p>Ta\u010du tiesa aprobe\u017eoj\u0101s ar visai pietic\u012bgu naudas sodu \u2013 120 eiro.\u00a0<\/p>\n<p>Gudkovs popularit\u0101ti iemantoja, start\u0113jot Jautro un Atjaut\u012bgo klub\u0101, p\u0113c\u0101k pievienoj\u0101s komi\u0137u \u0161ovam Vakara Ugrants, vi\u0146\u0161 ir veidojis videoklipus liel\u0101kaj\u0101m Krievijas zvaigzn\u0113m \u2013 Filipam Kirkorovam, Dimam Bilanam un citiem.<\/p>\n","protected":false},"excerpt":{"rendered":"\u00a0 42 gadus vecais komi\u0137is Aleksandrs Gudkovs kritis ne\u017e\u0113last\u012bb\u0101 par to, kad YouTube publiskojis parodiju par Krem\u013ca m\u012blu\u013ca&hellip;\n","protected":false},"author":2,"featured_media":104452,"comment_status":"","ping_status":"","sticky":false,"template":"","format":"standard","meta":{"footnotes":""},"categories":[19],"tags":[89,90,35,39,38,36,37,34,40],"class_list":{"0":"post-104451","1":"post","2":"type-post","3":"status-publish","4":"format-standard","5":"has-post-thumbnail","7":"category-izklaide","8":"tag-entertainment","9":"tag-izklaide","10":"tag-latvia","11":"tag-latvian","12":"tag-latviesu","13":"tag-latviesu-valoda","14":"tag-latviesuvaloda","15":"tag-latvija","16":"tag-lv"},"share_on_mastodon":{"url":"https:\/\/pubeurope.com\/@lv\/115893967498376352","error":""},"_links":{"self":[{"href":"https:\/\/www.europesays.com\/lv\/wp-json\/wp\/v2\/posts\/104451","targetHints":{"allow":["GET"]}}],"collection":[{"href":"https:\/\/www.europesays.com\/lv\/wp-json\/wp\/v2\/posts"}],"about":[{"href":"https:\/\/www.europesays.com\/lv\/wp-json\/wp\/v2\/types\/post"}],"author":[{"embeddable":true,"href":"https:\/\/www.europesays.com\/lv\/wp-json\/wp\/v2\/users\/2"}],"replies":[{"embeddable":true,"href":"https:\/\/www.europesays.com\/lv\/wp-json\/wp\/v2\/comments?post=104451"}],"version-history":[{"count":0,"href":"https:\/\/www.europesays.com\/lv\/wp-json\/wp\/v2\/posts\/104451\/revisions"}],"wp:featuredmedia":[{"embeddable":true,"href":"https:\/\/www.europesays.com\/lv\/wp-json\/wp\/v2\/media\/104452"}],"wp:attachment":[{"href":"https:\/\/www.europesays.com\/lv\/wp-json\/wp\/v2\/media?parent=104451"}],"wp:term":[{"taxonomy":"category","embeddable":true,"href":"https:\/\/www.europesays.com\/lv\/wp-json\/wp\/v2\/categories?post=104451"},{"taxonomy":"post_tag","embeddable":true,"href":"https:\/\/www.europesays.com\/lv\/wp-json\/wp\/v2\/tags?post=104451"}],"curies":[{"name":"wp","href":"https:\/\/api.w.org\/{rel}","templated":true}]}}