{"id":104453,"date":"2026-01-14T14:39:08","date_gmt":"2026-01-14T14:39:08","guid":{"rendered":"https:\/\/www.europesays.com\/lv\/104453\/"},"modified":"2026-01-14T14:39:08","modified_gmt":"2026-01-14T14:39:08","slug":"al-atija-atgust-vadibu-motociklu-klase-lideris-piedzivo-kritienu","status":"publish","type":"post","link":"https:\/\/www.europesays.com\/lv\/104453\/","title":{"rendered":"Al-Atija atg\u016bst vad\u012bbu, motociklu klas\u0113 l\u012bderis piedz\u012bvo kritienu"},"content":{"rendered":"<p>Metj\u016b Seradori. Foto: dakar.com<\/p>\n<p>Dakaras rallij\u0101 aizvad\u012bts desmitais \u0101trumposms (420 km), kas bija vakardienas maratona posma otr\u0101 da\u013ca. <\/p>\n<p>Vieglo automa\u0161\u012bnu klas\u0113 nep\u0101rsp\u0113ts palika franc\u016bzis Metj\u016b Seradori, kur\u0161, neskatoties uz divu min\u016b\u0161u sodu, fini\u0161\u0101 par vair\u0101k nek\u0101 se\u0161\u0101m min\u016bt\u0113m apsteidza Naseru Al-Atiju. Tre\u0161ais, neskatoties uz diviem p\u0101rsistiem rite\u0146iem, fini\u0161\u0113ja Sebastjans L\u0113bs, kur\u0161 ar st\u016brmani nakt\u012b sp\u0113ja nov\u0113rst tehnisk\u0101s probl\u0113mas.<\/p>\n<p>L\u0113ns posms padev\u0101s abiem sp\u0101\u0146iem Nani Romam un Karlosam Sainsam, kuri p\u0113c vakardienas posma kopv\u0113rt\u0113jum\u0101 ie\u0146\u0113ma pirm\u0101s divas vietas. Roma zaud\u0113ja 20 min\u016btes un 12 sekundes, bet Sainss atpalika 45 min\u016btes (tai skait\u0101 ar\u012b 15 min\u016b\u0161u sods par izlaistu kontrolpunktu). Eriks Goczals, kur\u0161 uzvar\u0113ja vakar, l\u012bderim zaud\u0113ja gandr\u012bz stundu.<\/p>\n<p>Kopv\u0113rt\u0113jum\u0101 nu jau sol\u012bdu p\u0101rsvaru iekr\u0101jis Al-Atija, kuram 12 min\u016btes zaud\u0113 Henks Lategans, bet nepilnas 13 min\u016btes atpaliek Roma. L\u0113bs pak\u0101pies uz 4.vietu, no komandas biedra atpaliekot 23 min\u016btes.<br \/>&#13;\n<\/p>\n<p>Kopv\u0113rt\u0113jums vieglo automa\u0161\u012bnu klas\u0113:<\/p>\n<p><img loading=\"lazy\" decoding=\"async\" src=\"https:\/\/www.europesays.com\/lv\/wp-content\/uploads\/2026\/01\/Bez nosaukuma_10.jpg\" width=\"420\" height=\"424\"\/><br \/>\n<br \/>\nMotociklu klas\u0113 neveiksm\u012bgs posms kopv\u0113rt\u0113juma l\u012bderim Danielam Sandersam, kur\u0161 piedz\u012bvoja kritienu un fini\u0161\u0101 zaud\u0113ja gandr\u012bz 28 min\u016btes. \u0100tr\u0101kais bija Adriens van Beverens. Kopv\u0113rt\u0113jum\u0101 par jauno l\u012bderi k\u013cuvis Lusi\u0101no Benavides, bet Sanders atkritis uz 4.vietu (+16:41). Otrais ir Rikijs Brabeks.<\/p>\n<p>Kopv\u0113rt\u0113jums motociklu klas\u0113:<\/p>\n<p><img loading=\"lazy\" decoding=\"async\" src=\"https:\/\/www.europesays.com\/lv\/wp-content\/uploads\/2026\/01\/Bez nosaukuma_9.jpg\" width=\"420\" height=\"391\"\/><\/p>\n<p>Smago automa\u0161\u012bnu klas\u0113 posma s\u0101kum\u0101 neveiksmi piedz\u012bvojis kopv\u0113rt\u0113juma l\u012bderis Mi\u010dels van den Brinks, kur\u0161 pie 196 kilometru atz\u012bmes Vaidotam \u017dalam zaud\u0113 vair\u0101k nek\u0101 40 min\u016btes. Tas \u0161obr\u012bd par jauno l\u012bderi \u013cauj k\u013c\u016bt tie\u0161i \u017dalam, ta\u010du l\u012bdz fini\u0161am v\u0113l ir t\u0101lu.<\/p>\n<p>L\u012bdz Dakaras rallija fini\u0161am atliku\u0161i tr\u012bs \u0101trumposmi (virs 700 km).<\/p>\n","protected":false},"excerpt":{"rendered":"Metj\u016b Seradori. Foto: dakar.com Dakaras rallij\u0101 aizvad\u012bts desmitais \u0101trumposms (420 km), kas bija vakardienas maratona posma otr\u0101 da\u013ca.&hellip;\n","protected":false},"author":2,"featured_media":104454,"comment_status":"","ping_status":"","sticky":false,"template":"","format":"standard","meta":{"footnotes":""},"categories":[17],"tags":[35,39,38,36,37,34,40,67],"class_list":{"0":"post-104453","1":"post","2":"type-post","3":"status-publish","4":"format-standard","5":"has-post-thumbnail","7":"category-sports","8":"tag-latvia","9":"tag-latvian","10":"tag-latviesu","11":"tag-latviesu-valoda","12":"tag-latviesuvaloda","13":"tag-latvija","14":"tag-lv","15":"tag-sports"},"share_on_mastodon":{"url":"https:\/\/pubeurope.com\/@lv\/115893971533138664","error":""},"_links":{"self":[{"href":"https:\/\/www.europesays.com\/lv\/wp-json\/wp\/v2\/posts\/104453","targetHints":{"allow":["GET"]}}],"collection":[{"href":"https:\/\/www.europesays.com\/lv\/wp-json\/wp\/v2\/posts"}],"about":[{"href":"https:\/\/www.europesays.com\/lv\/wp-json\/wp\/v2\/types\/post"}],"author":[{"embeddable":true,"href":"https:\/\/www.europesays.com\/lv\/wp-json\/wp\/v2\/users\/2"}],"replies":[{"embeddable":true,"href":"https:\/\/www.europesays.com\/lv\/wp-json\/wp\/v2\/comments?post=104453"}],"version-history":[{"count":0,"href":"https:\/\/www.europesays.com\/lv\/wp-json\/wp\/v2\/posts\/104453\/revisions"}],"wp:featuredmedia":[{"embeddable":true,"href":"https:\/\/www.europesays.com\/lv\/wp-json\/wp\/v2\/media\/104454"}],"wp:attachment":[{"href":"https:\/\/www.europesays.com\/lv\/wp-json\/wp\/v2\/media?parent=104453"}],"wp:term":[{"taxonomy":"category","embeddable":true,"href":"https:\/\/www.europesays.com\/lv\/wp-json\/wp\/v2\/categories?post=104453"},{"taxonomy":"post_tag","embeddable":true,"href":"https:\/\/www.europesays.com\/lv\/wp-json\/wp\/v2\/tags?post=104453"}],"curies":[{"name":"wp","href":"https:\/\/api.w.org\/{rel}","templated":true}]}}