{"id":104455,"date":"2026-01-14T14:40:14","date_gmt":"2026-01-14T14:40:14","guid":{"rendered":"https:\/\/www.europesays.com\/lv\/104455\/"},"modified":"2026-01-14T14:40:14","modified_gmt":"2026-01-14T14:40:14","slug":"atlauj-izteikt-akciju-atpirksanas-piedavajumu-latvijas-juras-medicinas-centrs","status":"publish","type":"post","link":"https:\/\/www.europesays.com\/lv\/104455\/","title":{"rendered":"At\u013cauj izteikt akciju atpirk\u0161anas pied\u0101v\u0101jumu Latvijas J\u016bras medic\u012bnas centrs"},"content":{"rendered":"<p>Latvijas Bankas uzraudz\u012bbas komiteja 14. janv\u0101r\u012b nol\u0113ma at\u013caut sabiedr\u012bbai ar ierobe\u017eotu atbild\u012bbu POM izteikt akciju atpirk\u0161anas pied\u0101v\u0101jumu AS Latvijas J\u016bras medic\u012bnas centrs akciju izsl\u0113g\u0161anai no regul\u0113t\u0101 tirgus.<\/p>\n<p><a href=\"https:\/\/static-img.aripaev.ee\/?type=preview&amp;uuid=61b6410d-bc6f-57ad-ba32-a1ce5e86c092\" target=\"_blank\" rel=\"noopener noreferrer nofollow\" class=\"styles_article-image__holder__jEhZc\" style=\"aspect-ratio:1.5213946117274169\"><img alt=\"At\u013cauj izteikt akciju atpirk\u0161anas pied\u0101v\u0101jumu Latvijas J\u016bras medic\u012bnas centrs\" draggable=\"false\" fetchpriority=\"high\" decoding=\"async\" data-nimg=\"fill\" style=\"position:absolute;height:100%;width:100%;left:0;top:0;right:0;bottom:0;color:transparent\"   src=\"https:\/\/www.europesays.com\/lv\/wp-content\/uploads\/2026\/01\/1768401614_759_.jpeg\"\/><\/a><\/p>\n<p>Sabiedr\u012bba ar ierobe\u017eotu atbild\u012bbu POM 2025. gada 23. decembr\u012b v\u0113rs\u0101s Latvijas Bank\u0101 ar iesniegumu at\u013caujas sa\u0146em\u0161anai izteikt akciju atpirk\u0161anas pied\u0101v\u0101jumu AS Latvijas J\u016bras medic\u012bnas centrs akciju izsl\u0113g\u0161anai no regul\u0113t\u0101 tirgus atbilsto\u0161i Akciju atpirk\u0161anas likuma 14. pantam.<\/p>\n<p>Iesniegtie dokumenti atbilst Akciju atpirk\u0161anas likuma 21. un 22. panta pras\u012bb\u0101m, t\u0101d\u0113j\u0101di Latvijas Bankas uzraudz\u012bbas komiteja at\u013c\u0101va sabiedr\u012bbai ar ierobe\u017eotu atbild\u012bbu POM izteikt akciju atpirk\u0161anas pied\u0101v\u0101jumu AS Latvijas J\u016bras medic\u012bnas centrs akciju izsl\u0113g\u0161anai no regul\u0113t\u0101 tirgus.<\/p>\n<p>Vienas akcijas atpirk\u0161anas cena p\u0113c prospekt\u0101 sniegt\u0101s inform\u0101cijas ir 7.89 eiro.<\/p>\n<p class=\"styles_banner__label__NHyOM\">Raksts turpin\u0101s p\u0113c rekl\u0101mas<\/p>\n<p>Pied\u0101v\u0101juma termi\u0146\u0161 ir 30 dienas, skaitot no prospekta public\u0113\u0161anas regul\u0113t\u0101 tirgus organiz\u0113t\u0101ja t\u012bmek\u013cvietn\u0113.<\/p>\n<p>Pied\u0101v\u0101juma rezult\u0101tu pazi\u0146o\u0161ana notiks 5 darba dienu laik\u0101 p\u0113c pied\u0101v\u0101juma termi\u0146a beig\u0101m.<\/p>\n<p>Interes\u0113 \u0161\u012b t\u0113ma? S\u0101c sekot \u0161iem atsl\u0113gas v\u0101rdiem un sa\u0146em pazi\u0146ojumus, kad ir pieejams jauns saturs!<\/p>\n","protected":false},"excerpt":{"rendered":"Latvijas Bankas uzraudz\u012bbas komiteja 14. janv\u0101r\u012b nol\u0113ma at\u013caut sabiedr\u012bbai ar ierobe\u017eotu atbild\u012bbu POM izteikt akciju atpirk\u0161anas pied\u0101v\u0101jumu AS&hellip;\n","protected":false},"author":2,"featured_media":104456,"comment_status":"","ping_status":"","sticky":false,"template":"","format":"standard","meta":{"footnotes":""},"categories":[16],"tags":[77,76,35,39,38,36,37,34,40],"class_list":{"0":"post-104455","1":"post","2":"type-post","3":"status-publish","4":"format-standard","5":"has-post-thumbnail","7":"category-bizness","8":"tag-bizness","9":"tag-business","10":"tag-latvia","11":"tag-latvian","12":"tag-latviesu","13":"tag-latviesu-valoda","14":"tag-latviesuvaloda","15":"tag-latvija","16":"tag-lv"},"share_on_mastodon":{"url":"https:\/\/pubeurope.com\/@lv\/115893975269267175","error":""},"_links":{"self":[{"href":"https:\/\/www.europesays.com\/lv\/wp-json\/wp\/v2\/posts\/104455","targetHints":{"allow":["GET"]}}],"collection":[{"href":"https:\/\/www.europesays.com\/lv\/wp-json\/wp\/v2\/posts"}],"about":[{"href":"https:\/\/www.europesays.com\/lv\/wp-json\/wp\/v2\/types\/post"}],"author":[{"embeddable":true,"href":"https:\/\/www.europesays.com\/lv\/wp-json\/wp\/v2\/users\/2"}],"replies":[{"embeddable":true,"href":"https:\/\/www.europesays.com\/lv\/wp-json\/wp\/v2\/comments?post=104455"}],"version-history":[{"count":0,"href":"https:\/\/www.europesays.com\/lv\/wp-json\/wp\/v2\/posts\/104455\/revisions"}],"wp:featuredmedia":[{"embeddable":true,"href":"https:\/\/www.europesays.com\/lv\/wp-json\/wp\/v2\/media\/104456"}],"wp:attachment":[{"href":"https:\/\/www.europesays.com\/lv\/wp-json\/wp\/v2\/media?parent=104455"}],"wp:term":[{"taxonomy":"category","embeddable":true,"href":"https:\/\/www.europesays.com\/lv\/wp-json\/wp\/v2\/categories?post=104455"},{"taxonomy":"post_tag","embeddable":true,"href":"https:\/\/www.europesays.com\/lv\/wp-json\/wp\/v2\/tags?post=104455"}],"curies":[{"name":"wp","href":"https:\/\/api.w.org\/{rel}","templated":true}]}}