{"id":104465,"date":"2026-01-14T14:48:06","date_gmt":"2026-01-14T14:48:06","guid":{"rendered":"https:\/\/www.europesays.com\/lv\/104465\/"},"modified":"2026-01-14T14:48:06","modified_gmt":"2026-01-14T14:48:06","slug":"pakapeniski-jaizbeidz-krievu-valoda-esoso-radio-staciju-raidisana-raksts","status":"publish","type":"post","link":"https:\/\/www.europesays.com\/lv\/104465\/","title":{"rendered":"Pak\u0101peniski j\u0101izbeidz krievu valod\u0101 eso\u0161o radio staciju raid\u012b\u0161ana \/ Raksts"},"content":{"rendered":"<p>Latvij\u0101 pak\u0101peniski b\u016btu j\u0101izbeidz krievu valod\u0101 eso\u0161o radio staciju raid\u012b\u0161ana, Latvijas Radio raid\u012bjum\u0101 &#8220;Krustpunkt\u0101&#8221; sac\u012bja Nacion\u0101l\u0101s elektronisko pla\u0161sazi\u0146as l\u012bdzek\u013cu padomes priek\u0161s\u0113d\u0113t\u0101js Ivars \u0100boli\u0146\u0161.<\/p>\n<p>                Krieviski raido\u0161o radio darb\u012bbu var\u0113tu beigt 8 gadu laik\u0101<\/p>\n<p>\u0100boli\u0146\u0161 uzsv\u0113ra, ka radio nevar sal\u012bdzin\u0101t ar citu mediju saturu, jo t\u0101\u00a0darb\u012bbai nepiecie\u0161ams valsts pie\u0161\u0137irts resurss \u2013 apraides frekvence. &#8220;Radio var darboties tikai tad, ja valsts bez maksas iedod\u00a0v\u0113rt\u012bg\u0101ko biznesa da\u013cu \u2013 frekvenci&#8221;.\u00a0<\/p>\n<p>Vi\u0146\u0161 uzsv\u0113ra, ka \u0161obr\u012bd Latvij\u0101 darbojas <a href=\"https:\/\/www.lsm.lv\/raksts\/zinas\/latvija\/26.11.2025-neplp-vaditajs-ari-pec-latvijas-radio-4-slegsanas-krievu-valodas-saturs-medijos-bus-liela-apjoma.a623836\/\" class=\"lsm-link\" data-type=\"article\" data-id=\"623836\" rel=\"nofollow noopener\" target=\"_blank\">13 radio stacijas<\/a> krievu valod\u0101, savuk\u0101rt valst\u012b kopum\u0101 raida aptuveni 40 radio stacijas.<\/p>\n<blockquote>\n<p>\u0100boli\u0146\u0161 skaidroja, ka 14.\u00a0janv\u0101r\u012b Saeim\u0101 iesniedzis priek\u0161likumu, kas paredz asto\u0146u gadu laik\u0101 p\u0101rtraukt \u0161\u0101du radio darb\u012bbu, \u013caujot eso\u0161aj\u0101m apraides licenc\u0113m beigties dabisk\u0101 ce\u013c\u0101.\u00a0<\/p>\n<\/blockquote>\n<p>Iesniegtais priek\u0161likums noteiktu, ka\u00a0radio apraides at\u013caujas krievu valod\u0101 netiktu atjaunotas, t\u0101d\u0113j\u0101di p\u0113d\u0113j\u0101 licence beigtos 2034.\u00a0gad\u0101. Tas, p\u0113c \u0100boli\u0146a dom\u0101m, b\u016btu vien\u012bgais sapr\u0101t\u012bgais un leg\u0101lais veids, k\u0101 pak\u0101peniski izbeigt krievu valodas izmanto\u0161anu radio apraid\u0113.\u00a0<\/p>\n<p>Saturs medijos krievu valod\u0101<\/p>\n<p>Raid\u012bjum\u0101\u00a0Saeimas Cilv\u0113kties\u012bbu un sabiedrisko lietu komisijas Mediju politikas apak\u0161komisijas deput\u0101ts Nauris Puntulis (Nacion\u0101l\u0101 apvien\u012bba)\u00a0sac\u012bja, ka pa\u0161reiz sp\u0113k\u0101 ir\u00a0<a href=\"https:\/\/www.lsm.lv\/raksts\/zinas\/latvija\/28.09.2023-saeima-apstiprina-drosibas-koncepciju-ar-ieceri-aizliegt-sabiedriskajos-medijos-saturu-krievu-valoda.a525670\/\" class=\"lsm-link\" data-type=\"article\" data-id=\"525670\" rel=\"nofollow noopener\" target=\"_blank\">nacion\u0101l\u0101s dro\u0161\u012bbas koncepcija<\/a>, kas paredz, ka ar 2026.\u00a0gada 1.\u00a0janv\u0101ri sabiedriskais medijs atsak\u0101s no krievu valodas, bet tas nav izpild\u012bts, t\u0101p\u0113c Nacion\u0101l\u0101 apvien\u012bba Saeim\u0101 iesniegusi premjeres Evikas Sili\u0146as (&#8220;Jaun\u0101 Vienot\u012bba&#8221;)\u00a0demisijas piepras\u012bjumu.\u00a0<\/p>\n<p>Puntulis sac\u012bja, ka <a href=\"https:\/\/www.lsm.lv\/raksts\/zinas\/latvija\/30.12.2025-no-1-janvara-parstas-raidit-lr4.a628254\/?utm_source=lsm&amp;utm_medium=theme&amp;utm_campaign=theme\" class=\"lsm-link\" data-type=\"article\" data-id=\"628254\" rel=\"nofollow noopener\" target=\"_blank\">Latvijas Radio 4 <\/a>vairs neskan, bet krievu valoda joproj\u0101m ir sabiedriskaj\u0101 medij\u0101 \u2013 port\u0101l\u0101 rus.lsm.lv.\u00a0Vi\u0146a ieskat\u0101 galvenais uzdevums ir net\u0113r\u0113t valsts l\u012bdzek\u013cus krievu valodas uztur\u0113\u0161anai.\u00a0Savuk\u0101rt situ\u0101cija ar priv\u0101tajiem medijiem vi\u0146a ieskat\u0101 ir cits st\u0101sts.\u00a0<\/p>\n<p>&#8220;Mums k\u0101 valstij j\u0101r\u0101da piem\u0113rs, k\u0101\u00a0m\u0113s to dar\u0101m valsts p\u0101rvald\u0113, k\u0101 m\u0113s to dar\u0101m izgl\u012bt\u012bb\u0101. Tas ir pa\u0161apzi\u0146as jaut\u0101jums,&#8221; sac\u012bja Puntulis.<\/p>\n<p>LSM valdes izraudz\u012bt\u0101<a href=\"https:\/\/www.lsm.lv\/raksts\/zinas\/latvija\/30.12.2025-no-sagatavosanas-uz-ricibu-latvijas-sabiedriskais-medijs-nakamgad-ieviesis-jaunu-strategiju.a628229\/\" class=\"lsm-link\" data-type=\"article\" data-id=\"628229\" rel=\"nofollow noopener\" target=\"_blank\"> strat\u0113\u0123ija <\/a>paredz, ka no 2026. gada port\u0101ls LSM.lv darbosies k\u0101 vienota zi\u0146u platforma latvie\u0161u valod\u0101 ar satura pied\u0101v\u0101jumu ar\u012b ang\u013cu, ukrai\u0146u un krievu valod\u0101.\u00a0\u00a0<\/p>\n<p>Vienlaikus Puntulis pauda, ka b\u016btu nepiecie\u0161ams, lai\u00a0valsts finans\u0113jumu sa\u0146em tikai tie mediji,\u00a0kas raida latvie\u0161u valod\u0101. Tostarp, iesp\u0113jams, j\u0101nodro\u0161ina valsts atbalsts tiem komercmedijiem, kas izv\u0113las raid\u012bt tikai latviski.<\/p>\n<p>Ar\u012b \u0100boli\u0146\u0161 sac\u012bja, ka &#8220;uz\u0146\u0113m\u0113js var veidot saturu krievu valod\u0101, bet valsts nevar atbalst\u012bt \u0161\u0101du saturu&#8221;.<\/p>\n<p>                    Valodas k\u013c\u016bda rakst\u0101?<\/p>\n<p class=\"d-none d-md-block\">Iez\u012bm\u0113jiet tekstu un spiediet Ctrl+Enter, lai nos\u016bt\u012btu labojamo teksta fragmentu redaktoram! Par faktu k\u013c\u016bd\u0101m l\u016bdzam zi\u0146ot e-past\u0101 <a href=\"https:\/\/www.lsm.lv\/cdn-cgi\/l\/email-protection\" class=\"__cf_email__\" data-cfemail=\"087a6d6c69636b61626948647b6526647e\" rel=\"nofollow noopener\" target=\"_blank\">[email\u00a0protected]<\/a>.<\/p>\n<p class=\"d-md-none\">Iez\u012bm\u0113jiet tekstu un spiediet uz Zi\u0146ot par k\u013c\u016bdu pogas, lai nos\u016bt\u012btu labojamo teksta fragmentu redaktoram!<\/p>\n<p>\n                    Zi\u0146ot par k\u013c\u016bdu\n                <\/p>\n","protected":false},"excerpt":{"rendered":"Latvij\u0101 pak\u0101peniski b\u016btu j\u0101izbeidz krievu valod\u0101 eso\u0161o radio staciju raid\u012b\u0161ana, Latvijas Radio raid\u012bjum\u0101 &#8220;Krustpunkt\u0101&#8221; sac\u012bja Nacion\u0101l\u0101s elektronisko pla\u0161sazi\u0146as&hellip;\n","protected":false},"author":2,"featured_media":104466,"comment_status":"","ping_status":"","sticky":false,"template":"","format":"standard","meta":{"footnotes":""},"categories":[12],"tags":[23,28,29,32,33,22,30,31,35,39,38,36,37,34,40,20,26,27,24,25,21],"class_list":{"0":"post-104465","1":"post","2":"type-post","3":"status-publish","4":"format-standard","5":"has-post-thumbnail","7":"category-latvija","8":"tag-aktualitates","9":"tag-breaking-news","10":"tag-breakingnews","11":"tag-featured-news","12":"tag-featurednews","13":"tag-headlines","14":"tag-latest-news","15":"tag-latestnews","16":"tag-latvia","17":"tag-latvian","18":"tag-latviesu","19":"tag-latviesu-valoda","20":"tag-latviesuvaloda","21":"tag-latvija","22":"tag-lv","23":"tag-news","24":"tag-popularakas-zinas","25":"tag-popularakaszinas","26":"tag-top-stories","27":"tag-topstories","28":"tag-zinas"},"share_on_mastodon":{"url":"https:\/\/pubeurope.com\/@lv\/115894006802685105","error":""},"_links":{"self":[{"href":"https:\/\/www.europesays.com\/lv\/wp-json\/wp\/v2\/posts\/104465","targetHints":{"allow":["GET"]}}],"collection":[{"href":"https:\/\/www.europesays.com\/lv\/wp-json\/wp\/v2\/posts"}],"about":[{"href":"https:\/\/www.europesays.com\/lv\/wp-json\/wp\/v2\/types\/post"}],"author":[{"embeddable":true,"href":"https:\/\/www.europesays.com\/lv\/wp-json\/wp\/v2\/users\/2"}],"replies":[{"embeddable":true,"href":"https:\/\/www.europesays.com\/lv\/wp-json\/wp\/v2\/comments?post=104465"}],"version-history":[{"count":0,"href":"https:\/\/www.europesays.com\/lv\/wp-json\/wp\/v2\/posts\/104465\/revisions"}],"wp:featuredmedia":[{"embeddable":true,"href":"https:\/\/www.europesays.com\/lv\/wp-json\/wp\/v2\/media\/104466"}],"wp:attachment":[{"href":"https:\/\/www.europesays.com\/lv\/wp-json\/wp\/v2\/media?parent=104465"}],"wp:term":[{"taxonomy":"category","embeddable":true,"href":"https:\/\/www.europesays.com\/lv\/wp-json\/wp\/v2\/categories?post=104465"},{"taxonomy":"post_tag","embeddable":true,"href":"https:\/\/www.europesays.com\/lv\/wp-json\/wp\/v2\/tags?post=104465"}],"curies":[{"name":"wp","href":"https:\/\/api.w.org\/{rel}","templated":true}]}}