{"id":104467,"date":"2026-01-14T14:49:07","date_gmt":"2026-01-14T14:49:07","guid":{"rendered":"https:\/\/www.europesays.com\/lv\/104467\/"},"modified":"2026-01-14T14:49:07","modified_gmt":"2026-01-14T14:49:07","slug":"vestniece-ingrida-levrence-iesniedz-akreditacijas-vestuli-sveices-konfederacijas-prezidentam","status":"publish","type":"post","link":"https:\/\/www.europesays.com\/lv\/104467\/","title":{"rendered":"V\u0113stniece Ingr\u012bda Levrence iesniedz akredit\u0101cijas v\u0113stuli \u0160veices Konfeder\u0101cijas prezidentam"},"content":{"rendered":"<p class=\"text-align-justify\">2026. gada 13. janv\u0101r\u012b Bern\u0113 notika Latvijas Republikas \u0101rk\u0101rt\u0113j\u0101s un pilnvarot\u0101s v\u0113stnieces \u0160veices Konfeder\u0101cij\u0101 Ingr\u012bdas Levrences akredit\u0101cija. Svin\u012bg\u0101 ceremonij\u0101 v\u0113stniece iesniedza akredit\u0101cijas v\u0113stuli \u0160veices Konfeder\u0101cijas prezidentam Gijam Parmel\u0113nam (Guy Parmelin).<\/p>\n<p class=\"text-align-justify\">Sarun\u0101 Ingr\u012bda Levrence uzsv\u0113ra, ka Latviju un \u0160veici vieno senas divpus\u0113j\u0101s attiec\u012bbas un esam ieinteres\u0113ti turpin\u0101t akt\u012bvu politisko dialogu. Nov\u0113rt\u0113jam Latvijas un \u0160veices sadarb\u012bbu zin\u0101tn\u0113 un inov\u0101cij\u0101s, \u012bpa\u0161i medic\u012bnas tehnolo\u0123ij\u0101s. <\/p>\n<p class=\"text-align-justify\">Amatpersonas p\u0101rrun\u0101ja \u0160veices un Eiropas Savien\u012bbas cie\u0161\u0101s attiec\u012bbas, Latvijas priorit\u0101tes ANO Dro\u0161\u012bbas padom\u0113 un \u0160veices prezident\u016bru EDSO. <\/p>\n<p class=\"text-align-justify\">V\u0113stniece izteica l\u012bdzj\u016bt\u012bbu saist\u012bb\u0101 ar tra\u0123iskajiem notikumiem Kransmontanas k\u016brort\u0101 un boj\u0101g\u0101ju\u0161iem, k\u0101 ar\u012b atk\u0101rtoja Latvijas gatav\u012bbu sniegt medic\u012bnisko pal\u012bdz\u012bbu ievainotajiem.<\/p>\n<p class=\"text-align-justify\">Viz\u012btes laik\u0101 \u0160veic\u0113 v\u0113stniece Ingr\u012bda Levrence ar\u012b tiekas ar \u0160veices Feder\u0101l\u0101 \u0100rlietu departamenta p\u0101rst\u0101vjiem, Latvijas goda konsulu \u0160veic\u0113, k\u0101 ar\u012b piedal\u0101s \u0160veices Konfeder\u0101cijas prezidenta r\u012bkotaj\u0101 Jaungada pie\u0146em\u0161an\u0101.<\/p>\n<p class=\"text-align-justify\">Latvijas v\u0113stniece \u0160veic\u0113 rezid\u0113 V\u012bn\u0113, Austrij\u0101. Pien\u0101kumus V\u012bn\u0113 I. Levrence s\u0101ka pild\u012bt 2025. gada 17. septembr\u012b, amat\u0101 nomainot Gunu Japi\u0146u, kura Latvijas intereses Austrij\u0101 p\u0101rst\u0101v\u0113ja kop\u0161 2021. gada.<\/p>\n","protected":false},"excerpt":{"rendered":"2026. gada 13. janv\u0101r\u012b Bern\u0113 notika Latvijas Republikas \u0101rk\u0101rt\u0113j\u0101s un pilnvarot\u0101s v\u0113stnieces \u0160veices Konfeder\u0101cij\u0101 Ingr\u012bdas Levrences akredit\u0101cija. Svin\u012bg\u0101&hellip;\n","protected":false},"author":2,"featured_media":104468,"comment_status":"","ping_status":"","sticky":false,"template":"","format":"standard","meta":{"footnotes":""},"categories":[5],"tags":[23,28,29,32,33,22,30,31,35,39,38,36,37,34,40,20,26,27,24,25,21],"class_list":{"0":"post-104467","1":"post","2":"type-post","3":"status-publish","4":"format-standard","5":"has-post-thumbnail","7":"category-aktualitates","8":"tag-aktualitates","9":"tag-breaking-news","10":"tag-breakingnews","11":"tag-featured-news","12":"tag-featurednews","13":"tag-headlines","14":"tag-latest-news","15":"tag-latestnews","16":"tag-latvia","17":"tag-latvian","18":"tag-latviesu","19":"tag-latviesu-valoda","20":"tag-latviesuvaloda","21":"tag-latvija","22":"tag-lv","23":"tag-news","24":"tag-popularakas-zinas","25":"tag-popularakaszinas","26":"tag-top-stories","27":"tag-topstories","28":"tag-zinas"},"share_on_mastodon":{"url":"https:\/\/pubeurope.com\/@lv\/115894010808653191","error":""},"_links":{"self":[{"href":"https:\/\/www.europesays.com\/lv\/wp-json\/wp\/v2\/posts\/104467","targetHints":{"allow":["GET"]}}],"collection":[{"href":"https:\/\/www.europesays.com\/lv\/wp-json\/wp\/v2\/posts"}],"about":[{"href":"https:\/\/www.europesays.com\/lv\/wp-json\/wp\/v2\/types\/post"}],"author":[{"embeddable":true,"href":"https:\/\/www.europesays.com\/lv\/wp-json\/wp\/v2\/users\/2"}],"replies":[{"embeddable":true,"href":"https:\/\/www.europesays.com\/lv\/wp-json\/wp\/v2\/comments?post=104467"}],"version-history":[{"count":0,"href":"https:\/\/www.europesays.com\/lv\/wp-json\/wp\/v2\/posts\/104467\/revisions"}],"wp:featuredmedia":[{"embeddable":true,"href":"https:\/\/www.europesays.com\/lv\/wp-json\/wp\/v2\/media\/104468"}],"wp:attachment":[{"href":"https:\/\/www.europesays.com\/lv\/wp-json\/wp\/v2\/media?parent=104467"}],"wp:term":[{"taxonomy":"category","embeddable":true,"href":"https:\/\/www.europesays.com\/lv\/wp-json\/wp\/v2\/categories?post=104467"},{"taxonomy":"post_tag","embeddable":true,"href":"https:\/\/www.europesays.com\/lv\/wp-json\/wp\/v2\/tags?post=104467"}],"curies":[{"name":"wp","href":"https:\/\/api.w.org\/{rel}","templated":true}]}}