{"id":104469,"date":"2026-01-14T14:50:07","date_gmt":"2026-01-14T14:50:07","guid":{"rendered":"https:\/\/www.europesays.com\/lv\/104469\/"},"modified":"2026-01-14T14:50:07","modified_gmt":"2026-01-14T14:50:07","slug":"kriss-nots-atbild-uz-nelabveligu-komentaru-par-bijuso-kolegi-saru-dzesiku-parkeri","status":"publish","type":"post","link":"https:\/\/www.europesays.com\/lv\/104469\/","title":{"rendered":"Kriss Nots atbild uz nelabv\u0113l\u012bgu koment\u0101ru par biju\u0161o kol\u0113\u0123i S\u0101ru D\u017eesiku P\u0101rkeri"},"content":{"rendered":"<p>Koment\u0101ros k\u0101ds fans rakst\u012bja, tu dom\u0101ji \u2013 sasod\u012bt\u0101 S\u0101ra D\u017eesika P\u0101rkere un vi\u0146as balva? Atsaucoties uz \u201cGolden Globes\u201d 2026. gadu, kur S\u0101ra ieguva Kerolas Burnetes apbalvojumu.<\/p>\n<p>Aktieris atbild\u0113ja uz koment\u0101ru ar v\u0101rdiem \u2013 pareizi teikts!<\/p>\n<p>V\u0113l k\u0101da fane rakst\u012bja, ka Kriss ir lielisks aktieris, bet S\u0101ra satraucas tikai par savu t\u0113lu, aicinot Notu \u2013 ne\u013caut visam tum\u0161ajam aiz\u0113not gaismu, kas ir vi\u0146\u0101.<\/p>\n<p>P\u0101rkere un Nots film\u0113j\u0101s kop\u0101 seri\u0101l\u0101\u00a0<a href=\"https:\/\/go3.lv\/series\/sekss-un-lielpilseta,serial-5435050\" target=\"_blank\" rel=\"noopener nofollow\">\u201cSekss un lielpils\u0113ta\u201d<\/a> no 1998. l\u012bdz 2004. gadam. Nots atveidoja Bigu, P\u0101rkeres m\u012blas objektu, v\u0113l\u0101k darbs turpin\u0101j\u0101s seri\u0101l\u0101 <a href=\"https:\/\/go3.lv\/series\/un-ta-tas-laiks-paiet,serial-5430001\" target=\"_blank\" rel=\"noopener nofollow\">\u201cUn t\u0101 tas laiks paiet\u2026\u201d<\/a>.<\/p>\n<p>2021. gada decembr\u012b Nots tika aps\u016bdz\u0113ts vair\u0101kk\u0101rt\u0113j\u0101 seksu\u0101l\u0101 uzbrukum\u0101. Nots noliedza aps\u016bdz\u012bbas, nosaucot t\u0101s par \u201ckategoriski nepaties\u0101m\u201d.<\/p>\n<p>L\u012bdz ar pirmaj\u0101m zi\u0146\u0101m P\u0101rkere, Sintija Niksone un Krist\u012bna Deivisa apvienoj\u0101s kop\u012bg\u0101 pazi\u0146ojum\u0101, sakot, ka ir upuru pus\u0113.<\/p>\n<p class=\"ad-desc ad-desc-main\">Saturs turpin\u0101s p\u0113c rekl\u0101mas<\/p>\n<p class=\"ad-desc ad-desc-sec\">Rekl\u0101ma<\/p>\n<p>Notam netika izvirz\u012btas aps\u016bdz\u012bbas, vi\u0146\u0161 nest\u0101j\u0101s tiesas priek\u0161\u0101, tom\u0113r vi\u0146am bija j\u0101pamet darbs seri\u0101l\u0101, k\u0101 ietekm\u0113 vi\u0146a t\u0113ls Bigs si\u017eetiski mira.<\/p>\n<p>Redzot aktiera koment\u0101ru, fani saprot, ka vi\u0146\u0161 nav piedevis kol\u0113\u0123u nodev\u012bbu, \u012bpa\u0161i S\u0101ras D\u017eesikas P\u0101rkeres.<\/p>\n<p>Skaties \u0161o un citus \u0161ovus un seri\u0101lus <a href=\"https:\/\/go3.lv?utm_source=tv3.lv&amp;utm_medium=articles&amp;utm_campaign=article_suffix\" target=\"_blank\" rel=\"noopener nofollow\">Go3 telev\u012bzij\u0101<\/a>!<\/p>\n<p class=\"tv3-fw-500\">Zi\u0146o par k\u013c\u016bdu rakst\u0101<\/p>\n<p class=\"d-md-block d-none\">Iez\u012bm\u0113 k\u013c\u016bdaino tekstu un spied Ctrl+Enter.<\/p>\n<p class=\"d-md-none d-block\">Iez\u012bm\u0113 k\u013c\u016bdaino tekstu un zi\u0146o par to!<\/p>\n","protected":false},"excerpt":{"rendered":"Koment\u0101ros k\u0101ds fans rakst\u012bja, tu dom\u0101ji \u2013 sasod\u012bt\u0101 S\u0101ra D\u017eesika P\u0101rkere un vi\u0146as balva? Atsaucoties uz \u201cGolden Globes\u201d&hellip;\n","protected":false},"author":2,"featured_media":104470,"comment_status":"","ping_status":"","sticky":false,"template":"","format":"standard","meta":{"footnotes":""},"categories":[19],"tags":[89,25119,90,35,39,38,36,37,34,40],"class_list":{"0":"post-104469","1":"post","2":"type-post","3":"status-publish","4":"format-standard","5":"has-post-thumbnail","7":"category-izklaide","8":"tag-entertainment","9":"tag-go3kriss-notssara-dzesika-parkeresekss-un-lielpilsetaskaties-go3un-ta-tas-laiks-paiet","10":"tag-izklaide","11":"tag-latvia","12":"tag-latvian","13":"tag-latviesu","14":"tag-latviesu-valoda","15":"tag-latviesuvaloda","16":"tag-latvija","17":"tag-lv"},"share_on_mastodon":{"url":"https:\/\/pubeurope.com\/@lv\/115894014722160479","error":""},"_links":{"self":[{"href":"https:\/\/www.europesays.com\/lv\/wp-json\/wp\/v2\/posts\/104469","targetHints":{"allow":["GET"]}}],"collection":[{"href":"https:\/\/www.europesays.com\/lv\/wp-json\/wp\/v2\/posts"}],"about":[{"href":"https:\/\/www.europesays.com\/lv\/wp-json\/wp\/v2\/types\/post"}],"author":[{"embeddable":true,"href":"https:\/\/www.europesays.com\/lv\/wp-json\/wp\/v2\/users\/2"}],"replies":[{"embeddable":true,"href":"https:\/\/www.europesays.com\/lv\/wp-json\/wp\/v2\/comments?post=104469"}],"version-history":[{"count":0,"href":"https:\/\/www.europesays.com\/lv\/wp-json\/wp\/v2\/posts\/104469\/revisions"}],"wp:featuredmedia":[{"embeddable":true,"href":"https:\/\/www.europesays.com\/lv\/wp-json\/wp\/v2\/media\/104470"}],"wp:attachment":[{"href":"https:\/\/www.europesays.com\/lv\/wp-json\/wp\/v2\/media?parent=104469"}],"wp:term":[{"taxonomy":"category","embeddable":true,"href":"https:\/\/www.europesays.com\/lv\/wp-json\/wp\/v2\/categories?post=104469"},{"taxonomy":"post_tag","embeddable":true,"href":"https:\/\/www.europesays.com\/lv\/wp-json\/wp\/v2\/tags?post=104469"}],"curies":[{"name":"wp","href":"https:\/\/api.w.org\/{rel}","templated":true}]}}