{"id":104473,"date":"2026-01-14T14:53:07","date_gmt":"2026-01-14T14:53:07","guid":{"rendered":"https:\/\/www.europesays.com\/lv\/104473\/"},"modified":"2026-01-14T14:53:07","modified_gmt":"2026-01-14T14:53:07","slug":"asv-maina-pasaules-drosibas-sistemu-eiropai-jaklust-par-stipru-speletaju-ari-geopolitiski-raksts","status":"publish","type":"post","link":"https:\/\/www.europesays.com\/lv\/104473\/","title":{"rendered":"ASV maina pasaules dro\u0161\u012bbas sist\u0113mu \u2013 Eiropai j\u0101k\u013c\u016bst par stipru sp\u0113l\u0113t\u0101ju ar\u012b \u0123eopolitiski \/ Raksts"},"content":{"rendered":"<p>Amerikas Savienot\u0101s Valstis \u0161obr\u012bd maina pasaules dro\u0161\u012bbas sist\u0113mu \u2013 Eiropai ir p\u0113d\u0113jais laiks k\u013c\u016bt par stipru sp\u0113l\u0113t\u0101ju ar\u012b \u0123eopolitiski, t\u0101 laik\u0101, kad ASV veikusi milit\u0101ro oper\u0101ciju Venecu\u0113l\u0101 un run\u0101 par Grenlandes aneksiju, diskusij\u0101 Latvijas Radio raid\u012bjum\u0101 &#8220;Krustpunkt\u0101&#8221; uzsv\u0113ra dro\u0161\u012bbas eksperti. Latvijas v\u0113stnieks NATO vienlaikus uzsv\u0113ra, ka uz situ\u0101ciju pa\u0161laik j\u0101raug\u0101s ar v\u0113su pr\u0101tu un Trampa izteikumi j\u0101v\u0113rt\u0113 ar\u012b ASV iek\u0161politikas kontekst\u0101.\u00a0<\/p>\n<p>Aidis Tomsons: P\u0113d\u0113jie gadi par\u0101d\u012bju\u0161i, ka starptautisk\u0101 k\u0101rt\u012bba nav akmen\u012b cirsta un atsevi\u0161\u0137as lielvaras uzskata, ka starptautiskie likumi tiem nav rakst\u012bti. K\u0101 tas ietekm\u0113 m\u016bsu dro\u0161\u012bbu, par to diskusija &#8220;Krustpunkt\u0101&#8221;.<\/p>\n<p>Analiz\u0113 SIA &#8220;NEWT21&#8221; valdes priek\u0161s\u0113d\u0113t\u0101js J\u0101nis Garisons, atva\u013cin\u0101ts v\u0113stnieks, Latvijas Universit\u0101tes un R\u012bgas Juridisk\u0101s augstskolas vieslektors Gints Jegermanis, \u0122eopolitikas p\u0113t\u012bjumu centra vec\u0101kais p\u0113tnieks J\u0101nis Ka\u017eoci\u0146\u0161 un Latvijas v\u0113stnieks NATO M\u0101ris Rieksti\u0146\u0161.<\/p>\n<p><a id=\"1\" name=\"1\">Izn\u012bcin\u0101t to, ko pa\u0161i b\u016bv\u0113ju\u0161i<\/a><\/p>\n<p>A. Tomsons: \u0160odien visi run\u0101 par Grenlandi. Nu k\u0101 j\u016bs sac\u012btu, kur m\u0113s \u0161obr\u012bd esam? Ja run\u0101jam par pasaules dro\u0161\u012bbu un k\u0101rt\u012bbu? Jo pasaules mediji lieto v\u0101rdu haoss. Piekr\u012btat Jegerma\u0146a kungs?<\/p>\n<p>G. Jegermanis: J\u0101 un n\u0113. Pirmk\u0101rt, \u0161odien aprit gads, kop\u0161 Donalds Tramps, atbildot uz \u017eurn\u0101listu jaut\u0101jumu: &#8220;Ko tad j\u016bs dar\u012bsiet ar Grenlandi, Kan\u0101du un Panamu? Vai lietosiet milit\u0101ro sp\u0113ku?&#8221; Vi\u0146\u0161 teica, ka, ja vajadz\u0113s, lietosim. Ir pag\u0101jis gads kop\u0161 \u0161\u012b pazi\u0146ojuma. Eiropas valstu vad\u012bt\u0101ji un politikas veidot\u0101ji cent\u0101s sev iest\u0101st\u012bt, ka varb\u016bt nav tik traki. Varb\u016bt izdosies ar Trampu kaut ko sarun\u0101t.<\/p>\n<p>Otra lieta ir, ka janv\u0101r\u012b aprit\u0113ja pieci gadi, kop\u0161 2021. gada 6. janv\u0101ra notikumiem. Un var\u0113tu teikt, ka pag\u0101ju\u0161\u0101 gada 20. janv\u0101r\u012b, kad Baltaj\u0101 nam\u0101 atgriez\u0101s Donalds Tramps, bija turpin\u0101jums \u0161\u012b 6. janv\u0101ra izrais\u012btajiem notikumiem.<\/p>\n<p>Un tre\u0161\u0101 lieta ir t\u0101, ka tagad daudzi v\u0113sturnieki un politikas v\u0113rt\u0113t\u0101ji atskat\u0101s pag\u0101tn\u0113, kur m\u0113\u0123ina atrast kaut k\u0101das paral\u0113les. Man liekas, ka<\/p>\n<blockquote>\n<p>pirmo reizi pasaules v\u0113stur\u0113 k\u0101da lielvara metodiski cen\u0161as izn\u012bcin\u0101t to, ko vi\u0146i ir b\u016bv\u0113ju\u0161i p\u0113d\u0113jos 80 gadus. Nekas t\u0101ds nav piedz\u012bvots.<\/p>\n<\/blockquote>\n<p>T\u0101d\u0101 zi\u0146\u0101, protams, ir haoss. Es ceru, ka Eiropas galvaspils\u0113t\u0101s \u0161obr\u012bd ir liel\u0101ka apjausma, ar ko mums ir dar\u012b\u0161ana. Mums ir j\u0101r\u0113\u0137in\u0101s ar piln\u012bgi jaunu sp\u0113l\u0113t\u0101ju. Tie pamati, uz kuriem tika b\u016bv\u0113ta un dibin\u0101ta atjaunot\u0101 Latvija, \u0161obr\u012bd Amerik\u0101 tiek metodiski izn\u012bcin\u0101ti. L\u012bdz ar to, ja mums grib\u0113tos dom\u0101t, ka \u0161\u012b valsts var\u0113tu b\u016bt m\u016bsu sabiedrotais, es par to \u013coti stipri \u0161aub\u012btos. Ir piln\u012bgi jauna situ\u0101cija, b\u016bs jaunas attiec\u012bbas, cita veida attiec\u012bbas. T\u0101s neb\u016bs t\u0101das, k\u0101 t\u0101s bija iepriek\u0161\u0113j\u0101s desmitgad\u0113s. Es b\u016b\u0161u taj\u0101 nometn\u0113, kas teiks, ka m\u0113s vairs neesam vi\u0146u sabiedrotie.<\/p>\n<p>J. Garisons: Man liekas, ka \u0161is process ir \u013coti viegli izskaidrojams no v\u0113stures viedok\u013ca. Jebkura dro\u0161\u012bbas sist\u0113ma, kas tiek veidota, vien\u0101 br\u012bd\u012b sabr\u016bk. \u0160\u0101ds piem\u0113rs ir, teiksim, Romas imp\u0113rija, kad t\u0101 atteic\u0101s no sav\u0101m saist\u012bb\u0101m un papla\u0161in\u0101j\u0101s tik daudz, ka vair\u0101k nesp\u0113ja iztur\u0113t milit\u0101ri. Un tagad, kop\u0161 1990. gad\u0101 Amerika mierm\u012bl\u012bgi p\u0101r\u0146\u0113ma pasaules k\u0101rt\u012bbu, tagad m\u0113s esam k\u0101rt\u0113j\u0101 situ\u0101cija, kad \u0161\u012b sist\u0113ma ir sabrukusi, bet nav izveidota jauna. Un man liekas, tas ir svar\u012bg\u0101kais.<\/p>\n<p>A. Tomsons: Ko j\u016bs saprotat ar m\u016bsdienu dro\u0161\u012bbas sist\u0113mu, kas ir sabrukusi? Vai tas ir NATO?<\/p>\n<p>J. Garisons: N\u0113. Eiropas Savien\u012bba un NATO ir tikai viena da\u013ca. Es vair\u0101k to dom\u0101ju starptautisk\u0101 kopum\u0101 uz pasaules, jo tas tika balst\u012bts uz Potsdamas miera konferences rezult\u0101tiem un ANO izveido\u0161anos. Lielvaras faktiski uz\u0146\u0113m\u0101s saist\u012bbas un bija t\u0101ds k\u0101 uzved\u012bbas kodekss, kur\u0161 rad\u012bja balansu. Tas tagad vairs nestr\u0101d\u0101. Amerika negrib \u0161o vado\u0161o lomu sp\u0113l\u0113t. Vec\u0101 k\u0101rt\u012bba pati ir sabrukusi. Tagad aktu\u0101ls ir jaut\u0101jums, kur\u0161 s\u0113d\u0113s pie galda, jo parasti pie galda s\u0113\u017e uzvar\u0113t\u0101ji. Ja m\u0113s b\u016bsim pietiekami sp\u0113c\u012bgi, m\u0113s b\u016bsim ASV sabiedrotie, bet, ja m\u0113s b\u016bsim t\u0101di k\u0101 liela da\u013ca Eiropas, kuri nesaprot, k\u0101di procesi notiek, tad diem\u017e\u0113l mums ir j\u0101samierin\u0101s ar to, ka m\u0113s neb\u016bsim taj\u0101 kategorij\u0101. Tas ir atkar\u012bgs no mums pa\u0161iem.<\/p>\n<p><a name=\"2\">Cit\u0101d\u0101 Amerika<\/a><\/p>\n<p>J. Ka\u017eoci\u0146\u0161: Vispirms viss nav atkar\u012bgs no ASV. Es var\u0113tu piekrist tam, ka ASV gadsimts iet uz beig\u0101m. Tas ir dab\u012bgs process, ko v\u0113sture ir daudzas reizes redz\u0113jusi, bet tas tiek pasteidzin\u0101ts t\u0101p\u0113c, ka \u0161obr\u012bd pie varas ir prezidents, kur\u0161 ner\u0113\u0137in\u0101s ar v\u0113rt\u012bb\u0101m, bet redz visu caur savu uz\u0146\u0113m\u0113ja aci. Taj\u0101 pa\u0161\u0101 laik\u0101 pasaules situ\u0101cija ir main\u012bjusies, jo nav jau vairs ASV vai Padomju Savien\u012bba, vai pat ASV Padomju Savien\u012bba vai \u0136\u012bna, bet ir citi sp\u0113l\u0113t\u0101ji. Braz\u012blija k\u013c\u016bst par lielu sp\u0113l\u0113t\u0101ju. Nig\u0113rija ar laiku k\u013c\u016bst par lielu sp\u0113l\u0113t\u0101ju. Indija tuv\u0101k\u0101 gada, divu laik\u0101 b\u016bs tur. Un vi\u0146i \u013coti strauji pietuvin\u0101s \u0136\u012bnai IKP jom\u0101. Jaut\u0101jums ir, vai b\u016bsim m\u0113s, Eiropa, kur, sal\u012bdzinot ar ASV, m\u016bsu IKP ir apm\u0113ram t\u0101ds pats, k\u0101 vi\u0146iem. Da\u017ei ekonomisti uzskata, ka jau tagad tie ir vien\u0101di. Pie tam, Eirop\u0101 ir apm\u0113ram par 150 miljoniem vair\u0101k iedz\u012bvot\u0101ju. Mums ir zem\u0101ks nabadz\u012bbas l\u012bmenis nek\u0101 ASV. Tas noz\u012bm\u0113, ka m\u0113s esam \u013coti labs tirgus. Jaut\u0101jums ir, kas mums b\u016btu j\u0101dara, lai \u0161o ekonomisko sp\u0113ku p\u0101rv\u0113rstu par politisku un \u0123eopolitiski ietekm\u012bgu.<\/p>\n<p>A. Tomsons: Bet eso\u0161\u0101 sist\u0113ma ir sajukusi.<\/p>\n<p>J. Ka\u017eoci\u0146\u0161: Tas nav tik vienk\u0101r\u0161i. ASV Nacion\u0101l\u0101s dro\u0161\u012bbas strat\u0113\u0123ijas dokuments atspogu\u013co to, ko m\u0113s pa\u0161reiz redzam, un izskaidro daudz no t\u0101, ko Tramps ir sac\u012bjis. M\u0113nesi v\u0113l\u0101k no ASV kongresa n\u0101ca nacion\u0101l\u0101s aizsardz\u012bbas at\u013caujas akts, kur\u0161 pamat\u0101 ir absol\u016bt\u0101 pretrun\u0101 ar dro\u0161\u012bbas strat\u0113\u0123iju. Tur ir t\u0101das mums svar\u012bgas lietas, k\u0101 tas, ka nevar samazin\u0101t ASV sp\u0113kus Eirop\u0101 bez kongresa piekri\u0161anas. Protams, ar to var kaut k\u0101 manipul\u0113t.<\/p>\n<p>A. Tomsons: Bet tas, ko j\u016bs sak\u0101t, noz\u012bm\u0113, ka Amerik\u0101 nav skaidr\u012bbas, vai t\u0101 b\u016bs tik \u013coti cit\u0101d\u0101ka, nek\u0101 m\u0113s dom\u0101jam?<\/p>\n<p>J.Ka\u017eoci\u0146\u0161: Tas, kas notika sestdien (3. janv\u0101r\u012b), var\u0113tu ASV padar\u012bt iev\u0113rojami cit\u0101d\u0101ku, jo Tramps nesaprot, ka ir j\u0101pl\u0101no uz priek\u0161u. T\u0101pat k\u0101 k\u013c\u016bd\u012bj\u0101s D\u017eord\u017es Bu\u0161s 2003. gad\u0101, iebr\u016bkot Ir\u0101k\u0101. Tad nebija nek\u0101da pl\u0101na, ko dar\u012bt t\u0101l\u0101k.<\/p>\n<p><a name=\"3\">Svar\u012bgi nekrist gal\u0113j\u012bb\u0101s<\/a><\/p>\n<p>A. Tomsons: Es \u0161or\u012bt speci\u0101li klaus\u012bjos visus starptautiskos zi\u0146u kan\u0101lus. B\u016bt\u012bb\u0101 gandr\u012bz visur skan \u0161\u012b doma. \u0160\u0137iet, ka tas ir jaut\u0101jums par starptautisko dro\u0161\u012bbas sist\u0113mu. Vai t\u0101da vairs past\u0101v? Un ko j\u016bs, Rieksti\u0146a kungs, b\u016bdams NATO v\u0113stnieks, par to dom\u0101jat?<\/p>\n<p>M. Rieksti\u0146\u0161: Tas, ko es v\u0113los pateikt \u2013 man \u0161\u0137iet svar\u012bgi nekrist gal\u0113j\u012bb\u0101s un ne\u013cauties emocij\u0101m, jo mums ir j\u0101atz\u012bst, ka pasaules k\u0101rt\u012bba, ja m\u0113s par t\u0101du visp\u0101r \u0161eit studij\u0101 run\u0101jam, visu laiku att\u012bst\u0101s. T\u0101 visu laiku ir dinamik\u0101, un, ja man konkr\u0113ti b\u016btu j\u0101run\u0101 par \u0161o organiz\u0101ciju, kur\u0101 es p\u0101rst\u0101vu Latviju, tad NATO ir pan\u0101kumi. Un es neap\u0161aub\u0101mi par pan\u0101kumiem varu nosaukt \u0161\u012bs organiz\u0101cijas sp\u0113ju nodro\u0161in\u0101t savu dal\u012bbvalstu, iedz\u012bvot\u0101ju un teritoriju dro\u0161\u012bbu. To pamat\u0101 ir bijusi sp\u0113ja adapt\u0113ties vien\u0101 vai otr\u0101 situ\u0101cij\u0101. Man \u0161obr\u012bd nav pamata ap\u0161aub\u012bt \u0161\u012bs organiz\u0101cijas sp\u0113ju piel\u0101goties jaunajai situ\u0101cijai.<\/p>\n<p>Es savos apgalvojumos balstos uz to, ko es dzirdu, atrodoties \u0161eit, Brisel\u0113 un da\u017e\u0101d\u0101s NATO san\u0101ksm\u0113s, tai skait\u0101 NATO p\u0113d\u0113j\u0101 samit\u0101 H\u0101g\u0101, kur\u0101 piedal\u012bj\u0101s ASV prezidents Donalds Tramps. Taj\u0101 tika pie\u0146emti fundament\u0101li svar\u012bgi l\u0113mumi visas alianses dro\u0161\u012bbai attiec\u012bb\u0101 uz kolekt\u012bviem un papildus invest\u012bciju pas\u0101kumiem katras dal\u012bbvalsts dro\u0161\u012bbas stiprin\u0101\u0161an\u0101. Tas, ka ir pietiekami sare\u017e\u0123\u012btas situ\u0101cijas un sare\u017e\u0123\u012bti jaut\u0101jumi, piem\u0113ram, notiku\u0161ais Venecu\u0113l\u0101, vai jaun\u0101 Amerikas strat\u0113\u0123ija, neskatoties uz to, es dom\u0101ju, ka ir daudzi punkti, kuri ir, manupr\u0101t, \u013coti pozit\u012bvi v\u0113rt\u0113jami. Amerik\u0101\u0146i ir defin\u0113ju\u0161i starp sav\u0101m da\u017e\u0101m vit\u0101li svar\u012bgaj\u0101m dro\u0161\u012bbas interes\u0113m Eiropas kontinenta dro\u0161\u012bbu. L\u012bdz ar to, ja k\u0101ds saka, ka amerik\u0101\u0146iem Eiropas dro\u0161\u012bba neinteres\u0113, tad es vi\u0146u aicinu palas\u012bt \u0161o strat\u0113\u0123iju.<\/p>\n<blockquote>\n<p>Ne viss \u0161aj\u0101 strat\u0113\u0123ij\u0101 ir t\u0101, k\u0101 Eiropas valstis to v\u0113l\u0113tos redz\u0113t, bet m\u0113s esam demokr\u0101tisku valstu organiz\u0101cijas dal\u012bbnieki, kur katrai valstij ir savas intereses.<\/p>\n<\/blockquote>\n<p>A. Tomsons: Savuk\u0101rt D\u0101nijas premjeres teikto un to, k\u0101 tas ir atrefer\u0113ts medijos, sakot, ka, ja Prezidents Tramps kaut ko saka, tad nedr\u012bkst to neuztvert nopietni. Un, ja vi\u0146\u0161 saka, ka pie\u013cauj ar\u012b milit\u0101ru iesp\u0113ju iekarot Grenlandi, tad tas noz\u012bm\u0113s NATO sabrukumu. P\u0113c \u0161\u012b Balt\u0101 nama preses sekret\u0101rs apstiprin\u0101ja \u2013 j\u0101, prezidents joproj\u0101m patur iesp\u0113ju iekarot NATO un Grenlandi milit\u0101ri. Tad k\u0101 mums to saprast?<\/p>\n<p>M. Rieksti\u0146\u0161: Dro\u0161i vien daudz lab\u0101k par \u0161o specifisko jaut\u0101jumu un Trampa nost\u0101ju b\u016btu izjaut\u0101t m\u016bsu v\u0113stnieces Va\u0161ington\u0101. No pieredzes var\u0113tu teikt, ka mums \u0161ie izteikumi ir j\u0101v\u0113rt\u0113 Amerikas iek\u0161politisk\u0101 kalend\u0101ra kontekst\u0101. Amerik\u0101\u0146iem \u0161aj\u0101 ruden\u012b b\u016bs starta v\u0113l\u0113\u0161anas. M\u0113s redzam, ka \u0161obr\u012bd politisk\u0101 konkurence ir tik ne\u017e\u0113l\u012bga, k\u0101da t\u0101 l\u012bdz \u0161im nav bijusi. Soci\u0101lie t\u012bkli neap\u0161aub\u0101mi sp\u0113l\u0113 savu lomu. Iedz\u012bvot\u0101ji un mediji v\u0113las atbildes uz jaut\u0101jumiem.<\/p>\n<blockquote>\n<p>Es dom\u0101ju, ka Tramps sevi par\u0101d\u012bs k\u0101 politi\u0137is, kur\u0161 nepie\u013cauj situ\u0101ciju, ka zem jebk\u0101da spiediena vi\u0146\u0161 pacels rokas un teiks: &#8220;J\u0101, es tagad maina savu poz\u012bciju.&#8221;<\/p>\n<\/blockquote>\n<p>Es dom\u0101ju, ka s\u0101kum\u0101 mums ir j\u0101m\u0113\u0123ina \u0161o visu v\u0113rt\u0113t ar pietieko\u0161i v\u0113su pr\u0101tu, bez emocij\u0101m, saprotot, ka gan amerik\u0101\u0146i, gan d\u0101\u0146i ir Latvijas sabiedrotie. Abas \u0161\u012bs valstis sp\u0113l\u0113 svar\u012bgu lomu Baltijas dro\u0161\u012bb\u0101 ar saviem karav\u012briem m\u016bsu teritorij\u0101 un Latvijai j\u0101piem\u0113ro pietieko\u0161i p\u0101rdom\u0101ta un balans\u0113ta politika \u0161ajos jaut\u0101jumos.<\/p>\n<p><a name=\"4\">Vai Eiropa ir pietiekami stipra?<\/a><\/p>\n<p>A. Tomsons: Es ar\u012b grib\u0113tu cer\u0113t, ka, tuvojoties v\u0113l\u0113\u0161an\u0101m, Tramps nevar atk\u0101pties no saviem v\u0101rdiem. Klausoties preses konferenci p\u0113c Maduro aiztur\u0113\u0161anas, visi, kas taj\u0101 piedal\u012bj\u0101s, uzsv\u0113ra, ka ir redzams, ka, ja ASV prezidents saka, vi\u0146\u0161 ar\u012b pieturas pie saviem v\u0101rdiem \u2013 te j\u016bs redzat pier\u0101d\u012bjumus. K\u0101 tad lai rea\u0123\u0113 uz \u0161o?<\/p>\n<p>J. Garisons: Es nepiekrit\u012b\u0161u, ka NATO sabruktu br\u012bd\u012b, ja kaut kas notiktu ar Grenlandi. Dr\u012bz\u0101k t\u0101 b\u016bs probl\u0113ma Eiropas Savien\u012bbai un Eiropai, jo taj\u0101 br\u012bd\u012b, kad kaut kas notiks ar Grenlandi, Eiropas Savien\u012bbu, vai k\u0101du Eiropas valsti, tad b\u016bs \u013coti daudz grib\u0113t\u0101ju, kuri vienk\u0101r\u0161i turpin\u0101s ies\u0101kto. T\u0101 ir liel\u0101k\u0101 probl\u0113ma, nevis Amerikas politika, jo Amerika vienk\u0101r\u0161i \u012bsteno savas intereses. Un t\u0101d\u0113\u013c es ar\u012b teicu, ka, ja m\u0113s gribam, lai Amerika b\u016btu stabils partneris dro\u0161\u012bbas jaut\u0101jumos, mums ir j\u0101b\u016bt stipriem. Man \u0161\u0137iet, to ar\u012b apliecina ASV, kas grib redz\u0113t stipru Eiropu. Un t\u0101, manupr\u0101t, ir liela probl\u0113ma, ne pie mums, bet da\u013c\u0101 Eiropas, jo \u012bpa\u0161i Rietumeiropa. Ja m\u0113s gribam, lai Trampa kungs b\u016btu apmierin\u0101ts un m\u0113s b\u016btu dro\u0161i, k\u0101d\u0113\u013c tad m\u0113s nevaram pazi\u0146ot, ka Eiropas valstis nos\u016bt\u012bs k\u0101du armijas brig\u0101di uz Grenlandi. T\u0101d\u0101 veid\u0101 m\u0113s sevi aizsarg\u0101tu un par\u0101d\u012btu, ka sp\u0113jam r\u012bkoties.<\/p>\n<p>J. Ka\u017eoci\u0146\u0161: Man \u0161\u0137iet, ka tas ir j\u0101v\u0113rt\u0113 kontekst\u0101 ar pazi\u0146ojumu no Francijas prezidenta un Apvienot\u0101s Karalistes premjerministra, kuri teica, ka, ja b\u016bs kaut k\u0101ds miera l\u012bgums Ukrain\u0101, tad Francija, Apvienot\u0101 Karaliste un citas valstis nos\u016bt\u012bs tur savu karasp\u0113ku k\u0101 dro\u0161\u012bbas garantu. \u0145emsim v\u0113r\u0101, ka Francija nesp\u0113j pie\u0146emt bud\u017eetu, jo vi\u0146am ir piln\u012bgs haoss. Politik\u0101 tas noz\u012bm\u0113, ka paaugstin\u0101t aizsardz\u012bbas izdevumus nav iesp\u0113jams. \u0145emsim v\u0113r\u0101, ka Apvienot\u0101s Karalistes bru\u0146otie sp\u0113ki ir apm\u0113ram uz pusi maz\u0101ki, k\u0101 tie bija.<\/p>\n<p>A.Tomsons: J\u016bs sak\u0101t, ka stipra Eiropa ir utopija?<\/p>\n<p>J. Ka\u017eoci\u0146\u0161: N\u0113, t\u0101 nav utopija. Pie t\u0101 ir j\u0101s\u0101k nopietni str\u0101d\u0101t.<\/p>\n<p><a id=\"5\" name=\"5\">Negribam sakaitin\u0101t Donaldu Trampu<\/a><\/p>\n<p>A. Tomsons: Bet Eiropa ir tik \u013coti fragment\u0113ta, un m\u0113s nekad nezin\u0101m, kur\u0161 katr\u0101 gad\u0101 tiks iev\u0113l\u0113ts un k\u0101da bus katras valsts nost\u0101ja.<\/p>\n<p>G. Jegermanis: Es varb\u016bt atgriez\u012b\u0161os pie p\u0113d\u0113jo dienu notikumiem, proti, da\u017ei saka, ka l\u012bdz\u012bgs precedents notika 1989. gad\u0101, Panam\u0101. Probl\u0113ma ar \u0161o analo\u0123iju ir t\u0101da, ka Panama atrad\u0101s kara st\u0101vokl\u012b ar ASV. Respekt\u012bvi, ASV bija juridisks iemesls nolaup\u012bt Panamas prezidentu. Bet \u0161obr\u012bd notiek diskusijas par to, ko tad ASV izdar\u012bja, nolaupot Maduro? Eiropas Savien\u012bba un daudzas citas demokr\u0101tisko valstu grupas apgalvo, ka vi\u0146\u0161 nav le\u0123it\u012bms prezidents, jo vi\u0146\u0161 ir nozadzis v\u0113l\u0113\u0161anas. Trampa person\u0101la vad\u012bt\u0101ja vietnieks St\u012bvens Millers raid\u012bjum\u0101 CNN uz \u017eurn\u0101lista paciet\u012bgiem jaut\u0101jumiem atbild\u0113ja, ka nav tur nek\u0101du starptautisku smalkumu.<\/p>\n<p>T\u0101s lietas nestr\u0101d\u0101. V\u0113sturiski ir izveidoju\u0161ies dzelzs principi, kur darbojas sp\u0113ks un vara. Tagad tas ar\u012b b\u016bs. Tur ir nafta, un m\u0113s gribam ar \u0161o naftu darboties. Princips ir diezgan skaidrs. Ja \u0161aj\u0101 kontekst\u0101 paskat\u0101mies uz Grenlandi, kura juridiski ir D\u0101nijas teritorija, tad D\u0101nija ir NATO sabiedrotais un d\u0101\u0146iem ir l\u012bgums ar Amerikas Savienotaj\u0101m Valst\u012bm. Kop\u0161 1951. gada Grenland\u0113 ir biju\u0161as ASV milit\u0101r\u0101s b\u0101zes. \u0160obr\u012bd viena no t\u0101m joproj\u0101m tur atrodas. D\u0101\u0146i pied\u0101v\u0101 sarunas ar amerik\u0101\u0146iem par iesp\u0113ju papla\u0161in\u0101t Amerikas Savienoto Valstu kl\u0101tb\u016btni re\u0123ion\u0101. V\u0101cijas, Francijas, Lielbrit\u0101nijas, Sp\u0101nijas, It\u0101lijas, Polijas valstu vald\u012bbu vad\u012bt\u0101ji kop\u0101 ar D\u0101nijas premjerministri ir nosod\u012bju\u0161i ASV izteikumus par iesp\u0113jamo milit\u0101ra sp\u0113ka pielietojumu. Vi\u0146iem pievienoj\u0101s Zieme\u013cvalstu \u0101rlietu ministri, v\u0113l\u0101k ar\u012b N\u012bderlandes premjerministrs, Grie\u0137ijas premjerministrs un Kan\u0101das premjerministrs. Latvijas ofici\u0101lo amatpersonu pazi\u0146ojumi ir ar nogaido\u0161u raksturu, jo k\u0101 nek\u0101 Latvij\u0101 atrodas D\u0101nijas karav\u012bri. M\u0113s ieturam \u0161o \u013coti bail\u012bgo politiku, jo ASV ir lielisks sabiedrotais mums. Viss pag\u0101ju\u0161ais gads ir pag\u0101jis \u0161aj\u0101 z\u012bm\u0113, jo<\/p>\n<blockquote>\n<p>m\u0113s, k\u0101 maz\u0101 Latvija, negribam sakaitin\u0101t Donaldu Trampu. M\u0113s sak\u0101m, ka ASV ir m\u016bsu partneris un m\u0113s vi\u0146am uzticamies. T\u0101 ir m\u016bsu ofici\u0101l\u0101 retorika.<\/p>\n<\/blockquote>\n<p>Vair\u0101k\u0101s Eiropas galvaspils\u0113t\u0101s atskan balsis, ka ir notiku\u0161as izmai\u0146as un pie agr\u0101k\u0101s situ\u0101cijas m\u0113s neatgriez\u012bsimies.<\/p>\n<p>A. Tomsons: Vai es pareizi saprotu, ka Latvijai b\u016bs j\u0101iz\u0161\u0137iras Tramps vai Eiropa?<\/p>\n<p>G. Jegermanis: N\u0113. Vienk\u0101r\u0161i b\u016bs cits dialogs ar amerik\u0101\u0146iem. Vi\u0146i ir skaidri defin\u0113ju\u0161i savus principus. Vi\u0146i r\u0113\u0137in\u0101s tikai ar sp\u0113ku. Ja Eiropai nav sp\u0113ka, tad Tramps ar Eiropu var ner\u0113\u0137in\u0101ties. Nav noz\u012bmes visu laiku sl\u0101n\u012bt veco Eiropu ar br\u012bdin\u0101jumiem un t\u0101 t\u0101l\u0101k. Mums ir j\u0101atrod kop\u012bgs dialogs, lai m\u0113s b\u016btu stipri un vienoti.\u00a0<\/p>\n<p>J. Garisons: Man liekas, ka Latvijai ir svar\u012bgi nekaitin\u0101t Amerikas Savienot\u0101s Valstis, kam\u0113r m\u0113s neesam izveidoju\u0161i scen\u0101riju B un C. M\u0113s nevaram raust\u012bt lauvu aiz \u016bs\u0101m. Mums j\u0101saprot, kur m\u0113s atrodamies un k\u0101da ir m\u016bsu paties\u0101 situ\u0101cija. Ofici\u0101laj\u0101 l\u012bmen\u012b ir j\u0101\u012bsteno \u0161\u0101da politika, bet paral\u0113li j\u0101gatavojas \u013caun\u0101kajam scen\u0101rijam. Jau tagad ir iesp\u0113jas milit\u0101r\u0101s div\u012bzijas veidot re\u0123ion\u0101li, t\u0101pat k\u0101 Zieme\u013cu div\u012bzija, kas ir \u0100da\u017eos. \u0160\u012bs div\u012bzijas valstis var pie\u0146emt l\u0113mumu un aktiviz\u0113t to bez kop\u0113ja NATO l\u0113muma.<\/p>\n<blockquote>\n<p>Mums j\u0101dom\u0101 scen\u0101riji. J\u0101veido re\u0123ion\u0101las armijas vien\u012bbas, kas b\u016bs gatavas uzreiz aizst\u0101v\u0113ties, nevis gaid\u012bt, ko pateiks Berl\u012bne vai Par\u012bze.<\/p>\n<\/blockquote>\n<p>M\u0113s esam pavad\u012bju\u0161i gadu, un joproj\u0101m nav stabilu Eiropas sp\u0113ku.<\/p>\n","protected":false},"excerpt":{"rendered":"Amerikas Savienot\u0101s Valstis \u0161obr\u012bd maina pasaules dro\u0161\u012bbas sist\u0113mu \u2013 Eiropai ir p\u0113d\u0113jais laiks k\u013c\u016bt par stipru sp\u0113l\u0113t\u0101ju ar\u012b&hellip;\n","protected":false},"author":2,"featured_media":104474,"comment_status":"","ping_status":"","sticky":false,"template":"","format":"standard","meta":{"footnotes":""},"categories":[14],"tags":[23,57,28,29,32,33,22,30,31,35,39,38,36,37,34,40,20,26,27,24,25,54,55,56,21,58],"class_list":{"0":"post-104473","1":"post","2":"type-post","3":"status-publish","4":"format-standard","5":"has-post-thumbnail","7":"category-zinas-no-arvalstim","8":"tag-aktualitates","9":"tag-arvalstim","10":"tag-breaking-news","11":"tag-breakingnews","12":"tag-featured-news","13":"tag-featurednews","14":"tag-headlines","15":"tag-latest-news","16":"tag-latestnews","17":"tag-latvia","18":"tag-latvian","19":"tag-latviesu","20":"tag-latviesu-valoda","21":"tag-latviesuvaloda","22":"tag-latvija","23":"tag-lv","24":"tag-news","25":"tag-popularakas-zinas","26":"tag-popularakaszinas","27":"tag-top-stories","28":"tag-topstories","29":"tag-world","30":"tag-world-news","31":"tag-worldnews","32":"tag-zinas","33":"tag-zinas-no-arvalstim"},"share_on_mastodon":{"url":"https:\/\/pubeurope.com\/@lv\/115894026616122079","error":""},"_links":{"self":[{"href":"https:\/\/www.europesays.com\/lv\/wp-json\/wp\/v2\/posts\/104473","targetHints":{"allow":["GET"]}}],"collection":[{"href":"https:\/\/www.europesays.com\/lv\/wp-json\/wp\/v2\/posts"}],"about":[{"href":"https:\/\/www.europesays.com\/lv\/wp-json\/wp\/v2\/types\/post"}],"author":[{"embeddable":true,"href":"https:\/\/www.europesays.com\/lv\/wp-json\/wp\/v2\/users\/2"}],"replies":[{"embeddable":true,"href":"https:\/\/www.europesays.com\/lv\/wp-json\/wp\/v2\/comments?post=104473"}],"version-history":[{"count":0,"href":"https:\/\/www.europesays.com\/lv\/wp-json\/wp\/v2\/posts\/104473\/revisions"}],"wp:featuredmedia":[{"embeddable":true,"href":"https:\/\/www.europesays.com\/lv\/wp-json\/wp\/v2\/media\/104474"}],"wp:attachment":[{"href":"https:\/\/www.europesays.com\/lv\/wp-json\/wp\/v2\/media?parent=104473"}],"wp:term":[{"taxonomy":"category","embeddable":true,"href":"https:\/\/www.europesays.com\/lv\/wp-json\/wp\/v2\/categories?post=104473"},{"taxonomy":"post_tag","embeddable":true,"href":"https:\/\/www.europesays.com\/lv\/wp-json\/wp\/v2\/tags?post=104473"}],"curies":[{"name":"wp","href":"https:\/\/api.w.org\/{rel}","templated":true}]}}