{"id":104475,"date":"2026-01-14T14:54:06","date_gmt":"2026-01-14T14:54:06","guid":{"rendered":"https:\/\/www.europesays.com\/lv\/104475\/"},"modified":"2026-01-14T14:54:06","modified_gmt":"2026-01-14T14:54:06","slug":"silina-skaidro-kadel-latvija-nepieciesama-slimnicu-modela-maina","status":"publish","type":"post","link":"https:\/\/www.europesays.com\/lv\/104475\/","title":{"rendered":"Sili\u0146a skaidro, k\u0101d\u0113\u013c Latvij\u0101 nepiecie\u0161ama slimn\u012bcu mode\u013ca mai\u0146a"},"content":{"rendered":"<p>Vi\u0146a nor\u0101d\u012bja, ka p\u0101rmai\u0146as ir nepiecie\u0161amas, \u0146emot v\u0113r\u0101 ar\u012b to, k\u0101ds ir \u0101rstniec\u012bbas person\u0101la skaits un to, ka pa\u0161vald\u012bbas, kur\u0101m pieder <a href=\"https:\/\/www.tvnet.lv\/term\/653898\/slimnicas\" class=\"topicLink\" target=\"_blank\" rel=\"nofollow noopener\">slimn\u012bcas<\/a>, sav\u0101 starp\u0101 sacen\u0161as par speci\u0101listiem. &#8220;Bet iedz\u012bvot\u0101js jau ir viens un tas pats, un vi\u0146am neinteres\u0113, kurai pa\u0161vald\u012bbai pieder slimn\u012bca,&#8221; uzsv\u0113ra Sili\u0146a.<\/p>\n<p>Premjere pauda, ka ir svar\u012bgi, lai b\u016btu skaidr\u012bba par slimn\u012bcu speci\u0101listiem un pakalpojumiem ar\u012b no neatliekam\u0101s medic\u012bnisk\u0101s pal\u012bdz\u012bbas viedok\u013ca.<\/p>\n<p>&#8220;Sadalot slimn\u012bcas \u0161\u0101dos l\u012bme\u0146os, m\u0113s esam gatavi pateikt, kur\u0101s slimn\u012bc\u0101s k\u0101di pakalpojumi b\u016bs un kur\u0101s slimn\u012bc\u0101s k\u0101di pakalpojumi neb\u016bs,&#8221; skaidroja Sili\u0146a.<\/p>\n<p>Vi\u0146a min\u0113ja, ka, iesp\u0113jams, p\u0113c k\u0101da laika v\u0113l main\u012bsies k\u0101di pakalpojumu samaksas nosac\u012bjumi. &#8220;Jo \u012bsti labi tas nav, ka gada beig\u0101s vienm\u0113r ir neizpildes. Ir j\u0101maina ar\u012b finans\u0113juma modelis,&#8221; uzsv\u0113ra premjere.<\/p>\n<p>Jau v\u0113st\u012bts, ka l\u012bdz 2026. gada 1. j\u016bnijam <a href=\"https:\/\/www.tvnet.lv\/term\/565832\/veselibas-ministrija\" class=\"topicLink\" target=\"_blank\" rel=\"nofollow noopener\">Vesel\u012bbas ministrija<\/a> (VM) pl\u0101no sagatavot pied\u0101v\u0101jumu stacion\u0101ro \u0101rstniec\u012bbas iest\u0101\u017eu dal\u012bjumam l\u012bme\u0146os, p\u0101rskat\u012bt neatliekam\u0101s medic\u012bnas un pacientu uz\u0146em\u0161anas noda\u013cu t\u012bklu, k\u0101 ar\u012b noteikt jaunas pras\u012bbas \u0161o noda\u013cu person\u0101lam. Vienlaikus ministrija iecer\u0113jusi s\u0101kt diskusijas ar slimn\u012bc\u0101m par sadarb\u012bbas principiem pacientu pl\u016bsmas organiz\u0113\u0161an\u0101 un pakalpojumu nodro\u0161in\u0101\u0161an\u0101, diferenc\u0113jot neatliekam\u0101s medic\u012bnas un pacientu uz\u0146em\u0161anas noda\u013cas un steidzam\u0101s medic\u012bnisk\u0101s pal\u012bdz\u012bbas noda\u013cas.<\/p>\n","protected":false},"excerpt":{"rendered":"Vi\u0146a nor\u0101d\u012bja, ka p\u0101rmai\u0146as ir nepiecie\u0161amas, \u0146emot v\u0113r\u0101 ar\u012b to, k\u0101ds ir \u0101rstniec\u012bbas person\u0101la skaits un to, ka&hellip;\n","protected":false},"author":2,"featured_media":104476,"comment_status":"","ping_status":"","sticky":false,"template":"","format":"standard","meta":{"footnotes":""},"categories":[12],"tags":[23,28,29,1249,32,33,22,30,31,35,39,38,36,37,34,40,20,26,27,1288,24,25,1454,21],"class_list":{"0":"post-104475","1":"post","2":"type-post","3":"status-publish","4":"format-standard","5":"has-post-thumbnail","7":"category-latvija","8":"tag-aktualitates","9":"tag-breaking-news","10":"tag-breakingnews","11":"tag-evika-silina","12":"tag-featured-news","13":"tag-featurednews","14":"tag-headlines","15":"tag-latest-news","16":"tag-latestnews","17":"tag-latvia","18":"tag-latvian","19":"tag-latviesu","20":"tag-latviesu-valoda","21":"tag-latviesuvaloda","22":"tag-latvija","23":"tag-lv","24":"tag-news","25":"tag-popularakas-zinas","26":"tag-popularakaszinas","27":"tag-slimnicas","28":"tag-top-stories","29":"tag-topstories","30":"tag-veselibas-ministrija","31":"tag-zinas"},"share_on_mastodon":{"url":"https:\/\/pubeurope.com\/@lv\/115894030425148537","error":""},"_links":{"self":[{"href":"https:\/\/www.europesays.com\/lv\/wp-json\/wp\/v2\/posts\/104475","targetHints":{"allow":["GET"]}}],"collection":[{"href":"https:\/\/www.europesays.com\/lv\/wp-json\/wp\/v2\/posts"}],"about":[{"href":"https:\/\/www.europesays.com\/lv\/wp-json\/wp\/v2\/types\/post"}],"author":[{"embeddable":true,"href":"https:\/\/www.europesays.com\/lv\/wp-json\/wp\/v2\/users\/2"}],"replies":[{"embeddable":true,"href":"https:\/\/www.europesays.com\/lv\/wp-json\/wp\/v2\/comments?post=104475"}],"version-history":[{"count":0,"href":"https:\/\/www.europesays.com\/lv\/wp-json\/wp\/v2\/posts\/104475\/revisions"}],"wp:featuredmedia":[{"embeddable":true,"href":"https:\/\/www.europesays.com\/lv\/wp-json\/wp\/v2\/media\/104476"}],"wp:attachment":[{"href":"https:\/\/www.europesays.com\/lv\/wp-json\/wp\/v2\/media?parent=104475"}],"wp:term":[{"taxonomy":"category","embeddable":true,"href":"https:\/\/www.europesays.com\/lv\/wp-json\/wp\/v2\/categories?post=104475"},{"taxonomy":"post_tag","embeddable":true,"href":"https:\/\/www.europesays.com\/lv\/wp-json\/wp\/v2\/tags?post=104475"}],"curies":[{"name":"wp","href":"https:\/\/api.w.org\/{rel}","templated":true}]}}