{"id":104477,"date":"2026-01-14T14:55:16","date_gmt":"2026-01-14T14:55:16","guid":{"rendered":"https:\/\/www.europesays.com\/lv\/104477\/"},"modified":"2026-01-14T14:55:16","modified_gmt":"2026-01-14T14:55:16","slug":"tieslietu-ministre-i-libina-egnere-jekabpili-atklas-zemgales-apgabaltiesas-jauno-tiesu-namu","status":"publish","type":"post","link":"https:\/\/www.europesays.com\/lv\/104477\/","title":{"rendered":"Tieslietu ministre I. L\u012bbi\u0146a-Egnere J\u0113kabpil\u012b atkl\u0101s Zemgales apgabaltiesas jauno tiesu namu"},"content":{"rendered":"<p>Tre\u0161dien, 14. janv\u0101r\u012b, tieslietu ministre Inese L\u012bbi\u0146a-Egnere darba viz\u012bt\u0113 apmekl\u0113s J\u0113kabpili, lai piedal\u012btos Zemgales apgabaltiesas J\u0113kabpils tiesu nama svin\u012bgaj\u0101 atkl\u0101\u0161an\u0101 un iepaz\u012btos ar t\u0101 aktualit\u0101t\u0113m.<\/p>\n<p>Ar uzrun\u0101m uzst\u0101sies tieslietu ministre un Zemgales apgabaltiesas priek\u0161s\u0113d\u0113t\u0101js Juris Sili\u0146\u0161. Pas\u0101kuma programm\u0101 paredz\u0113ta ar\u012b ekskursija pa tiesu namu, iepaz\u012bstinot ar telp\u0101m un darba vidi. Jaunais tiesu nams b\u016btiski uzlabos tiesu pieejam\u012bbu re\u0123ion\u0101 un nodro\u0161in\u0101s modernu, efekt\u012bvu darba vidi tiesne\u0161iem un tiesas darbiniekiem.<\/p>\n<p>Viz\u012btes nosl\u0113gum\u0101 tieslietu ministre tiksies ar tiesne\u0161iem un tiesas darbiniekiem, lai p\u0101rrun\u0101tu tiesu darba organiz\u0101ciju, aktu\u0101los izaicin\u0101jumus un tieslietu sist\u0113mas att\u012bst\u012bbas jaut\u0101jumus re\u0123ion\u0101.<\/p>\n<p>          <img decoding=\"async\" src=\"https:\/\/www.europesays.com\/lv\/wp-content\/uploads\/2026\/01\/1767645852_487_logo-lv.png\" alt=\"\"\/><\/p>\n<p>                  \u0160\u012b inform\u0101cija ir publisks pazi\u0146ojums un neatspogu\u013co LV port\u0101la viedokli. Par t\u0101s saturu atbild ies\u016bt\u012bt\u0101js. <a data-popup=\"rules\">Public\u0113\u0161anas noteikumi<\/a><\/p>\n","protected":false},"excerpt":{"rendered":"Tre\u0161dien, 14. janv\u0101r\u012b, tieslietu ministre Inese L\u012bbi\u0146a-Egnere darba viz\u012bt\u0113 apmekl\u0113s J\u0113kabpili, lai piedal\u012btos Zemgales apgabaltiesas J\u0113kabpils tiesu nama&hellip;\n","protected":false},"author":2,"featured_media":95583,"comment_status":"","ping_status":"","sticky":false,"template":"","format":"standard","meta":{"footnotes":""},"categories":[5],"tags":[23,28,29,32,33,22,30,31,35,39,38,36,37,34,40,20,26,27,24,25,21],"class_list":{"0":"post-104477","1":"post","2":"type-post","3":"status-publish","4":"format-standard","5":"has-post-thumbnail","7":"category-aktualitates","8":"tag-aktualitates","9":"tag-breaking-news","10":"tag-breakingnews","11":"tag-featured-news","12":"tag-featurednews","13":"tag-headlines","14":"tag-latest-news","15":"tag-latestnews","16":"tag-latvia","17":"tag-latvian","18":"tag-latviesu","19":"tag-latviesu-valoda","20":"tag-latviesuvaloda","21":"tag-latvija","22":"tag-lv","23":"tag-news","24":"tag-popularakas-zinas","25":"tag-popularakaszinas","26":"tag-top-stories","27":"tag-topstories","28":"tag-zinas"},"share_on_mastodon":{"url":"https:\/\/pubeurope.com\/@lv\/115894034351703944","error":""},"_links":{"self":[{"href":"https:\/\/www.europesays.com\/lv\/wp-json\/wp\/v2\/posts\/104477","targetHints":{"allow":["GET"]}}],"collection":[{"href":"https:\/\/www.europesays.com\/lv\/wp-json\/wp\/v2\/posts"}],"about":[{"href":"https:\/\/www.europesays.com\/lv\/wp-json\/wp\/v2\/types\/post"}],"author":[{"embeddable":true,"href":"https:\/\/www.europesays.com\/lv\/wp-json\/wp\/v2\/users\/2"}],"replies":[{"embeddable":true,"href":"https:\/\/www.europesays.com\/lv\/wp-json\/wp\/v2\/comments?post=104477"}],"version-history":[{"count":0,"href":"https:\/\/www.europesays.com\/lv\/wp-json\/wp\/v2\/posts\/104477\/revisions"}],"wp:featuredmedia":[{"embeddable":true,"href":"https:\/\/www.europesays.com\/lv\/wp-json\/wp\/v2\/media\/95583"}],"wp:attachment":[{"href":"https:\/\/www.europesays.com\/lv\/wp-json\/wp\/v2\/media?parent=104477"}],"wp:term":[{"taxonomy":"category","embeddable":true,"href":"https:\/\/www.europesays.com\/lv\/wp-json\/wp\/v2\/categories?post=104477"},{"taxonomy":"post_tag","embeddable":true,"href":"https:\/\/www.europesays.com\/lv\/wp-json\/wp\/v2\/tags?post=104477"}],"curies":[{"name":"wp","href":"https:\/\/api.w.org\/{rel}","templated":true}]}}