{"id":104478,"date":"2026-01-14T14:56:07","date_gmt":"2026-01-14T14:56:07","guid":{"rendered":"https:\/\/www.europesays.com\/lv\/104478\/"},"modified":"2026-01-14T14:56:07","modified_gmt":"2026-01-14T14:56:07","slug":"kristine-jelinska-pec-skirsanas-no-olega-fila-liek-noprast-ka-atkal-ir-iemilejusies","status":"publish","type":"post","link":"https:\/\/www.europesays.com\/lv\/104478\/","title":{"rendered":"Krist\u012bne Jelinska p\u0113c \u0161\u0137ir\u0161an\u0101s no O\u013cega Fi\u013ca liek noprast, ka atkal ir iem\u012bl\u0113jusies"},"content":{"rendered":"<p>Daudznoz\u012bm\u012bgo foto papildina otrs \u012bsais st\u0101sti\u0146\u0161, kur\u0101 angliski ir rakst\u012bts: &#8220;K\u0101p\u0113c tu vi\u0146\u0101 tik \u0101tri iem\u012bl\u0113jies? Jo vi\u0146\u0161 ned\u0113\u013cas laik\u0101 lika sajust, k\u0101 tas ir, kad pret tevi izturas pareizi, kam\u0113r citi to nesp\u0113ja izdar\u012bt gadiem.&#8221; Ierakstu papildina sarkana sirsni\u0146a.<\/p>\n<p>Jau v\u0113st\u012bts, ka &#8221;Nurmui\u017eas&#8221; kompleksa vad\u012bt\u0101ja <a href=\"https:\/\/sejas.tvnet.lv\/term\/725828\/kristine-jelinska\" class=\"topicLink\" target=\"_blank\" rel=\"nofollow noopener\">Krist\u012bne Jelinska<\/a> p\u0113c septi\u0146u gadu ilg\u0101m attiec\u012bb\u0101m ar uz\u0146\u0113m\u0113ju O\u013cegu Fi\u013cu nol\u0113ma aiziet, jo, k\u0101 vi\u0146a apgalvo intervij\u0101s, v\u012brietis nepiepild\u012bja vi\u0146as ekspekt\u0101cijas.<\/p>\n","protected":false},"excerpt":{"rendered":"Daudznoz\u012bm\u012bgo foto papildina otrs \u012bsais st\u0101sti\u0146\u0161, kur\u0101 angliski ir rakst\u012bts: &#8220;K\u0101p\u0113c tu vi\u0146\u0101 tik \u0101tri iem\u012bl\u0113jies? Jo vi\u0146\u0161&hellip;\n","protected":false},"author":2,"featured_media":104479,"comment_status":"","ping_status":"","sticky":false,"template":"","format":"standard","meta":{"footnotes":""},"categories":[19],"tags":[89,90,13513,35,39,38,36,37,34,40],"class_list":{"0":"post-104478","1":"post","2":"type-post","3":"status-publish","4":"format-standard","5":"has-post-thumbnail","7":"category-izklaide","8":"tag-entertainment","9":"tag-izklaide","10":"tag-kristine-jelinska","11":"tag-latvia","12":"tag-latvian","13":"tag-latviesu","14":"tag-latviesu-valoda","15":"tag-latviesuvaloda","16":"tag-latvija","17":"tag-lv"},"share_on_mastodon":{"url":"https:\/\/pubeurope.com\/@lv\/115894038337468070","error":""},"_links":{"self":[{"href":"https:\/\/www.europesays.com\/lv\/wp-json\/wp\/v2\/posts\/104478","targetHints":{"allow":["GET"]}}],"collection":[{"href":"https:\/\/www.europesays.com\/lv\/wp-json\/wp\/v2\/posts"}],"about":[{"href":"https:\/\/www.europesays.com\/lv\/wp-json\/wp\/v2\/types\/post"}],"author":[{"embeddable":true,"href":"https:\/\/www.europesays.com\/lv\/wp-json\/wp\/v2\/users\/2"}],"replies":[{"embeddable":true,"href":"https:\/\/www.europesays.com\/lv\/wp-json\/wp\/v2\/comments?post=104478"}],"version-history":[{"count":0,"href":"https:\/\/www.europesays.com\/lv\/wp-json\/wp\/v2\/posts\/104478\/revisions"}],"wp:featuredmedia":[{"embeddable":true,"href":"https:\/\/www.europesays.com\/lv\/wp-json\/wp\/v2\/media\/104479"}],"wp:attachment":[{"href":"https:\/\/www.europesays.com\/lv\/wp-json\/wp\/v2\/media?parent=104478"}],"wp:term":[{"taxonomy":"category","embeddable":true,"href":"https:\/\/www.europesays.com\/lv\/wp-json\/wp\/v2\/categories?post=104478"},{"taxonomy":"post_tag","embeddable":true,"href":"https:\/\/www.europesays.com\/lv\/wp-json\/wp\/v2\/tags?post=104478"}],"curies":[{"name":"wp","href":"https:\/\/api.w.org\/{rel}","templated":true}]}}