{"id":104482,"date":"2026-01-14T14:59:24","date_gmt":"2026-01-14T14:59:24","guid":{"rendered":"https:\/\/www.europesays.com\/lv\/104482\/"},"modified":"2026-01-14T14:59:24","modified_gmt":"2026-01-14T14:59:24","slug":"video-%e2%9f%a9-pec-ukrainu-trieciena-rostova-uzliesmo-dronu-rupnica","status":"publish","type":"post","link":"https:\/\/www.europesays.com\/lv\/104482\/","title":{"rendered":"VIDEO \u27e9 P\u0113c ukrai\u0146u trieciena Rostov\u0101 uzliesmo dronu r\u016bpn\u012bca"},"content":{"rendered":"<p>Trieciena rezult\u0101t\u0101 objekt\u0101 notika vair\u0101ki spr\u0101dzieni un izc\u0113l\u0101s ugunsgr\u0113ks, zi\u0146o SBU.<\/p>\n<blockquote class=\"twitter-tweet\">\n<p lang=\"en\" dir=\"ltr\">The Security Service of Ukraine, together with the Ukrainian Navy, carried out a missile strike on a full-cycle drone production facility in Taganrog.<\/p>\n<p>In addition, the Defense Forces hit a number of Russian army targets in the temporarily occupied territories of the Zaporizhzhia\u2026 <a href=\"https:\/\/t.co\/IQzcUmmyuP\" rel=\"nofollow\">pic.twitter.com\/IQzcUmmyuP<\/a><\/p>\n<p>\u2014 Saint Javelin (@saintjavelin) <a href=\"https:\/\/twitter.com\/saintjavelin\/status\/2011015668804518144?ref_src=twsrc%5Etfw\" rel=\"nofollow noopener\" target=\"_blank\">January 13, 2026<\/a><\/p><\/blockquote>\n<p>&#8220;Atlant Aero&#8221; ra\u017eo &#8220;Molnija&#8221; tipa uzbrukuma un izl\u016bko\u0161anas bezpilota lidapar\u0101tus, k\u0101 ar\u012b lidrobotu &#8220;Orion&#8221; deta\u013cas.<\/p>\n<p>&#8220;R\u016bpn\u012bcas sagr\u0101ve samazin\u0101s bezpilota lidapar\u0101tu ra\u017eo\u0161anas apjomu un v\u0101jin\u0101s okupantu tehnisk\u0101s iesp\u0113jas veikt izl\u016bko\u0161anas un uzbrukuma oper\u0101cijas, izmantojot bezpilota lidapar\u0101tus,&#8221; pazi\u0146ojis SBU.<\/p>\n<p>Iepriek\u0161 par bezpilota lidapar\u0101tu uzbrukumu Taganrogai zi\u0146oja pils\u0113tas varasiest\u0101des. Taj\u0101 pa\u0161\u0101 laik\u0101 Rostovas apgabala gubernators Jurijs S\u013cusars apgalvoja, ka neviens cilv\u0113ks neesot cietis, bet boj\u0101ts k\u0101ds &#8220;rekl\u0101mas objekts&#8221;.<\/p>\n<p><script async src=\"https:\/\/platform.twitter.com\/widgets.js\" charset=\"utf-8\"><\/script><\/p>\n","protected":false},"excerpt":{"rendered":"Trieciena rezult\u0101t\u0101 objekt\u0101 notika vair\u0101ki spr\u0101dzieni un izc\u0113l\u0101s ugunsgr\u0113ks, zi\u0146o SBU. The Security Service of Ukraine, together with&hellip;\n","protected":false},"author":2,"featured_media":83807,"comment_status":"","ping_status":"","sticky":false,"template":"","format":"standard","meta":{"footnotes":""},"categories":[14],"tags":[23,57,28,29,32,33,22,234,74,30,31,35,39,38,36,37,34,40,20,26,27,24,25,276,54,55,56,21,58],"class_list":{"0":"post-104482","1":"post","2":"type-post","3":"status-publish","4":"format-standard","5":"has-post-thumbnail","7":"category-zinas-no-arvalstim","8":"tag-aktualitates","9":"tag-arvalstim","10":"tag-breaking-news","11":"tag-breakingnews","12":"tag-featured-news","13":"tag-featurednews","14":"tag-headlines","15":"tag-krievija","16":"tag-krievijas-iebrukums-ukraina","17":"tag-latest-news","18":"tag-latestnews","19":"tag-latvia","20":"tag-latvian","21":"tag-latviesu","22":"tag-latviesu-valoda","23":"tag-latviesuvaloda","24":"tag-latvija","25":"tag-lv","26":"tag-news","27":"tag-popularakas-zinas","28":"tag-popularakaszinas","29":"tag-top-stories","30":"tag-topstories","31":"tag-ukraina","32":"tag-world","33":"tag-world-news","34":"tag-worldnews","35":"tag-zinas","36":"tag-zinas-no-arvalstim"},"share_on_mastodon":{"url":"https:\/\/pubeurope.com\/@lv\/115894050103134243","error":""},"_links":{"self":[{"href":"https:\/\/www.europesays.com\/lv\/wp-json\/wp\/v2\/posts\/104482","targetHints":{"allow":["GET"]}}],"collection":[{"href":"https:\/\/www.europesays.com\/lv\/wp-json\/wp\/v2\/posts"}],"about":[{"href":"https:\/\/www.europesays.com\/lv\/wp-json\/wp\/v2\/types\/post"}],"author":[{"embeddable":true,"href":"https:\/\/www.europesays.com\/lv\/wp-json\/wp\/v2\/users\/2"}],"replies":[{"embeddable":true,"href":"https:\/\/www.europesays.com\/lv\/wp-json\/wp\/v2\/comments?post=104482"}],"version-history":[{"count":0,"href":"https:\/\/www.europesays.com\/lv\/wp-json\/wp\/v2\/posts\/104482\/revisions"}],"wp:featuredmedia":[{"embeddable":true,"href":"https:\/\/www.europesays.com\/lv\/wp-json\/wp\/v2\/media\/83807"}],"wp:attachment":[{"href":"https:\/\/www.europesays.com\/lv\/wp-json\/wp\/v2\/media?parent=104482"}],"wp:term":[{"taxonomy":"category","embeddable":true,"href":"https:\/\/www.europesays.com\/lv\/wp-json\/wp\/v2\/categories?post=104482"},{"taxonomy":"post_tag","embeddable":true,"href":"https:\/\/www.europesays.com\/lv\/wp-json\/wp\/v2\/tags?post=104482"}],"curies":[{"name":"wp","href":"https:\/\/api.w.org\/{rel}","templated":true}]}}