{"id":104485,"date":"2026-01-14T15:01:07","date_gmt":"2026-01-14T15:01:07","guid":{"rendered":"https:\/\/www.europesays.com\/lv\/104485\/"},"modified":"2026-01-14T15:01:07","modified_gmt":"2026-01-14T15:01:07","slug":"pusaudza-slepkaviba-lietuva-izmeklesanas-detalas","status":"publish","type":"post","link":"https:\/\/www.europesays.com\/lv\/104485\/","title":{"rendered":"Pusaud\u017ea slepkav\u012bba Lietuv\u0101: izmekl\u0113\u0161anas deta\u013cas"},"content":{"rendered":"<p class=\"descr\">Pag\u0101ju\u0161aj\u0101 vasar\u0101 notika noziegums, kas \u0161ok\u0113ja visu Lietuvu &#8211; 15 gadus veca jaunie\u0161a slepkav\u012bba, kur\u0101 tiek vainots vi\u0146a vienaudzis.<\/p>\n<p>Pusgadu ilgus\u012b izmekl\u0113\u0161ana jau tuvojas nosl\u0113gumam, un k\u013c\u016bst skaidr\u0101kas jaunas deta\u013cas. Augusta s\u0101kum\u0101 Lietuv\u0101 notika ne\u017e\u0113l\u012bgs noziegums, kad nepilngad\u012bgais, kur\u0161 s\u0101kotn\u0113ji bija pazudis, tika atrasts noslepkavots. Vair\u0101k par \u0161o tra\u0123\u0113diju var izlas\u012bt <a href=\"https:\/\/nra.lv\/pasaule\/500281-jaunas-detalas-par-15-gadus-veca-jauniesa-slepkavibu-lietuva.htm\" data-item-link=\"true\" data-item-id=\"500281\" rel=\"nofollow noopener\" target=\"_blank\">\u0161eit<\/a><\/p>\n<p>Avoti zi\u0146u port\u0101lam tv3.lt ir atkl\u0101ju\u0161i vair\u0101k deta\u013cu par slepkav\u012bbas lietu. P\u0113c vi\u0146u datiem, aizdom\u0101s tur\u0113tais &#8211; noslepkavot\u0101 vienaudzis &#8211; joproj\u0101m atrodas apcietin\u0101jum\u0101.<\/p>\n<p>&#8220;Pag\u0101ju\u0161\u0101 gada 29. oktobr\u012b pirmstiesas izmekl\u0113\u0161anas tiesnesis nol\u0113ma apmierin\u0101t prokurora l\u016bgumu un pagarin\u0101t aizdom\u0101s tur\u0113tajam prevent\u012bvo termi\u0146u &#8211; apcietin\u0101jumu &#8211; par 1 m\u0113nesi, s\u0101kot no 2025. gada 5. novembra l\u012bdz 2025. gada 3. decembrim,&#8221; a\u0123ent\u016brai Elta pazi\u0146o p\u0101rst\u0101vis Giedrus Janonis.<\/p>\n<p>15 gadus vecais jaunietis pirmo reizi tika arest\u0113ts 4. august\u0101, vair\u0101k nek\u0101 dienu p\u0113c tam, kad vi\u0146\u0161 tika aiztur\u0113ts aizdom\u0101s par \u012bpa\u0161i smagu noziegumu. V\u0113l\u0101k apcietin\u0101jums tika pagarin\u0101ts, un augst\u0101k\u0101 tiesa v\u0113l\u0113j\u0101s izskat\u012bt apel\u0101ciju un atst\u0101t apcietin\u0101jumu sp\u0113k\u0101.<\/p>\n<p>B\u0113rna m\u0101te zi\u0146u port\u0101lam tv3.lt atkl\u0101j ekskluz\u012bvas \u0161ok\u0113jo\u0161as deta\u013cas par upura un iesp\u0113jam\u0101 slepkavas attiec\u012bb\u0101m, savas dz\u012bves deta\u013c\u0101m un neaptveramo tra\u0123\u0113diju.<\/p>\n<p>P\u0113c vi\u0146as teikt\u0101, vi\u0146i ir \u013coti tuvi draugi, kas kop\u0101 piedal\u012bju\u0161ies da\u017e\u0101d\u0101s aktivit\u0101t\u0113s &#8211; apmekl\u0113ju\u0161i vasaras ball\u012btes, piedal\u012bju\u0161ies \u0161aha turn\u012bros un da\u017e\u0101d\u0101s cit\u0101s aktivit\u0101t\u0113s.<\/p>\n<p>P\u0113c vi\u0146as teikt\u0101, notiku\u0161ais \u013coti d\u012bvains, un neviens nevar saprast, k\u0101 lab\u0101kais draugs var\u0113ja tikai ne\u017e\u0113l\u012bgi sagriezt un apg\u0101n\u012bt sava drauga \u0137ermeni.<\/p>\n<p>\t\t\t\t\t\tinfo<\/p>\n<p>Uzzini pirmais<br \/>kas interesants noticis Latvij\u0101 un pasaul\u0113,<br \/>pievienojoties mums <a href=\"https:\/\/t.me\/neatkariga\" rel=\"nofollow\">Telegram<\/a> vai <a href=\"https:\/\/whatsapp.com\/channel\/0029VaMLFUH5K3zLU5s4wm3y\" rel=\"nofollow noopener\" target=\"_blank\">Whatsapp<\/a> kan\u0101l\u0101<\/p>\n","protected":false},"excerpt":{"rendered":"Pag\u0101ju\u0161aj\u0101 vasar\u0101 notika noziegums, kas \u0161ok\u0113ja visu Lietuvu &#8211; 15 gadus veca jaunie\u0161a slepkav\u012bba, kur\u0101 tiek vainots vi\u0146a&hellip;\n","protected":false},"author":2,"featured_media":104486,"comment_status":"","ping_status":"","sticky":false,"template":"","format":"standard","meta":{"footnotes":""},"categories":[5],"tags":[23,28,29,32,33,22,30,31,35,39,38,36,37,34,40,20,26,27,24,25,21],"class_list":{"0":"post-104485","1":"post","2":"type-post","3":"status-publish","4":"format-standard","5":"has-post-thumbnail","7":"category-aktualitates","8":"tag-aktualitates","9":"tag-breaking-news","10":"tag-breakingnews","11":"tag-featured-news","12":"tag-featurednews","13":"tag-headlines","14":"tag-latest-news","15":"tag-latestnews","16":"tag-latvia","17":"tag-latvian","18":"tag-latviesu","19":"tag-latviesu-valoda","20":"tag-latviesuvaloda","21":"tag-latvija","22":"tag-lv","23":"tag-news","24":"tag-popularakas-zinas","25":"tag-popularakaszinas","26":"tag-top-stories","27":"tag-topstories","28":"tag-zinas"},"share_on_mastodon":{"url":"https:\/\/pubeurope.com\/@lv\/115894057920566202","error":""},"_links":{"self":[{"href":"https:\/\/www.europesays.com\/lv\/wp-json\/wp\/v2\/posts\/104485","targetHints":{"allow":["GET"]}}],"collection":[{"href":"https:\/\/www.europesays.com\/lv\/wp-json\/wp\/v2\/posts"}],"about":[{"href":"https:\/\/www.europesays.com\/lv\/wp-json\/wp\/v2\/types\/post"}],"author":[{"embeddable":true,"href":"https:\/\/www.europesays.com\/lv\/wp-json\/wp\/v2\/users\/2"}],"replies":[{"embeddable":true,"href":"https:\/\/www.europesays.com\/lv\/wp-json\/wp\/v2\/comments?post=104485"}],"version-history":[{"count":0,"href":"https:\/\/www.europesays.com\/lv\/wp-json\/wp\/v2\/posts\/104485\/revisions"}],"wp:featuredmedia":[{"embeddable":true,"href":"https:\/\/www.europesays.com\/lv\/wp-json\/wp\/v2\/media\/104486"}],"wp:attachment":[{"href":"https:\/\/www.europesays.com\/lv\/wp-json\/wp\/v2\/media?parent=104485"}],"wp:term":[{"taxonomy":"category","embeddable":true,"href":"https:\/\/www.europesays.com\/lv\/wp-json\/wp\/v2\/categories?post=104485"},{"taxonomy":"post_tag","embeddable":true,"href":"https:\/\/www.europesays.com\/lv\/wp-json\/wp\/v2\/tags?post=104485"}],"curies":[{"name":"wp","href":"https:\/\/api.w.org\/{rel}","templated":true}]}}