{"id":104487,"date":"2026-01-14T15:02:16","date_gmt":"2026-01-14T15:02:16","guid":{"rendered":"https:\/\/www.europesays.com\/lv\/104487\/"},"modified":"2026-01-14T15:02:16","modified_gmt":"2026-01-14T15:02:16","slug":"elina-garanca-sveic-raimondu-paulu-apalaja-jubileja-un-kopa-izpilda-kerijas-dziesmu-lente-lv","status":"publish","type":"post","link":"https:\/\/www.europesays.com\/lv\/104487\/","title":{"rendered":"El\u012bna Garan\u010da sveic Raimondu Paulu apa\u013caj\u0101 jubilej\u0101 un kop\u0101 izpilda &#8220;Kerijas dziesmu&#8221;\u00a0\u2014\u00a0Lente.lv"},"content":{"rendered":"<p>El\u012bna Garan\u010da pau\u017e v\u0113l\u0113jumus Maestro Raimondam Paulam<\/p>\n<p>Pasaulslaven\u0101 latvie\u0161u operdzied\u0101t\u0101ja El\u012bna Garan\u010da ir velt\u012bjusi savus silt\u0101kos v\u0113l\u0113jumus Maestro Raimondam Paulam vi\u0146a apa\u013caj\u0101 jubilej\u0101, nov\u0113lot vi\u0146am sagaid\u012bt v\u0113l daudzas un noz\u012bm\u012bgas dz\u012bves gadsk\u0101rtas. K\u0101 inform\u0113 port\u0101ls jauns.lv, Garan\u010da savus sveicienus paudusi \u012bpa\u0161i savi\u013c\u0146ojo\u0161\u0101 koncerta kulmin\u0101cij\u0101, kas notika 8. janv\u0101r\u012b Latvijas Nacion\u0101laj\u0101 oper\u0101 un balet\u0101. \u0160is notikums bija velt\u012bts Latvijas Radio 3 &#8220;Klasika&#8221; 30. jubilejai.<\/p>\n<p>Koncerta nosl\u0113gum\u0101 izskan\u0113ja Maestro kompon\u0113t\u0101 un El\u012bnas Garan\u010das izpild\u012bt\u0101 &#8220;Kerijas dziesma&#8221; no m\u016bzikla &#8220;M\u0101sa Kerija&#8221;. \u0160is priek\u0161nesums k\u013cuva par vienu no koncerta emocion\u0101l\u0101kajiem mirk\u013ciem, sa\u0146emot skat\u012bt\u0101ju ov\u0101cijas un piepras\u012bjumu dzied\u0101t atk\u0101rtoti. Garan\u010da p\u0113c uzst\u0101\u0161an\u0101s vair\u0101kk\u0101rt apsk\u0101va un sam\u012b\u013coja Maestro, pau\u017eot person\u012bgu un sirsn\u012bgu atbalstu.<\/p>\n<p>Latvijas Radio 3 &#8220;Klasika&#8221; 30. jubilejas koncerts pulc\u0113 m\u0101ksliniekus<\/p>\n<p>Latvijas Radio 3 &#8220;Klasika&#8221; savu 30. jubileju atz\u012bm\u0113ja ar v\u0113rien\u012bgu koncertu, kas notika 8. janv\u0101r\u012b Latvijas Nacion\u0101laj\u0101 oper\u0101 un balet\u0101. Uz skatuves k\u0101pa gan radiostacijas rezidences m\u0101kslinieki, gan citi ilggad\u0113ji sadarb\u012bbas partneri, sniedzot daudzveid\u012bgu muzik\u0101lu programmu. Koncert\u0101 piedal\u012bj\u0101s Latvijas Nacion\u0101lais simfoniskais or\u0137estris diri\u0123enta J\u0101\u0146a Liepi\u0146a vad\u012bb\u0101, Latvijas Radio koris, pianists Reinis Zari\u0146\u0161 un saksofonists Aigars Raumanis. Savuk\u0101rt otraj\u0101 da\u013c\u0101 uzst\u0101j\u0101s Latvijas Radio bigbends K\u0101r\u013ca Vanaga vad\u012bb\u0101 kop\u0101 ar or\u0137estri &#8220;Sinfonietta R\u012bga&#8221;.<\/p>\n<p>K\u0101 st\u0101sta Latvijas Radio 3 &#8220;Klasika&#8221; direktore Gunda Vaivode, radiostacijas 30 gadu laik\u0101 ir iekr\u0101jusi iev\u0113rojamu da\u013cu Latvijas kult\u016brv\u0113stures, un jubilejas koncerts bija pateic\u012bba par iesp\u0113ju str\u0101d\u0101t rado\u0161ai un patst\u0101v\u012bgai komandai. Koncert\u0101 skan\u0113ja m\u016bzika no klasikas l\u012bdz pat folkam un d\u017eezam, tostarp ska\u0146darbi no pasaules un latvie\u0161u neakad\u0113misk\u0101s m\u016bzikas.<\/p>\n<p>Raimonds Pauls \u2013 m\u016bzikas le\u0123enda<\/p>\n<p>Maestro Raimonds Pauls, kur\u0161 nesen atz\u012bm\u0113ja savu 90. jubileju, ir viena no izcil\u0101kaj\u0101m person\u012bb\u0101m Latvijas kult\u016br\u0101. Vi\u0146a devums m\u016bzik\u0101 ir neatsverams, aptverot vair\u0101kus \u017eanrus un radot dziesmas, kas skan jau daudzas paaudzes. K\u0101rlis Vanags, diri\u0123\u0113jot Latvijas Radio bigbendu, kop\u0101 ar &#8220;Sinfonietta R\u012bga&#8221; izpild\u012bja pasaules un latvie\u0161u neakad\u0113misk\u0101s m\u016bzikas paraugus, un Maestro kl\u0101tb\u016btne \u0161aj\u0101 programm\u0101 bija \u012bpa\u0161i noz\u012bm\u012bga. Pauls ar\u012b pats s\u0113d\u0101s pie klavier\u0113m, lai kop\u0101 ar El\u012bnu Garan\u010du izpild\u012btu &#8220;Kerijas dziesmu&#8221;, apliecinot savu nemain\u012bgo talantu un m\u012blest\u012bbu pret m\u016bziku.<\/p>\n<p>Lai gan iepriek\u0161 bija izskan\u0113ju\u0161as ba\u017eas par Maestro vesel\u012bbu un iesp\u0113jamo neiera\u0161anos uz koncertu, vi\u0146\u0161, par sp\u012bti vis\u0101m likst\u0101m, uzst\u0101j\u0101s, demonstr\u0113jot savu sp\u0113c\u012bgo garu un v\u0113lmi dal\u012bties m\u016bzik\u0101 ar klaus\u012bt\u0101jiem. Vi\u0146a uzst\u0101\u0161an\u0101s un velt\u012bt\u0101 dziesma ar El\u012bnu Garan\u010du k\u013cuva par spilgtu atg\u0101din\u0101jumu par vi\u0146a nenov\u0113rt\u0113jamo ietekmi uz Latvijas kult\u016bras ainavu.<\/p>\n<p>M\u0101kslinieku sadarb\u012bba un n\u0101kotnes v\u0113l\u0113jumi<\/p>\n<p>El\u012bnas Garan\u010das un Raimonda Paula kop\u012bgais priek\u0161nesums &#8220;Kerijas dziesm\u0101&#8221; bija ne tikai muzik\u0101li, bet ar\u012b emocion\u0101li pies\u0101tin\u0101ts br\u012bdis, kas demonstr\u0113 abu m\u0101kslinieku dzi\u013co cie\u0146u un sadarb\u012bbu. Garan\u010das person\u012bg\u0101 pie\u0137er\u0161an\u0101s un v\u0113l\u0113jumi Maestro liecina par vi\u0146u cie\u0161aj\u0101m attiec\u012bb\u0101m un savstarp\u0113jo atbalstu m\u0101kslas pasaul\u0113.<\/p>\n<p>Latvijas Radio 3 &#8220;Klasika&#8221; jubilejas koncerts apliecin\u0101ja radiostacijas noz\u012bm\u012bgo lomu Latvijas kult\u016bras telp\u0101, pulc\u0113jot izcilus m\u0101ksliniekus un godinot Maestro Raimondu Paulu. El\u012bnas Garan\u010das v\u0113l\u0113jums Maestro sagaid\u012bt v\u0113l apa\u013c\u0101kas jubilejas ir sirsn\u012bgs atg\u0101din\u0101jums par vi\u0146a ilgsto\u0161o un noz\u012bm\u012bgo ieguld\u012bjumu.<\/p>\n","protected":false},"excerpt":{"rendered":"El\u012bna Garan\u010da pau\u017e v\u0113l\u0113jumus Maestro Raimondam Paulam Pasaulslaven\u0101 latvie\u0161u operdzied\u0101t\u0101ja El\u012bna Garan\u010da ir velt\u012bjusi savus silt\u0101kos v\u0113l\u0113jumus Maestro&hellip;\n","protected":false},"author":2,"featured_media":104488,"comment_status":"","ping_status":"","sticky":false,"template":"","format":"standard","meta":{"footnotes":""},"categories":[19],"tags":[8628,89,90,193,25121,35,39,38,36,37,34,18362,40,2672],"class_list":{"0":"post-104487","1":"post","2":"type-post","3":"status-publish","4":"format-standard","5":"has-post-thumbnail","7":"category-izklaide","8":"tag-elina-garanca","9":"tag-entertainment","10":"tag-izklaide","11":"tag-jubilejas-koncerts","12":"tag-kerijas-dziesma","13":"tag-latvia","14":"tag-latvian","15":"tag-latviesu","16":"tag-latviesu-valoda","17":"tag-latviesuvaloda","18":"tag-latvija","19":"tag-latvijas-radio-3-klasika","20":"tag-lv","21":"tag-raimonds-pauls"},"share_on_mastodon":{"url":"https:\/\/pubeurope.com\/@lv\/115894061902299310","error":""},"_links":{"self":[{"href":"https:\/\/www.europesays.com\/lv\/wp-json\/wp\/v2\/posts\/104487","targetHints":{"allow":["GET"]}}],"collection":[{"href":"https:\/\/www.europesays.com\/lv\/wp-json\/wp\/v2\/posts"}],"about":[{"href":"https:\/\/www.europesays.com\/lv\/wp-json\/wp\/v2\/types\/post"}],"author":[{"embeddable":true,"href":"https:\/\/www.europesays.com\/lv\/wp-json\/wp\/v2\/users\/2"}],"replies":[{"embeddable":true,"href":"https:\/\/www.europesays.com\/lv\/wp-json\/wp\/v2\/comments?post=104487"}],"version-history":[{"count":0,"href":"https:\/\/www.europesays.com\/lv\/wp-json\/wp\/v2\/posts\/104487\/revisions"}],"wp:featuredmedia":[{"embeddable":true,"href":"https:\/\/www.europesays.com\/lv\/wp-json\/wp\/v2\/media\/104488"}],"wp:attachment":[{"href":"https:\/\/www.europesays.com\/lv\/wp-json\/wp\/v2\/media?parent=104487"}],"wp:term":[{"taxonomy":"category","embeddable":true,"href":"https:\/\/www.europesays.com\/lv\/wp-json\/wp\/v2\/categories?post=104487"},{"taxonomy":"post_tag","embeddable":true,"href":"https:\/\/www.europesays.com\/lv\/wp-json\/wp\/v2\/tags?post=104487"}],"curies":[{"name":"wp","href":"https:\/\/api.w.org\/{rel}","templated":true}]}}