{"id":104494,"date":"2026-01-14T15:08:10","date_gmt":"2026-01-14T15:08:10","guid":{"rendered":"https:\/\/www.europesays.com\/lv\/104494\/"},"modified":"2026-01-14T15:08:10","modified_gmt":"2026-01-14T15:08:10","slug":"pazinoti-lielas-muzikas-balvas-nominanti-un-muza-ieguldijuma-laureati-santa","status":"publish","type":"post","link":"https:\/\/www.europesays.com\/lv\/104494\/","title":{"rendered":"Pazi\u0146oti Liel\u0101s m\u016bzikas balvas nominanti un m\u016b\u017ea ieguld\u012bjuma laure\u0101ti \u2014 Santa"},"content":{"rendered":"<p>Liel\u0101s m\u016bzikas balvas 2025 nominantu pazi\u0146o\u0161anai velt\u012btaj\u0101 preses konferenc\u0113 piedal\u012bj\u0101s\u00a0kult\u016bras ministre Agnese L\u0101ce, Latvijas Koncerti\u00a0valdes locekle Zanda Strumpe, Latvijas Sabiedrisk\u0101 medija\u00a0galven\u0101 redaktore Anita Brauna, C\u0113su novada domes priek\u0161s\u0113d\u0113t\u0101ja vietnieks Atis Egli\u0146\u0161-Egl\u012btis un Signet Bankas valdes priek\u0161s\u0113d\u0113t\u0101js Roberts Idelsons.<\/p>\n<p>\u00abLiel\u0101 m\u016bzikas balva ir pateic\u012bba nozares izcilniekiem par vi\u0146u nemain\u012bgi augstv\u0113rt\u012bgo sniegumu ne vien pa\u0161u m\u0101j\u0101s, bet ar\u012b nesot Latvijas v\u0101rdu pasaul\u0113. Vienlaikus, r\u012bkojot Liel\u0101s m\u016bzikas balvas pasnieg\u0161anu \u0101rpus R\u012bgas, v\u0113lamies akcent\u0113t, ka Latvija ir izcils piem\u0113rs ar\u012b tam, ka, pateicoties valsts atbalstam, daudzveid\u012bgi un kvalitat\u012bvi kult\u016bras notikumi ir pieejami iedz\u012bvot\u0101jiem visos Latvijas re\u0123ionos,\u00bb\u00a0akcent\u0113 kult\u016bras ministre Agnese L\u0101ce.<\/p>\n<p>        <a href=\"https:\/\/www.europesays.com\/lv\/wp-content\/uploads\/2026\/01\/620f3aacfb15.jpg\"><img decoding=\"async\" alt=\"LMB preses konference.\" class=\"no-convert\" src=\"https:\/\/www.europesays.com\/lv\/wp-content\/uploads\/2026\/01\/620f3aacfb15.jpg\"\/><\/a><\/p>\n<p> Foto: Oskars Art\u016brs Upenieks<\/p>\n<p>LMB preses konference.<\/p>\n<p>Liel\u0101 m\u016bzikas balva (LMB) ir augst\u0101kais Latvijas valsts apbalvojums m\u016bzik\u0101. 1993. gad\u0101 Latvijas Republikas Kult\u016bras ministrija, p\u0113c toreiz\u0113j\u0101 kult\u016bras ministra Raimonda Paula iniciat\u012bvas, pie\u0146\u0113ma l\u0113mumu ik gadu izcil\u0101kos sasniegumus m\u016bsu valsts m\u016bzikas dz\u012bv\u0113 godin\u0101t ar speci\u0101lu balvu. LMB augsto presti\u017eu gan sabiedr\u012bb\u0101, gan m\u016bzi\u0137u aprind\u0101s nodro\u0161ina respektablas \u017e\u016brijas darbs, kuras dal\u012bbnieki visu gadu apmekl\u0113 koncertus un ik m\u0113nesi satiekas s\u0113d\u0113s. Janv\u0101ra s\u0101kum\u0101 \u017e\u016brija izvirza LMB iepriek\u0161\u0113j\u0101 gada nominantus, par kuriem pazi\u0146o \u012bpa\u0161\u0101 Kult\u016bras ministrijas preses konferenc\u0113, un tikai pirms pa\u0161a LMB pasnieg\u0161anas pas\u0101kuma notiek \u017e\u016brijas balsojums par laure\u0101tiem.\u00a0<\/p>\n<p>LMB pas\u0101kumu organiz\u0113 Latvijas Republikas Kult\u016bras ministrija un VSIA Latvijas Koncerti.\u00a0<\/p>\n<p>Liel\u0101s m\u016bzikas balvas 2025 nomin\u0101cijas:<\/p>\n<p>Par m\u016b\u017ea ieguld\u012bjumu<\/p>\n<ul>&#13;<\/p>\n<li>\u0112r\u0123elniece Larisa Bulava;<\/li>\n<p>&#13;<\/p>\n<li>Komponists un muzikologs Georgs Pel\u0113cis.<\/li>\n<p>&#13;\n<\/ul>\n<p>Gada jaunais m\u0101kslinieks<\/p>\n<ul>&#13;<\/p>\n<li>Diri\u0123ente Anastasija Kildi\u0161a;<\/li>\n<p>&#13;<\/p>\n<li>Dzied\u0101t\u0101js Eduards Rediko;<\/li>\n<p>&#13;<\/p>\n<li>Trompetists M\u0101rti\u0146\u0161 Zujs.<\/li>\n<p>&#13;\n<\/ul>\n<p>Gada koncerts<\/p>\n<ul>&#13;<\/p>\n<li>Dz\u012bv\u012bbas elpa, Evilena Protektore, Kri\u0161j\u0101nis Brem\u0161s, Toms Timofejevs, Artjoms Sarvi, Volha Zaharova, 30. janv\u0101r\u012b VEF Jazz Club, r\u012bkot\u0101js VEF Kult\u016bras pils.<\/li>\n<p>&#13;<\/p>\n<li>Nakts v\u0113stules dejot\u0101jai, Elza Leimane, Mat\u012bss \u010cudars, Arve Henriksens, Anderss Jormins, Ivars Arutjunjans, Latvijas Radio koris, diri\u0123ents Kaspars Putni\u0146\u0161, 18. j\u016bnij\u0101 R\u012bgas Cirk\u0101, r\u012bkot\u0101js Latvijas Koncerti.<\/li>\n<p>&#13;<\/p>\n<li>Ta\u0146s Du\u0146s, Budas pasija, 28. Starptautisk\u0101 Gar\u012bg\u0101s m\u016bzikas festiv\u0101la nosl\u0113guma koncerts, Valsts Akad\u0113miskais koris Latvija, R\u012bgas Doma z\u0113nu kora grupa, Latvijas Nacion\u0101lais simfoniskais or\u0137estris, solisti Viktorija Majore, Ieva Par\u0161a, Jolanta Strikaite, M\u0101rti\u0146\u0161 Zv\u012bgulis, Yiran Jia, Hasibagen, diri\u0123ents M\u0101ris Sirmais, 5. septembr\u012b R\u012bgas Kongresu\u00a0nam\u0101 (r\u012bkot\u0101js VAK Latvija).<\/li>\n<p>&#13;<\/p>\n<li>Apkalna. Fausts. Znoti\u0146\u0161.\u00a0Starptautisk\u0101 \u0113r\u0123e\u013cm\u016bzikas festiv\u0101la ORGANismi atkl\u0101\u0161anas nakts koncerts \u2013 Iveta Apkalna, Kaspars Znoti\u0146\u0161 10. oktobr\u012b Latgales v\u0113stniec\u012bba GORS, r\u012bkot\u0101js Latgales v\u0113stniec\u012bba GORS;<\/li>\n<p>&#13;<\/p>\n<li>Marina Rebeka. Solokoncerts. Draugi \u2013 Andrejam \u017dagaram\u00a0\u2013 Latvijas Nacion\u0101lais simfoniskais or\u0137estris, diri\u0123ents Mik\u0113le Gamba, 18. oktobr\u012b koncertz\u0101l\u0113 C\u0113sis\u00a0un 21. oktobr\u012b LNOB (r\u012bkot\u0101js: nodibin\u0101jums\u00a0Andreja \u017dagara kult\u016bras att\u012bst\u012bbas fonds).<\/li>\n<p>&#13;\n<\/ul>\n<p>Par izcilu interpret\u0101ciju\u00a0<\/p>\n<ul>&#13;<\/p>\n<li>\u010celliste Magdal\u0113na Ceple \u2013 Me\u010dislava Veinberga Concertino \u010dellam un st\u012bg\u0101m (kop\u0101 ar Kremerata Baltica) 14. septembr\u012b Dzintaru koncertz\u0101l\u0113 un 17. oktobr\u012b Ventspils koncertz\u0101l\u0113 \u201cLatvija\u201d<\/li>\n<p>&#13;<\/p>\n<li>Diri\u0123ents Tarmo Peltokoski \u2013 Riharda \u0160trausa \u201eAlpu simfonija\u201d (ar Latvijas Nacion\u0101lo simfonisko or\u0137estri) Latgales v\u0113stniec\u012bb\u0101\u00a0 \u201cGors\u201d 4. apr\u012bl\u012b un Liep\u0101jas koncertz\u0101l\u0113 \u201cLielais Dzintars\u201d 5. apr\u012bl\u012b<\/li>\n<p>&#13;<\/p>\n<li>Dzied\u0101t\u0101ja Inna Klo\u010dko \u2013 titulloma Riharda \u0160trausa oper\u0101 \u201cSalome\u201d; Latvijas Nacion\u0101l\u0101 opera un balets, operas pirmizr\u0101de 21. febru\u0101r\u012b, diri\u0123ents M\u0101rti\u0146\u0161 Ozoli\u0146\u0161<\/li>\n<p>&#13;\n<\/ul>\n<p>Par izcilu sniegumu gada garum\u0101<\/p>\n<ul>&#13;<\/p>\n<li>Dzied\u0101t\u0101ja Zanda \u0160v\u0113de;<\/li>\n<p>&#13;<\/p>\n<li>Pianists Reinis Zari\u0146\u0161;<\/li>\n<p>&#13;<\/p>\n<li>Valsts kameror\u0137estris Sinfonietta R\u012bga;<\/li>\n<p>&#13;<\/p>\n<li>Dzied\u0101t\u0101ja Katr\u012bna Paula Felsberga;<\/li>\n<p>&#13;<\/p>\n<li>Or\u0137estris R\u012bga.<\/li>\n<p>&#13;\n<\/ul>\n<p>Par izcilu darbu ansambl\u012b\u00a0<\/p>\n<ul>&#13;<\/p>\n<li>Vijolniece Magdal\u0113na Geka.<\/li>\n<p>&#13;<\/p>\n<li>Trompetists Kristians Kalva.<\/li>\n<p>&#13;<\/p>\n<li>Trio Tresensus: L\u012bga Gri\u0137e (kokle), Aigars Raumanis (saksofons), U\u0123is Upenieks (perkusijas).<\/li>\n<p>&#13;\n<\/ul>\n<p>Gada jaundarbs<\/p>\n<ul>&#13;<\/p>\n<li>J\u0101\u0146a Petra\u0161kevi\u010da koncerts diviem sitaminstrumentiem un ansamblim Tas, kas \u0161eit bija pirms, pirmatska\u0146ojums Latvij\u0101 8. febru\u0101r\u012b koncertz\u0101l\u0113 \u201eC\u0113sis\u201d \u2013 Guntars Freibergs, Juris \u0100zers, ansamblis ensemble unitedberlin, diri\u0123ents Vladimirs Jurovskis;<\/li>\n<p>&#13;<\/p>\n<li>J\u0113kaba Jan\u010devska Pirm\u0101 simfonija (\u0112r\u0123e\u013csimfonija), pirmatska\u0146ojums 20. septembr\u012b Liep\u0101jas koncertz\u0101l\u0113 Lielais dzintars\u00a0\u2013\u00a0 Iveta Apkalna, Sniedze Ka\u0146epe, Kaspars V\u0113vers, Liep\u0101jas Simfoniskais or\u0137estris, diri\u0123ents Guntis Kuzma;<\/li>\n<p>&#13;<\/p>\n<li>Annas Veismanes \u010cetras dziesmas ar K\u0101r\u013ca Skalbes v\u0101rdiem, pirmatska\u0146ojums 11. oktobr\u012b LNOB Belet\u0101\u017eas z\u0101l\u0113 \u2013 M\u0101rti\u0146\u0161 \u0160maukstelis, Ilze Ozoli\u0146a.<\/li>\n<p>&#13;\n<\/ul>\n<p>Par izcilu sniegumu d\u017eez\u0101<\/p>\n<ul>&#13;<\/p>\n<li>Sitaminstrument\u0101lists Kaspars Kurdeko;<\/li>\n<p>&#13;<\/p>\n<li>Saksofonists Toms Rudzinskis;<\/li>\n<p>&#13;<\/p>\n<li>Vibrofonists un tausti\u0146instrument\u0101lists Mi\u0137elis Dzenu\u0161ka.<\/li>\n<p>&#13;\n<\/ul>\n<p>LMB 2025 \u017e\u016brij\u0101 str\u0101d\u0101ja<\/p>\n<ul>&#13;<\/p>\n<li>\u017d\u016brijas priek\u0161s\u0113d\u0113t\u0101ja Ieva Rozenbaha \u2013\u00a0muzikolo\u0123e, m\u0101kslas doktore,\u00a0J\u0101zepa V\u012btola Latvijas M\u016bzikas akad\u0113mijas doc\u0113t\u0101ja;<\/li>\n<p>&#13;<\/p>\n<li>Anete A\u0161mane-Vilsone \u2013 kult\u016bras \u017eurn\u0101liste, Latvijas Radio 3 Klasika\u00a0programmu vad\u012bt\u0101ja un Latvijas Telev\u012bzijas atbild\u012bg\u0101 redaktore;<\/li>\n<p>&#13;<\/p>\n<li>Krist\u012bne Barkovska \u2013\u00a0vok\u0101l\u0101 pedago\u0123e;<\/li>\n<p>&#13;<\/p>\n<li>Iveta Grunde \u2013\u00a0muzikolo\u0123e, pedago\u0123e un J\u0101zepa V\u012btola Latvijas M\u016bzikas akad\u0113mijas doc\u0113t\u0101ja;<\/li>\n<p>&#13;<\/p>\n<li>Atvars Lakst\u012bgala \u2013\u00a0simfonisko or\u0137estru diri\u0123ents, Ogres M\u016bzikas un m\u0101kslas skolas direktors;<\/li>\n<p>&#13;<\/p>\n<li>Kaspars Zavi\u013ceiskis \u2013\u00a0m\u016bzikas \u017eurn\u0101lists, Latvijas Telev\u012bzijas raid\u012bjuma Kult\u016brdeva\u00a0satura producents;<\/li>\n<p>&#13;<\/p>\n<li>Armands Znoti\u0146\u0161 \u2013\u00a0muzikologs, \u017eurn\u0101lists, publicists.<\/li>\n<p>&#13;\n<\/ul>\n","protected":false},"excerpt":{"rendered":"Liel\u0101s m\u016bzikas balvas 2025 nominantu pazi\u0146o\u0161anai velt\u012btaj\u0101 preses konferenc\u0113 piedal\u012bj\u0101s\u00a0kult\u016bras ministre Agnese L\u0101ce, Latvijas Koncerti\u00a0valdes locekle Zanda Strumpe,&hellip;\n","protected":false},"author":2,"featured_media":104495,"comment_status":"","ping_status":"","sticky":false,"template":"","format":"standard","meta":{"footnotes":""},"categories":[19],"tags":[89,90,35,39,38,36,37,34,40],"class_list":{"0":"post-104494","1":"post","2":"type-post","3":"status-publish","4":"format-standard","5":"has-post-thumbnail","7":"category-izklaide","8":"tag-entertainment","9":"tag-izklaide","10":"tag-latvia","11":"tag-latvian","12":"tag-latviesu","13":"tag-latviesu-valoda","14":"tag-latviesuvaloda","15":"tag-latvija","16":"tag-lv"},"share_on_mastodon":{"url":"https:\/\/pubeurope.com\/@lv\/115894085644106309","error":""},"_links":{"self":[{"href":"https:\/\/www.europesays.com\/lv\/wp-json\/wp\/v2\/posts\/104494","targetHints":{"allow":["GET"]}}],"collection":[{"href":"https:\/\/www.europesays.com\/lv\/wp-json\/wp\/v2\/posts"}],"about":[{"href":"https:\/\/www.europesays.com\/lv\/wp-json\/wp\/v2\/types\/post"}],"author":[{"embeddable":true,"href":"https:\/\/www.europesays.com\/lv\/wp-json\/wp\/v2\/users\/2"}],"replies":[{"embeddable":true,"href":"https:\/\/www.europesays.com\/lv\/wp-json\/wp\/v2\/comments?post=104494"}],"version-history":[{"count":0,"href":"https:\/\/www.europesays.com\/lv\/wp-json\/wp\/v2\/posts\/104494\/revisions"}],"wp:featuredmedia":[{"embeddable":true,"href":"https:\/\/www.europesays.com\/lv\/wp-json\/wp\/v2\/media\/104495"}],"wp:attachment":[{"href":"https:\/\/www.europesays.com\/lv\/wp-json\/wp\/v2\/media?parent=104494"}],"wp:term":[{"taxonomy":"category","embeddable":true,"href":"https:\/\/www.europesays.com\/lv\/wp-json\/wp\/v2\/categories?post=104494"},{"taxonomy":"post_tag","embeddable":true,"href":"https:\/\/www.europesays.com\/lv\/wp-json\/wp\/v2\/tags?post=104494"}],"curies":[{"name":"wp","href":"https:\/\/api.w.org\/{rel}","templated":true}]}}