{"id":104496,"date":"2026-01-14T15:09:09","date_gmt":"2026-01-14T15:09:09","guid":{"rendered":"https:\/\/www.europesays.com\/lv\/104496\/"},"modified":"2026-01-14T15:09:09","modified_gmt":"2026-01-14T15:09:09","slug":"al-atija-nevainojami-pieveic-kapas-un-atgriezas-dakaras-rallija-vadiba-f1lv-blogs","status":"publish","type":"post","link":"https:\/\/www.europesays.com\/lv\/104496\/","title":{"rendered":"Al-Atija nevainojami pieveic k\u0101pas un atgrie\u017eas Dakaras rallija vad\u012bb\u0101 : F1LV Blogs"},"content":{"rendered":"<p>Dakaras rallija desmitais posms, kas bija maratona distances otr\u0101 da\u013ca, izr\u0101d\u012bj\u0101s tie\u0161i tik iz\u0161\u0137iro\u0161s, k\u0101 dal\u012bbnieki tika br\u012bdin\u0101ti. Milz\u012bg\u0101s k\u0101pas k\u013cuva par nep\u0101rvaramu \u0161\u0137\u0113rsli iepriek\u0161\u0113j\u0101 posma uzvar\u0113t\u0101jam un \u201cFord\u201d r\u016bpn\u012bcas komandas l\u012bderiem, kam\u0113r Nasers Al-Atija (\u201cDacia\u201d) nodemonstr\u0113ja savu pieredzi, atg\u016bstot vad\u012bbu kopv\u0113rt\u0113jum\u0101.<\/p>\n<p>Dienas s\u0101kum\u0101 vad\u012bb\u0101 atrad\u0101s dev\u012bt\u0101 posma uzvar\u0113t\u0101js Eriks Go\u010dals, ta\u010du vi\u0146\u0161 piln\u012bb\u0101 iestiga smilt\u012bs jau distances s\u0101kumposm\u0101, zaud\u0113jot milzum daudz laika. Tom\u0113r galven\u0101 uzman\u012bba bija piev\u0113rsta \u201cFord\u201d un \u201cDacia\u201d duelim. Pirms starta Nani Roma par nieka min\u016bti apsteidza Karlosu Sainsu un Al-Atiju, ta\u010du starp 155. un 196. kilometru \u201cFord\u201d nometni piemekl\u0113ja katastrofa \u2013 Roma un Sainss zaud\u0113ja attiec\u012bgi 20 un 30 min\u016btes.<\/p>\n<p>Kam\u0113r konkurenti c\u012bn\u012bj\u0101s ar smilt\u012bm, pieck\u0101rt\u0113jais Dakaras uzvar\u0113t\u0101js Al-Atija k\u0101pas pieveica nevainojami. Visu dienu vi\u0146\u0161 stabili brauca otraj\u0101 poz\u012bcij\u0101 aiz neaizsniedzam\u0101 posma uzvar\u0113t\u0101ja Matj\u0113 Seradori (\u201cCentury\u201d). \u0160\u0101ds sniegums \u013c\u0101va Al-Atijam ne tikai atg\u016bt l\u012bdera godu, bet ar\u012b veikt triecienu \u201cFord\u201d amb\u012bcij\u0101m \u2013 Roma kopv\u0113rt\u0113jum\u0101 nosl\u012bd\u0113ja uz tre\u0161o, bet Sainss uz sesto vietu.<\/p>\n<p>\u201cFord\u201d neveiksmes\u00a0 izmantoja Henks Lategans (\u201cToyota\u201d). Fini\u0161\u0113jot piektais, vi\u0146\u0161 ir pak\u0101pies uz otro vietu kopv\u0113rt\u0113jum\u0101 un tagad atpaliek no Al-Atijas par 12 min\u016bt\u0113m. Tikm\u0113r l\u012bdera komandas biedrs Sebastj\u0113ns L\u0113bs tr\u012bs posmus pirms fini\u0161a ir pak\u0101pies uz ceturto poz\u012bciju, saglab\u0101jot spriedzi c\u012b\u0146\u0101 par pjedest\u0101lu.<\/p>\n<p>Dakaras rallija automobi\u013cu klases rezult\u0101ti p\u0113c 10. posma:<\/p>\n<p><a href=\"https:\/\/www.europesays.com\/lv\/wp-content\/uploads\/2026\/01\/stage10-31.jpg\"><img fetchpriority=\"high\" decoding=\"async\" class=\"alignnone size-full wp-image-75179\" src=\"https:\/\/www.europesays.com\/lv\/wp-content\/uploads\/2026\/01\/stage10-31.jpg\" alt=\"\" width=\"585\" height=\"850\"  \/><\/a><\/p>\n<p><a href=\"https:\/\/www.dakar.com\/en\/rankings\/stage-10\/car\" target=\"_blank\" rel=\"noopener nofollow\">Visi rezult\u0101ti &gt;&gt;<\/a><\/p>\n<p><a href=\"https:\/\/www.patreon.com\/collection\/823319\" rel=\"nofollow noopener\" target=\"_blank\"><img loading=\"lazy\" decoding=\"async\" class=\"aligncenter size-full wp-image-74708\" src=\"https:\/\/www.europesays.com\/lv\/wp-content\/uploads\/2025\/12\/Banner300x250px.jpg\" alt=\"\" width=\"300\" height=\"250\"\/><\/a><\/p>\n","protected":false},"excerpt":{"rendered":"Dakaras rallija desmitais posms, kas bija maratona distances otr\u0101 da\u013ca, izr\u0101d\u012bj\u0101s tie\u0161i tik iz\u0161\u0137iro\u0161s, k\u0101 dal\u012bbnieki tika br\u012bdin\u0101ti.&hellip;\n","protected":false},"author":2,"featured_media":104497,"comment_status":"","ping_status":"","sticky":false,"template":"","format":"standard","meta":{"footnotes":""},"categories":[17],"tags":[5592,35,39,38,36,37,34,40,5594,67],"class_list":{"0":"post-104496","1":"post","2":"type-post","3":"status-publish","4":"format-standard","5":"has-post-thumbnail","7":"category-sports","8":"tag-dakaras-rallijs","9":"tag-latvia","10":"tag-latvian","11":"tag-latviesu","12":"tag-latviesu-valoda","13":"tag-latviesuvaloda","14":"tag-latvija","15":"tag-lv","16":"tag-nasers-al-atija","17":"tag-sports"},"share_on_mastodon":{"url":"https:\/\/pubeurope.com\/@lv\/115894089413656660","error":""},"_links":{"self":[{"href":"https:\/\/www.europesays.com\/lv\/wp-json\/wp\/v2\/posts\/104496","targetHints":{"allow":["GET"]}}],"collection":[{"href":"https:\/\/www.europesays.com\/lv\/wp-json\/wp\/v2\/posts"}],"about":[{"href":"https:\/\/www.europesays.com\/lv\/wp-json\/wp\/v2\/types\/post"}],"author":[{"embeddable":true,"href":"https:\/\/www.europesays.com\/lv\/wp-json\/wp\/v2\/users\/2"}],"replies":[{"embeddable":true,"href":"https:\/\/www.europesays.com\/lv\/wp-json\/wp\/v2\/comments?post=104496"}],"version-history":[{"count":0,"href":"https:\/\/www.europesays.com\/lv\/wp-json\/wp\/v2\/posts\/104496\/revisions"}],"wp:featuredmedia":[{"embeddable":true,"href":"https:\/\/www.europesays.com\/lv\/wp-json\/wp\/v2\/media\/104497"}],"wp:attachment":[{"href":"https:\/\/www.europesays.com\/lv\/wp-json\/wp\/v2\/media?parent=104496"}],"wp:term":[{"taxonomy":"category","embeddable":true,"href":"https:\/\/www.europesays.com\/lv\/wp-json\/wp\/v2\/categories?post=104496"},{"taxonomy":"post_tag","embeddable":true,"href":"https:\/\/www.europesays.com\/lv\/wp-json\/wp\/v2\/tags?post=104496"}],"curies":[{"name":"wp","href":"https:\/\/api.w.org\/{rel}","templated":true}]}}