{"id":104501,"date":"2026-01-14T15:12:10","date_gmt":"2026-01-14T15:12:10","guid":{"rendered":"https:\/\/www.europesays.com\/lv\/104501\/"},"modified":"2026-01-14T15:12:10","modified_gmt":"2026-01-14T15:12:10","slug":"stanislava-broka-simtgadi-ieskandinas-iii-starptautiskais-jauno-kordirigentu-konkurss","status":"publish","type":"post","link":"https:\/\/www.europesays.com\/lv\/104501\/","title":{"rendered":"Sta\u0146islava Broka simtgadi ieskandin\u0101s III Starptautiskais jauno kordiri\u0123entu konkurss"},"content":{"rendered":"<p>\t\t        \t<a href=\"https:\/\/www.daugavpils.lv\/assets\/upload\/news\/2026\/01\/dvpp-pr-2036-01-14_max.png\" rel=\"nofollow noopener\" target=\"_blank\"><img decoding=\"async\" src=\"https:\/\/www.europesays.com\/lv\/wp-content\/uploads\/2026\/01\/dvpp-pr-2036-01-14_sml.png\" class=\"news-image\" title=\"Sta\u0146islava Broka simtgadi ieskandin\u0101s III Starptautiskais jauno kordiri\u0123entu konkurss\" alt=\"Sta\u0146islava Broka simtgadi ieskandin\u0101s III Starptautiskais jauno kordiri\u0123entu konkurss\"\/><\/a><\/p>\n<p>\u0160ogad aprit 100 gadi kop\u0161 izcil\u0101 latvie\u0161u komponista un diri\u0123enta Sta\u0146islava Broka dzim\u0161anas, un jubilejas gadu Daugavpil\u012b jau piektdien, 16. janv\u0101r\u012b, ieskandin\u0101s III Starptautiskais jauno kordiri\u0123entu konkurss. To r\u012bko Sta\u0146islava Broka Daugavpils M\u016bzikas vidusskola, uzs\u0101kot pas\u0101kumu ciklu, kas velt\u012bts kora m\u016bzikas le\u0123endas rado\u0161ajam mantojumam un ieguld\u012bjumam Latvijas kult\u016br\u0101.<\/p>\n<p>&#13;<\/p>\n<p>Starptautiskais konkurss k\u013cuvis par noz\u012bm\u012bgu trad\u012bciju, pulc\u0113jot jaunos diri\u0123entus, kuri sacent\u012bsies diri\u0123\u0113\u0161anas m\u0101ksl\u0101 un interpret\u0101cij\u0101, vienlaikus godinot Sta\u0146islavu Broku \u2013 person\u012bbu, kurai m\u016bzika bija ne tikai profesija, bet dz\u012bves misija. Konkurs\u0101 \u012bpa\u0161a uzman\u012bba tiks velt\u012bta S. Broka tautasdziesmu apdar\u0113m, kas savulaik skan\u0113ju\u0161as Latvijas un Latgales Dziesmu sv\u0113tkos un joproj\u0101m ir noz\u012bm\u012bga kora repertu\u0101ra da\u013ca.<\/p>\n<p>&#13;<\/p>\n<p>Sta\u0146islavs Broks dzimis 1926. gada 10. janv\u0101r\u012b R\u0113zeknes pus\u0113 zemnieku \u0123imen\u0113. Vi\u0146a ce\u013c\u0161 m\u016bzik\u0101 aizs\u0101k\u0101s ar vijoles sp\u0113li un neatlaid\u012bgu darbu, k\u0101 rezult\u0101t\u0101 vi\u0146\u0161 k\u013cuva par vienu no iev\u0113rojam\u0101kajiem Latvijas un Latgales diri\u0123entiem. S. Broks sp\u0113ja iedvesmot un vienot cilv\u0113kus, vadot t\u016bksto\u0161bals\u012bgus korus Dziesmu sv\u0113tkos, kuros dziesma k\u013cuva par tautas balsi. Vi\u0146a rad\u012bt\u0101 tautasdziesmas \u201cAiz azara bolti b\u0101rzi\u201d apdare joproj\u0101m tiek uzskat\u012bta par Latgales muzik\u0101l\u0101s identit\u0101tes simbolu.<\/p>\n<p>&#13;<\/p>\n<p>Sta\u0146islava Broka devums saist\u012bts ar\u012b ar Daugavpils kult\u016brvides att\u012bst\u012bbu. Pateicoties vi\u0146a redz\u0113jumam un neatlaid\u012bbai, pils\u0113t\u0101 tika uzcelta moderna m\u016bzikas skolas \u0113ka, kur\u0101 b\u0113rniem un jaunie\u0161iem ir iesp\u0113ja att\u012bst\u012bt savas muzik\u0101l\u0101s prasmes. M\u016bsdien\u0101s skola ar lepnumu nes Sta\u0146islava Broka v\u0101rdu, turpinot vi\u0146a iedibin\u0101t\u0101s v\u0113rt\u012bbas un trad\u012bcijas.<\/p>\n<p>&#13;<\/p>\n<p>III Starptautiskais jauno kordiri\u0123entu konkurss norisin\u0101sies vair\u0101k\u0101s k\u0101rt\u0101s. Pirmaj\u0101 k\u0101rt\u0101 plkst. 10.00 notiks praktisks darbs ar kori un Sta\u0146islava Broka dziesmas \u201cAiz azara bolti b\u0101rzi\u201d atska\u0146ojums. Otraj\u0101 k\u0101rt\u0101 plkst. 15.15 se\u0161i lab\u0101kie pretendenti str\u0101d\u0101s ar kori, iestud\u0113jot dziesmu \u201cVisi ciema su\u0146i r\u0113ja\u201d un pa\u0161u izv\u0113l\u0113tu ska\u0146darbu. Savuk\u0101rt plkst. 18.00 notiks konkursa nosl\u0113guma koncerts, kur\u0101 skan\u0113s Sta\u0146islava Broka un citu komponistu darbi. Ieeja pas\u0101kum\u0101 bez maksas.<\/p>\n<p>&#13;<\/p>\n<p>Sta\u0146islava Broka jubilejas gads Daugavpil\u012b turpin\u0101sies ar da\u017e\u0101diem pas\u0101kumiem, kas aktualiz\u0113s komponista rado\u0161o mantojumu un vi\u0146a noz\u012bmi Latvijas kora kult\u016bras att\u012bst\u012bb\u0101, iedvesmojot gan jaunos m\u016bzi\u0137us, gan pla\u0161\u0101ku sabiedr\u012bbu.<\/p>\n<p>&#13;<\/p>\n<p><img loading=\"lazy\" decoding=\"async\" src=\"https:\/\/www.europesays.com\/lv\/wp-content\/uploads\/2026\/01\/Afi\u0161a-14012025.png\" alt=\"\" width=\"487\" height=\"689\"\/>\u00a0<\/p>\n<p>&#13;<\/p>\n<p>\u00a0<\/p>\n<p>&#13;<\/p>\n<p>Inform\u0101ciju sagatavoja<\/p>\n<p>&#13;<\/p>\n<p>Daugavpils valstspils\u0113tas pa\u0161vald\u012bbas<\/p>\n<p>&#13;<\/p>\n<p>Sabiedrisko attiec\u012bbu noda\u013ca<\/p>\n","protected":false},"excerpt":{"rendered":"\u0160ogad aprit 100 gadi kop\u0161 izcil\u0101 latvie\u0161u komponista un diri\u0123enta Sta\u0146islava Broka dzim\u0161anas, un jubilejas gadu Daugavpil\u012b jau&hellip;\n","protected":false},"author":2,"featured_media":104502,"comment_status":"","ping_status":"","sticky":false,"template":"","format":"standard","meta":{"footnotes":""},"categories":[12],"tags":[23,28,29,32,33,22,30,31,35,39,38,36,37,34,40,20,26,27,24,25,21],"class_list":{"0":"post-104501","1":"post","2":"type-post","3":"status-publish","4":"format-standard","5":"has-post-thumbnail","7":"category-latvija","8":"tag-aktualitates","9":"tag-breaking-news","10":"tag-breakingnews","11":"tag-featured-news","12":"tag-featurednews","13":"tag-headlines","14":"tag-latest-news","15":"tag-latestnews","16":"tag-latvia","17":"tag-latvian","18":"tag-latviesu","19":"tag-latviesu-valoda","20":"tag-latviesuvaloda","21":"tag-latvija","22":"tag-lv","23":"tag-news","24":"tag-popularakas-zinas","25":"tag-popularakaszinas","26":"tag-top-stories","27":"tag-topstories","28":"tag-zinas"},"share_on_mastodon":{"url":"https:\/\/pubeurope.com\/@lv\/115894101273078943","error":""},"_links":{"self":[{"href":"https:\/\/www.europesays.com\/lv\/wp-json\/wp\/v2\/posts\/104501","targetHints":{"allow":["GET"]}}],"collection":[{"href":"https:\/\/www.europesays.com\/lv\/wp-json\/wp\/v2\/posts"}],"about":[{"href":"https:\/\/www.europesays.com\/lv\/wp-json\/wp\/v2\/types\/post"}],"author":[{"embeddable":true,"href":"https:\/\/www.europesays.com\/lv\/wp-json\/wp\/v2\/users\/2"}],"replies":[{"embeddable":true,"href":"https:\/\/www.europesays.com\/lv\/wp-json\/wp\/v2\/comments?post=104501"}],"version-history":[{"count":0,"href":"https:\/\/www.europesays.com\/lv\/wp-json\/wp\/v2\/posts\/104501\/revisions"}],"wp:featuredmedia":[{"embeddable":true,"href":"https:\/\/www.europesays.com\/lv\/wp-json\/wp\/v2\/media\/104502"}],"wp:attachment":[{"href":"https:\/\/www.europesays.com\/lv\/wp-json\/wp\/v2\/media?parent=104501"}],"wp:term":[{"taxonomy":"category","embeddable":true,"href":"https:\/\/www.europesays.com\/lv\/wp-json\/wp\/v2\/categories?post=104501"},{"taxonomy":"post_tag","embeddable":true,"href":"https:\/\/www.europesays.com\/lv\/wp-json\/wp\/v2\/tags?post=104501"}],"curies":[{"name":"wp","href":"https:\/\/api.w.org\/{rel}","templated":true}]}}