{"id":104511,"date":"2026-01-14T15:19:08","date_gmt":"2026-01-14T15:19:08","guid":{"rendered":"https:\/\/www.europesays.com\/lv\/104511\/"},"modified":"2026-01-14T15:19:08","modified_gmt":"2026-01-14T15:19:08","slug":"dace-melbarde-tiksies-ar-cern-padomes-prezidentu","status":"publish","type":"post","link":"https:\/\/www.europesays.com\/lv\/104511\/","title":{"rendered":"Dace Melb\u0101rde tiksies ar CERN padomes prezidentu"},"content":{"rendered":"<p>Izgl\u012bt\u012bbas un zin\u0101tnes ministre Dace Melb\u0101rde ceturtdien, 15. janv\u0101r\u012b, tiksies ar Eiropas Kodolp\u0113tniec\u012bbas centra (CERN) padomes prezidentu, profesoru Kostas Fontas (Costas Fountas), lai p\u0101rrun\u0101tu Latvijas un CERN sadarb\u012bbas stiprin\u0101\u0161anu ilgtermi\u0146\u0101. <\/p>\n<p>Kostas Fontas Latvij\u0101 viesosies 15. un 16. janv\u0101r\u012b un viz\u012btes laik\u0101 iepaz\u012bsies ar Latvijas sniegumu zin\u0101tn\u0113 un ar to, cik sekm\u012bgi valst\u012b norisin\u0101s da\u013ci\u0146u fizikas kopienas veido\u0161ana. <\/p>\n<p>Viz\u012btes laik\u0101 pl\u0101nota vieso\u0161an\u0101s R\u012bgas Tehniskaj\u0101 universit\u0101t\u0113 (RTU), Latvijas Universit\u0101t\u0113 (LU) un LU Cietvielu fizikas instit\u016bt\u0101, tik\u0161an\u0101s ar abu universit\u0101\u0161u vad\u012bbu, k\u0101 ar\u012b Latvijas Nacion\u0101l\u0101s bibliot\u0113kas (LNB) apskate un CERN ekspoz\u012bcijas atkl\u0101\u0161ana. Ekspoz\u012bcij\u0101 b\u016bs pieejami interakt\u012bvi ekspon\u0101ti un informat\u012bvi materi\u0101li, k\u0101 ar\u012b iesp\u0113ja ekskursij\u0101m skol\u0113niem un cit\u0101m interesentu grup\u0101m.<\/p>\n<p>Latvija, kas ir CERN asoci\u0113t\u0101 dal\u012bbvalsts jau kop\u0161 2021. gada, v\u0113las ieg\u016bt pilnties\u012bgas dal\u012bbvalsts statusu 2029. gad\u0101. Lai to nodro\u0161in\u0101tu, Latvija m\u0113r\u0137tiec\u012bgi veido savu da\u013ci\u0146u fizikas un citu CERN noz\u012bm\u012bgo eksakto un in\u017eenierzin\u0101t\u0146u kopienu. Izgl\u012bt\u012bbas un zin\u0101tnes ministrija ir cie\u0161\u0101 sadarb\u012bb\u0101 ar <a href=\"https:\/\/latvijacern.lv\/page\/par-mums\" target=\"_blank\" rel=\"nofollow noopener\">CERN nacion\u0101lo kontaktpunktu Latvij\u0101,<\/a> kas darbojas Latvij\u0101 jau kop\u0161 2018. gada.<\/p>\n<p>Sadarb\u012bba ar CERN Latvij\u0101 jau ir veicin\u0101jusi daudz strauj\u0101ku augstas ener\u0123ijas fizikas un pa\u0101trin\u0101t\u0101ju tehnolo\u0123iju nozaru att\u012bst\u012bbu un sniegusi iesp\u0113ju Latvijas zin\u0101tniekiem un studentiem \u2013 da\u013ci\u0146u fizi\u0137iem un in\u017eenieriem \u2013 piedal\u012bties \u0161\u012bs noz\u012bm\u012bg\u0101s zin\u0101tnisk\u0101s instit\u016bcijas darb\u0101. Latvijas zin\u0101tnieki piedal\u0101s CMS (Compact Muon Solenoid) un AEgIS (Antimatter Experiment: gravity, Interferometry, Spectroscopy) eksperimentos, veicot fundament\u0101l\u0101s zin\u0101tnes p\u0113t\u012bjumus. T\u0101pat Latvija piedal\u0101s ar\u012b MEDICIS (Medical Isotopes Collected from ISOLDE) eksperiment\u0101. RTU un LU kop\u0113j\u0101s doktorant\u016bras programmas &#8220;Da\u013ci\u0146u fizika un pa\u0101trin\u0101t\u0101ju tehnolo\u0123ijas&#8221; studentiem ir iesp\u0113ja promocijas darbu p\u0113t\u012bjumus izstr\u0101d\u0101t CERN.<\/p>\n<p>Latvijas sadarb\u012bba ar CERN norisin\u0101s, pateicoties valsts pie\u0161\u0137irtajam finans\u0113jumam un strat\u0113\u0123isk\u0101s att\u012bst\u012bbas meh\u0101nismiem, jo Latvij\u0101 tiek veiksm\u012bgi \u012bstenota Valsts p\u0113t\u012bjumu programma &#8220;Augstas ener\u0123ijas fizika un pa\u0101trin\u0101t\u0101ju tehnolo\u0123ijas&#8221;.<\/p>\n<p>CERN, kas izveidots 1954. gad\u0101, ir pasaules vado\u0161\u0101 organiz\u0101cija fizikas zin\u0101tnes att\u012bst\u012bb\u0101 un jaunu atkl\u0101jumu veik\u0161an\u0101. Viens no publiski zin\u0101m\u0101kajiem atkl\u0101jumiem \u2013 2012. gad\u0101 CERN zin\u0101tniekiem Lielaj\u0101 hadronu pa\u0101trin\u0101t\u0101j\u0101 veiktaj\u0101 eksperiment\u0101 izdev\u0101s detekt\u0113t Higsa bozonu element\u0101rda\u013ci\u0146u.<\/p>\n<p>CERN 1989. gad\u0101 rad\u012bja vispasaules t\u012bmekli jeb World Wide Web (www), kas main\u012bja pasauli. CERN izstr\u0101d\u0101t\u0101s tehnolo\u0123ijas tiek izmantotas ar\u012b ikdien\u0101, piem\u0113ram, onkolo\u0123isko slim\u012bbu \u0101rst\u0113\u0161an\u0101 un diagnostik\u0101. Liel\u0101 hadronu pa\u0101trin\u0101t\u0101ja galven\u0101 tune\u013ca garums ir 26,7 kilometri, un tas izb\u016bv\u0113ts apm\u0113ram 100 metru dzi\u013cum\u0101 \u0160veices un Francijas teritorij\u0101.<\/p>\n<p>          <img decoding=\"async\" src=\"https:\/\/www.europesays.com\/lv\/wp-content\/uploads\/2026\/01\/1767645852_487_logo-lv.png\" alt=\"\"\/><\/p>\n<p>                  \u0160\u012b inform\u0101cija ir publisks pazi\u0146ojums un neatspogu\u013co LV port\u0101la viedokli. Par t\u0101s saturu atbild ies\u016bt\u012bt\u0101js. <a data-popup=\"rules\">Public\u0113\u0161anas noteikumi<\/a><\/p>\n","protected":false},"excerpt":{"rendered":"Izgl\u012bt\u012bbas un zin\u0101tnes ministre Dace Melb\u0101rde ceturtdien, 15. janv\u0101r\u012b, tiksies ar Eiropas Kodolp\u0113tniec\u012bbas centra (CERN) padomes prezidentu, profesoru&hellip;\n","protected":false},"author":2,"featured_media":95583,"comment_status":"","ping_status":"","sticky":false,"template":"","format":"standard","meta":{"footnotes":""},"categories":[5],"tags":[23,28,29,32,33,22,30,31,35,39,38,36,37,34,40,20,26,27,24,25,21],"class_list":{"0":"post-104511","1":"post","2":"type-post","3":"status-publish","4":"format-standard","5":"has-post-thumbnail","7":"category-aktualitates","8":"tag-aktualitates","9":"tag-breaking-news","10":"tag-breakingnews","11":"tag-featured-news","12":"tag-featurednews","13":"tag-headlines","14":"tag-latest-news","15":"tag-latestnews","16":"tag-latvia","17":"tag-latvian","18":"tag-latviesu","19":"tag-latviesu-valoda","20":"tag-latviesuvaloda","21":"tag-latvija","22":"tag-lv","23":"tag-news","24":"tag-popularakas-zinas","25":"tag-popularakaszinas","26":"tag-top-stories","27":"tag-topstories","28":"tag-zinas"},"share_on_mastodon":{"url":"https:\/\/pubeurope.com\/@lv\/115894128634116015","error":""},"_links":{"self":[{"href":"https:\/\/www.europesays.com\/lv\/wp-json\/wp\/v2\/posts\/104511","targetHints":{"allow":["GET"]}}],"collection":[{"href":"https:\/\/www.europesays.com\/lv\/wp-json\/wp\/v2\/posts"}],"about":[{"href":"https:\/\/www.europesays.com\/lv\/wp-json\/wp\/v2\/types\/post"}],"author":[{"embeddable":true,"href":"https:\/\/www.europesays.com\/lv\/wp-json\/wp\/v2\/users\/2"}],"replies":[{"embeddable":true,"href":"https:\/\/www.europesays.com\/lv\/wp-json\/wp\/v2\/comments?post=104511"}],"version-history":[{"count":0,"href":"https:\/\/www.europesays.com\/lv\/wp-json\/wp\/v2\/posts\/104511\/revisions"}],"wp:featuredmedia":[{"embeddable":true,"href":"https:\/\/www.europesays.com\/lv\/wp-json\/wp\/v2\/media\/95583"}],"wp:attachment":[{"href":"https:\/\/www.europesays.com\/lv\/wp-json\/wp\/v2\/media?parent=104511"}],"wp:term":[{"taxonomy":"category","embeddable":true,"href":"https:\/\/www.europesays.com\/lv\/wp-json\/wp\/v2\/categories?post=104511"},{"taxonomy":"post_tag","embeddable":true,"href":"https:\/\/www.europesays.com\/lv\/wp-json\/wp\/v2\/tags?post=104511"}],"curies":[{"name":"wp","href":"https:\/\/api.w.org\/{rel}","templated":true}]}}