{"id":104525,"date":"2026-01-14T15:36:08","date_gmt":"2026-01-14T15:36:08","guid":{"rendered":"https:\/\/www.europesays.com\/lv\/104525\/"},"modified":"2026-01-14T15:36:08","modified_gmt":"2026-01-14T15:36:08","slug":"aktieris-janis-skanis-ar-verienu-nosvin-75-jubileju-tik-daudz-slavenu-viesu-santa","status":"publish","type":"post","link":"https:\/\/www.europesays.com\/lv\/104525\/","title":{"rendered":"Aktieris J\u0101nis Skanis ar v\u0113rienu nosvin 75. jubileju. Tik daudz slavenu viesu! \u2014 Santa"},"content":{"rendered":"<p>Savu dzim\u0161anas dienu VEF Kult\u016bras pil\u012b biju\u0161ais\u00a0Nacion\u0101l\u0101 te\u0101tra aktieris svin\u0113ja kop\u0101 ar\u00a0kol\u0113\u0123iem no sava te\u0101tra\u00a0un\u00a0draugiem no citiem te\u0101triem, savuk\u0101rt z\u0101l\u0113 vietas aizpild\u012bja Ska\u0146a talanta piel\u016bdz\u0113ji, liel\u0101koties d\u0101mas.<\/p>\n<p>Baudot priek\u0161nesumus, dziesmas un dejas, Skanis kop\u0101 ar saviem l\u012bdzcilv\u0113kiem atskat\u012bj\u0101s uz rado\u0161\u0101 m\u016b\u017ea noz\u012bm\u012bg\u0101kaj\u0101m lom\u0101m. No t\u0101m popul\u0101r\u0101k\u0101, protams, bijusi Circe\u0146a jeb Cir\u010das loma izr\u0101d\u0113 par \u017eurku Korn\u0113liju. T\u0101pat daudz smieklu san\u0101ku\u0161ajiem sag\u0101d\u0101ja Ska\u0146a\u00a0muzik\u0101l\u0101s performances kop\u0101 ar le\u0123end\u0101rajiem joku draugiem Voldem\u0101ru \u0160ori\u0146u un Zigurdu Neimani.<\/p>\n<p>K\u0101di slaveni \u013caudis ierad\u0101s sveikt m\u0101kslinieku noz\u012bm\u012bgaj\u0101 jubilej\u0101, skaties galerij\u0101!<\/p>\n<p>                    <a data-role=\"gallery.trigger\" href=\"https:\/\/www.santa.lv\/raksts\/personibas\/foto-aktieris-janis-skanis-ar-verienu-nosvin-75.-jubileju.-tik-daudz-slavenu-viesu-80194\/javascript:;\" style=\"background-image:url(&#039;https:\/\/cdn.santa.lv\/media\/2026\/01\/2\/xlarge\/95c18dcb107a.jpg&#039;)\" aria-label=\"Atv\u0113rt galeriju\" rel=\"nofollow noopener\" target=\"_blank\"><\/p>\n<p>                                            <a data-role=\"gallery.trigger\" href=\"https:\/\/www.santa.lv\/raksts\/personibas\/foto-aktieris-janis-skanis-ar-verienu-nosvin-75.-jubileju.-tik-daudz-slavenu-viesu-80194\/javascript:;\" style=\"background-image:url(&#039;https:\/\/cdn.santa.lv\/media\/2026\/01\/2\/small\/be0c24e5aae9.jpg&#039;)\" aria-label=\"Atv\u0113rt galeriju\" rel=\"nofollow noopener\" target=\"_blank\"><br \/>\n                                                    <\/a><br \/>\n                                                <a data-role=\"gallery.trigger\" href=\"https:\/\/www.santa.lv\/raksts\/personibas\/foto-aktieris-janis-skanis-ar-verienu-nosvin-75.-jubileju.-tik-daudz-slavenu-viesu-80194\/javascript:;\" style=\"background-image:url(&#039;https:\/\/cdn.santa.lv\/media\/2026\/01\/2\/small\/27b5f1a23b94.jpg&#039;)\" aria-label=\"Atv\u0113rt galeriju\" rel=\"nofollow noopener\" target=\"_blank\"><br \/>\n                                                    <\/a><br \/>\n                                                <a data-role=\"gallery.trigger\" href=\"https:\/\/www.santa.lv\/raksts\/personibas\/foto-aktieris-janis-skanis-ar-verienu-nosvin-75.-jubileju.-tik-daudz-slavenu-viesu-80194\/javascript:;\" style=\"background-image:url(&#039;https:\/\/cdn.santa.lv\/media\/2026\/01\/2\/small\/ae191c262606.jpg&#039;)\" aria-label=\"Atv\u0113rt galeriju\" rel=\"nofollow noopener\" target=\"_blank\"><br \/>\n                            +49                        <\/a><\/p>\n<p>\u00a0<\/p>\n","protected":false},"excerpt":{"rendered":"Savu dzim\u0161anas dienu VEF Kult\u016bras pil\u012b biju\u0161ais\u00a0Nacion\u0101l\u0101 te\u0101tra aktieris svin\u0113ja kop\u0101 ar\u00a0kol\u0113\u0123iem no sava te\u0101tra\u00a0un\u00a0draugiem no citiem te\u0101triem,&hellip;\n","protected":false},"author":2,"featured_media":104526,"comment_status":"","ping_status":"","sticky":false,"template":"","format":"standard","meta":{"footnotes":""},"categories":[12],"tags":[23,28,29,32,33,22,30,31,35,39,38,36,37,34,40,20,26,27,24,25,21],"class_list":{"0":"post-104525","1":"post","2":"type-post","3":"status-publish","4":"format-standard","5":"has-post-thumbnail","7":"category-latvija","8":"tag-aktualitates","9":"tag-breaking-news","10":"tag-breakingnews","11":"tag-featured-news","12":"tag-featurednews","13":"tag-headlines","14":"tag-latest-news","15":"tag-latestnews","16":"tag-latvia","17":"tag-latvian","18":"tag-latviesu","19":"tag-latviesu-valoda","20":"tag-latviesuvaloda","21":"tag-latvija","22":"tag-lv","23":"tag-news","24":"tag-popularakas-zinas","25":"tag-popularakaszinas","26":"tag-top-stories","27":"tag-topstories","28":"tag-zinas"},"share_on_mastodon":{"url":"https:\/\/pubeurope.com\/@lv\/115894195589521498","error":""},"_links":{"self":[{"href":"https:\/\/www.europesays.com\/lv\/wp-json\/wp\/v2\/posts\/104525","targetHints":{"allow":["GET"]}}],"collection":[{"href":"https:\/\/www.europesays.com\/lv\/wp-json\/wp\/v2\/posts"}],"about":[{"href":"https:\/\/www.europesays.com\/lv\/wp-json\/wp\/v2\/types\/post"}],"author":[{"embeddable":true,"href":"https:\/\/www.europesays.com\/lv\/wp-json\/wp\/v2\/users\/2"}],"replies":[{"embeddable":true,"href":"https:\/\/www.europesays.com\/lv\/wp-json\/wp\/v2\/comments?post=104525"}],"version-history":[{"count":0,"href":"https:\/\/www.europesays.com\/lv\/wp-json\/wp\/v2\/posts\/104525\/revisions"}],"wp:featuredmedia":[{"embeddable":true,"href":"https:\/\/www.europesays.com\/lv\/wp-json\/wp\/v2\/media\/104526"}],"wp:attachment":[{"href":"https:\/\/www.europesays.com\/lv\/wp-json\/wp\/v2\/media?parent=104525"}],"wp:term":[{"taxonomy":"category","embeddable":true,"href":"https:\/\/www.europesays.com\/lv\/wp-json\/wp\/v2\/categories?post=104525"},{"taxonomy":"post_tag","embeddable":true,"href":"https:\/\/www.europesays.com\/lv\/wp-json\/wp\/v2\/tags?post=104525"}],"curies":[{"name":"wp","href":"https:\/\/api.w.org\/{rel}","templated":true}]}}