{"id":104529,"date":"2026-01-14T15:42:10","date_gmt":"2026-01-14T15:42:10","guid":{"rendered":"https:\/\/www.europesays.com\/lv\/104529\/"},"modified":"2026-01-14T15:42:10","modified_gmt":"2026-01-14T15:42:10","slug":"foto-kops-13-janvara-grautiniem-vecriga-pagajusi-jau-17-gadi-luk-ka-pec-tiem-parvertas-ielas","status":"publish","type":"post","link":"https:\/\/www.europesays.com\/lv\/104529\/","title":{"rendered":"FOTO. Kop\u0161 13. janv\u0101ra grauti\u0146iem Vecr\u012bg\u0101 pag\u0101ju\u0161i jau 17 gadi: l\u016bk, k\u0101 p\u0113c tiem p\u0101rv\u0113rt\u0101s ielas"},"content":{"rendered":"<p>            13. janv\u0101ra grauti\u0146\u0161 Vecr\u012bg\u0101 (13.01.2009.)<\/p>\n<p>13:28, 14. janv\u0101ris 2026<\/p>\n<p>Vakar, 13. janv\u0101r\u012b, aprit\u0113ja 17 gadi kop\u0161 notikumiem, kas satricin\u0101ja Latvijas sabiedr\u012bbu un iez\u012bm\u0113ja vienu no ska\u013c\u0101kajiem protestiem neatkar\u012bg\u0101s Latvijas v\u0113stur\u0113. 2009. gada 13. janv\u0101r\u012b Doma laukum\u0101 sapulc\u0113j\u0101s ap 10 000 cilv\u0113ku, lai paustu savu neapmierin\u0101t\u012bbu ar politisko situ\u0101ciju un piepras\u012btu Saeimas atlai\u0161anu. Ta\u010du nevardarb\u012bg\u0101 protesta noska\u0146u dr\u012bz vien aiz\u0113noja nek\u0101rt\u012bbas, kas izv\u0113rt\u0101s grauti\u0146os.<\/p>\n<p>        Las\u012bt\u0101kie<br \/>\n        <a data-imagesrc=\"{&quot;300&quot;:&quot;https:\\\/\\\/lastatic.ams3.cdn.digitaloceanspaces.com\\\/2026\\\/01\\\/FotoJet-5-300x200.jpg&quot;,&quot;1024&quot;:&quot;https:\\\/\\\/lastatic.ams3.cdn.digitaloceanspaces.com\\\/2026\\\/01\\\/FotoJet-5-1024x683.jpg&quot;,&quot;1536&quot;:&quot;https:\\\/\\\/lastatic.ams3.cdn.digitaloceanspaces.com\\\/2026\\\/01\\\/FotoJet-5-1536x1024.jpg&quot;,&quot;500&quot;:&quot;https:\\\/\\\/lastatic.ams3.cdn.digitaloceanspaces.com\\\/2026\\\/01\\\/FotoJet-5-500x333.jpg&quot;,&quot;800&quot;:&quot;https:\\\/\\\/lastatic.ams3.cdn.digitaloceanspaces.com\\\/2026\\\/01\\\/FotoJet-5-800x533.jpg&quot;,&quot;1800&quot;:&quot;https:\\\/\\\/lastatic.ams3.cdn.digitaloceanspaces.com\\\/2026\\\/01\\\/FotoJet-5.jpg&quot;}\" data-focuspoint=\"&quot;&quot;\" data-p=\"2491277\" href=\"https:\/\/www.la.lv\/vecums-nav-spriedums-5-pazimes-kas-liecina-ka-jus-novecojat-loti-veiksmigi\" class=\"content-item lazy-load\" wp_automatic_readability=\"27\" rel=\"nofollow noopener\" target=\"_blank\"><\/p>\n<p>                                <img decoding=\"async\" src=\"\" alt=\"\" style=\"\" data-imageid=\"\"\/><\/p>\n<p>\n                                                Vecums nav spriedums: 5 paz\u012bmes, kas liecina, ka j\u016bs novecojat \u013coti veiksm\u012bgi\n                            <\/p>\n<p><\/a><a data-imagesrc=\"{&quot;300&quot;:&quot;https:\\\/\\\/lastatic.ams3.cdn.digitaloceanspaces.com\\\/2026\\\/01\\\/LET_21079616-300x196.jpg&quot;,&quot;1024&quot;:&quot;https:\\\/\\\/lastatic.ams3.cdn.digitaloceanspaces.com\\\/2026\\\/01\\\/LET_21079616-1024x670.jpg&quot;,&quot;1536&quot;:&quot;https:\\\/\\\/lastatic.ams3.cdn.digitaloceanspaces.com\\\/2026\\\/01\\\/LET_21079616-1536x1005.jpg&quot;,&quot;500&quot;:&quot;https:\\\/\\\/lastatic.ams3.cdn.digitaloceanspaces.com\\\/2026\\\/01\\\/LET_21079616-500x327.jpg&quot;,&quot;800&quot;:&quot;https:\\\/\\\/lastatic.ams3.cdn.digitaloceanspaces.com\\\/2026\\\/01\\\/LET_21079616-800x523.jpg&quot;,&quot;2560&quot;:&quot;https:\\\/\\\/lastatic.ams3.cdn.digitaloceanspaces.com\\\/2026\\\/01\\\/LET_21079616-scaled.jpg&quot;}\" data-focuspoint=\"&quot;&quot;\" data-p=\"2489693\" href=\"https:\/\/www.la.lv\/nebija-nekadu-bridinajuma-zimju-kamer-gimene-meza-bauda-ziemas-priekus-mednieki-blakus-sauj\" class=\"content-item lazy-load\" wp_automatic_readability=\"27\" rel=\"nofollow noopener\" target=\"_blank\"><\/p>\n<p>                                <img decoding=\"async\" src=\"\" alt=\"\" style=\"\" data-imageid=\"\"\/><\/p>\n<p>\n                                                \u201cNebija nek\u0101du br\u012bdin\u0101juma z\u012bmju!\u201d Kam\u0113r \u0123imene me\u017e\u0101 bauda ziemas priekus, mednieki blakus \u0161auj\n                            <\/p>\n<p><\/a><a data-imagesrc=\"{&quot;300&quot;:&quot;https:\\\/\\\/lastatic.ams3.cdn.digitaloceanspaces.com\\\/2026\\\/01\\\/pexels-andrew-hewitt-24040512-7595577-300x169.jpg&quot;,&quot;1024&quot;:&quot;https:\\\/\\\/lastatic.ams3.cdn.digitaloceanspaces.com\\\/2026\\\/01\\\/pexels-andrew-hewitt-24040512-7595577-1024x576.jpg&quot;,&quot;1536&quot;:&quot;https:\\\/\\\/lastatic.ams3.cdn.digitaloceanspaces.com\\\/2026\\\/01\\\/pexels-andrew-hewitt-24040512-7595577-1536x864.jpg&quot;,&quot;500&quot;:&quot;https:\\\/\\\/lastatic.ams3.cdn.digitaloceanspaces.com\\\/2026\\\/01\\\/pexels-andrew-hewitt-24040512-7595577-500x281.jpg&quot;,&quot;800&quot;:&quot;https:\\\/\\\/lastatic.ams3.cdn.digitaloceanspaces.com\\\/2026\\\/01\\\/pexels-andrew-hewitt-24040512-7595577-800x450.jpg&quot;,&quot;2560&quot;:&quot;https:\\\/\\\/lastatic.ams3.cdn.digitaloceanspaces.com\\\/2026\\\/01\\\/pexels-andrew-hewitt-24040512-7595577-scaled.jpg&quot;}\" data-focuspoint=\"&quot;&quot;\" data-p=\"2493671\" href=\"https:\/\/www.la.lv\/sis-zodiaka-zimes-saskaras-ar-pagrieziena-punktu-dzive-tam-nekad-vairs-nebus-tada-ka-lidz-sim\" class=\"content-item lazy-load\" wp_automatic_readability=\"27\" rel=\"nofollow noopener\" target=\"_blank\"><\/p>\n<p>                                <img decoding=\"async\" src=\"\" alt=\"\" style=\"\" data-imageid=\"\"\/><\/p>\n<p>                                Kokteilis<\/p>\n<p>\n                                                \u0160\u012bs zodiaka z\u012bmes saskaras ar pagrieziena punktu: dz\u012bve t\u0101m nekad vairs neb\u016bs t\u0101da, k\u0101 l\u012bdz \u0161im\n                            <\/p>\n<p><\/a><br \/>\n        <a class=\"read-more\" href=\"https:\/\/www.la.lv\/top\" rel=\"nofollow noopener\" target=\"_blank\">Las\u012bt citas zi\u0146as<\/a><\/p>\n<p>P\u0113c protesta akcijas Vecr\u012bg\u0101, k\u0101 <a href=\"https:\/\/www.la.lv\/11-gadus-pec-vecrigas-grautiniem-joprojam-turpinas-izmeklesana-pret-tris-personam\" rel=\"nofollow noopener\" target=\"_blank\">tika v\u0113st\u012bts<\/a>, s\u0101k\u0101s grauti\u0146i \u2013 tika izsisti logi vair\u0101k\u0101m \u0113k\u0101m, tostarp stipri cieta Saeimas nams, tika aplaup\u012bts veikals, kur\u0101 tirgoja AS \u201cLatvijas balzams\u201d produkciju, k\u0101 ar\u012b cieta muzik\u0101lais restor\u0101ns \u201cF\u012blings\u201d. Grauti\u0146os piedal\u012bj\u0101s vair\u0101ki simti jaunie\u0161u, no kuriem daudzi bija alkohola reibum\u0101. \u0160ie cilv\u0113ki vair\u0101kas stundas demol\u0113ja Vecr\u012bgu.<\/p>\n<p>Grauti\u0146u laik\u0101 tika aiztur\u0113tas 126 personas, un sadursm\u0113s pie Saeimas \u0113kas medi\u0137i pal\u012bdz\u012bbu sniedza vair\u0101k nek\u0101 30 cilv\u0113kiem, savuk\u0101rt slimn\u012bc\u0101s ar da\u017e\u0101d\u0101m traum\u0101m tika ievietoti 28 cietu\u0161ie, bet \u010detri cilv\u0113ki no hospitaliz\u0101cijas atteic\u0101s. T\u0101pat medi\u0137i sniedza pal\u012bdz\u012bbu aiztur\u0113tajiem sadursmju dal\u012bbniekiem, kuri jau bija nog\u0101d\u0101ti policijas iecirk\u0146os. Nek\u0101rt\u012bb\u0101s cieta ar\u012b pa\u0161i policisti.<\/p>\n<p>    CITI \u0160OBR\u012aD LASA<\/p>\n<p>Par to, kas noveda l\u012bdz nemieriem, v\u0113st\u012bj\u0101m 2019. gad\u0101 publik\u0101cij\u0101 \u201c<a href=\"https:\/\/www.la.lv\/13-janvara-atblazma\" target=\"_blank\" rel=\"noopener nofollow\">13. janv\u0101ra atbl\u0101zma. 10 gadi kop\u0161 notikuma, kas satrieca lielu sabiedr\u012bbas da\u013cu<\/a>\u201c.<\/p>\n<p>Pasliktinoties ekonomiskajai situ\u0101cijai pasaul\u0113 2008. gada nogal\u0113, pasliktin\u0101j\u0101s ar\u012b ekonomisk\u0101 situ\u0101cija Latvij\u0101. Tika palielin\u0101ti nodok\u013ci, samazin\u0101tas algas, pieauga bezdarbs, lielas naudas summas tika t\u0113r\u0113tas \u201cParex bankas\u201d gl\u0101b\u0161anai.<\/p>\n<p>2009. gada s\u0101kum\u0101 politisk\u0101 organiz\u0101cija \u201cSabiedr\u012bba citai politikai\u201d kop\u0101 ar vair\u0101k\u0101m sabiedriskaj\u0101m organiz\u0101cij\u0101m un arodbiedr\u012bb\u0101m (kopum\u0101 25 organiz\u0101cij\u0101m) n\u0101ca klaj\u0101 ar pazi\u0146ojumu \u201cAicin\u0101jums Latvijas tautai\u201d, kur\u0101 tika piepras\u012bta 9. Saeimas atlai\u0161ana. Pazi\u0146ojuma beig\u0101s tika pausts aicin\u0101jums visiem ierasties uz tautas sapulci 13. janv\u0101r\u012b Doma laukum\u0101. Dr\u012bz p\u0113c tam par\u0101d\u012bj\u0101s ar\u012b cits aicin\u0101jums izmantot \u0161o sapulci, lai \u201cvardarb\u012bgi g\u0101ztu past\u0101vo\u0161o valsts varu\u201d un pulc\u0113tos pie Saeimas \u0113kas.<\/p>\n<p>No prokurat\u016bras aps\u016bdz\u012bb\u0101 uzr\u0101d\u012btajiem datiem izriet, ka da\u017e\u0101du iest\u0101\u017eu kop\u0113jie zaud\u0113jumi tika l\u0113sti par 143 433 latiem (204 086 eiro). No tiem:<\/p>\n<p>* Saeimas kancelejai (boj\u0101ta \u0113kas fas\u0101de, logu bloki, izsisti logu stikli) \u2013 17 072 lati (24 291 eiro);<\/p>\n<p>* R\u012bgas pa\u0161vald\u012bbas policijai (boj\u0101tas 8 automa\u0161\u012bnas, no kur\u0101m 2 izn\u012bcin\u0101tas piln\u012bb\u0101) \u2013 39 839 lati (56 685 eiro);<\/p>\n<p>* policijas darbiniekiem (saboj\u0101ts dienesta ekip\u0113jums, boj\u0101ts un tuvc\u012b\u0146\u0101 at\u0146emts liels daudzums apbru\u0146ojum\u0101 eso\u0161\u0101 ekip\u0113juma) \u2013 5469 lati (7782 eiro);<\/p>\n<p>* Milit\u0101rai policijai (boj\u0101tas 4 apvidus operat\u012bv\u0101s automa\u0161\u012bnas) \u2013 14 250 lati (20 276 eiro);<\/p>\n<p>* \u201cValsts nekustamo \u012bpa\u0161umu\u201d vald\u012bjum\u0101 eso\u0161ajiem \u012bpa\u0161umiem (izsista vitr\u012bna tabakas veikalam, muzik\u0101lajam restor\u0101nam, Finan\u0161u ministrijai izsisti 30 logi, taj\u0101 skait\u0101 Valsts kasei \u2013 13 dubultlogi, VID \u2013 7 logi) \u2013 12 475 lati (17 750 eiro);<\/p>\n<p>* \u201cMaks\u0101tnesp\u0113jas administr\u0101cijai\u201d (nolaup\u012bta pl\u0101ksn\u012bte ar inform\u0101ciju par administr\u0101ciju) \u2013 341 lats (485 eiro);<\/p>\n<p>* veikalam \u201cLatvijas Balzams\u201d (izsisti durvju un vitr\u012bnu stikli, sadauz\u012bti dz\u0113rienu skapji, izlaup\u012bta veikal\u0101 eso\u0161\u0101 prece) \u2013 2442 lati (3475 eiro);<\/p>\n<p>* \u201cParex bankai\u201d (izsisti logi) \u2013 1997 lati (2841 eiro).<\/p>\n<p>Zaud\u0113jumus guva ar\u012b citas bankas, kafejn\u012bcas un veikali.<\/p>\n<p>T\u0113mas<\/p>\n<p>    SAIST\u012aTIE RAKSTI<\/p>\n","protected":false},"excerpt":{"rendered":"13. janv\u0101ra grauti\u0146\u0161 Vecr\u012bg\u0101 (13.01.2009.) 13:28, 14. janv\u0101ris 2026 Vakar, 13. janv\u0101r\u012b, aprit\u0113ja 17 gadi kop\u0161 notikumiem, kas&hellip;\n","protected":false},"author":2,"featured_media":104530,"comment_status":"","ping_status":"","sticky":false,"template":"","format":"standard","meta":{"footnotes":""},"categories":[12],"tags":[23,28,29,32,33,22,30,31,35,39,38,36,37,34,40,20,26,27,24,25,21],"class_list":{"0":"post-104529","1":"post","2":"type-post","3":"status-publish","4":"format-standard","5":"has-post-thumbnail","7":"category-latvija","8":"tag-aktualitates","9":"tag-breaking-news","10":"tag-breakingnews","11":"tag-featured-news","12":"tag-featurednews","13":"tag-headlines","14":"tag-latest-news","15":"tag-latestnews","16":"tag-latvia","17":"tag-latvian","18":"tag-latviesu","19":"tag-latviesu-valoda","20":"tag-latviesuvaloda","21":"tag-latvija","22":"tag-lv","23":"tag-news","24":"tag-popularakas-zinas","25":"tag-popularakaszinas","26":"tag-top-stories","27":"tag-topstories","28":"tag-zinas"},"share_on_mastodon":{"url":"https:\/\/pubeurope.com\/@lv\/115894219228032625","error":""},"_links":{"self":[{"href":"https:\/\/www.europesays.com\/lv\/wp-json\/wp\/v2\/posts\/104529","targetHints":{"allow":["GET"]}}],"collection":[{"href":"https:\/\/www.europesays.com\/lv\/wp-json\/wp\/v2\/posts"}],"about":[{"href":"https:\/\/www.europesays.com\/lv\/wp-json\/wp\/v2\/types\/post"}],"author":[{"embeddable":true,"href":"https:\/\/www.europesays.com\/lv\/wp-json\/wp\/v2\/users\/2"}],"replies":[{"embeddable":true,"href":"https:\/\/www.europesays.com\/lv\/wp-json\/wp\/v2\/comments?post=104529"}],"version-history":[{"count":0,"href":"https:\/\/www.europesays.com\/lv\/wp-json\/wp\/v2\/posts\/104529\/revisions"}],"wp:featuredmedia":[{"embeddable":true,"href":"https:\/\/www.europesays.com\/lv\/wp-json\/wp\/v2\/media\/104530"}],"wp:attachment":[{"href":"https:\/\/www.europesays.com\/lv\/wp-json\/wp\/v2\/media?parent=104529"}],"wp:term":[{"taxonomy":"category","embeddable":true,"href":"https:\/\/www.europesays.com\/lv\/wp-json\/wp\/v2\/categories?post=104529"},{"taxonomy":"post_tag","embeddable":true,"href":"https:\/\/www.europesays.com\/lv\/wp-json\/wp\/v2\/tags?post=104529"}],"curies":[{"name":"wp","href":"https:\/\/api.w.org\/{rel}","templated":true}]}}