{"id":104531,"date":"2026-01-14T15:43:06","date_gmt":"2026-01-14T15:43:06","guid":{"rendered":"https:\/\/www.europesays.com\/lv\/104531\/"},"modified":"2026-01-14T15:43:06","modified_gmt":"2026-01-14T15:43:06","slug":"eiropas-komisija-izklasta-noteikumus-90-miljardu-eiro-aizdevumam-ukrainai-raksts","status":"publish","type":"post","link":"https:\/\/www.europesays.com\/lv\/104531\/","title":{"rendered":"Eiropas Komisija izkl\u0101sta noteikumus 90 miljardu eiro aizdevumam Ukrainai \/ Raksts"},"content":{"rendered":"<p>Eiropas Komisija tre\u0161dien n\u0101ca klaj\u0101 ar juridisku priek\u0161likumu par 90 miljardu eiro aizdevuma piekri\u0161anu Ukrainai. Ukrai\u0146iem \u0161\u012b nauda b\u016bs j\u0101atmaks\u0101 tikai tad, ja Krievija izmaks\u0101s repar\u0101cijas. Liel\u0101k\u0101 da\u013ca no aizdevuma ir paredz\u0113ta milit\u0101raj\u0101m vajadz\u012bb\u0101m un to p\u0101rsvar\u0101 dr\u012bkst\u0113s t\u0113r\u0113t Ukrain\u0101 un Eirop\u0101 ra\u017eotajiem iero\u010diem.<\/p>\n<p style=\"text-align:left\">Politiska vieno\u0161an\u0101s par \u0161\u0101da aizdevuma izsnieg\u0161anu Eiropas Savien\u012bbas dal\u012bbvalstu l\u012bderu vid\u016b tika pan\u0101kta decembr\u012b. Aizdevumu garant\u0113 24 no 27 Eiropas Savien\u012bbas dal\u012bbvalst\u012bm; to atteic\u0101s dar\u012bt Ung\u0101rija, Slov\u0101kija un \u010cehija.<\/p>\n<p style=\"text-align:left\">Lai turpin\u0101tu pretoties Krievijas agresijai, Ukrainai steidzami ir nepiecie\u0161ama finansi\u0101l\u0101 pal\u012bdz\u012bba. T\u0101d\u0113\u013c Eiropas Komisija cer, ka pirmo da\u013cu no 90 miljardu eiro aizdevuma Brisele var\u0113s p\u0101rskait\u012bt jau apr\u012bl\u012b.<\/p>\n<p style=\"text-align:left\">Lai tas b\u016btu iesp\u0113jams, Eiropas Savien\u012bbas ekonomikas komis\u0101rs Valdis Dombrovskis cer, ka Eiropas Parlaments un dal\u012bbvalstis apstiprin\u0101s \u0161o aizdevumu l\u012bdz marta s\u0101kumam.<\/p>\n<p>Liel\u0101ko da\u013cu naudas Ukraina izlietos aizsardz\u012bbai<\/p>\n<p style=\"text-align:left\">&#8220;Princip\u0101 \u0161\u012b finan\u0161u pal\u012bdz\u012bba ir uz diviem gadiem, bet katram gadam Ukrainai b\u016bs j\u0101sagatavo finans\u0113juma strat\u0113\u0123ija. T\u0101pat \u0161\u012b finansi\u0101l\u0101 pal\u012bdz\u012bba, l\u012bdz\u012bgi k\u0101 l\u012bdz \u0161im, n\u0101ks ar noteiktiem reformu nosac\u012bjumiem, kas Ukrainai b\u016bs j\u0101\u012bsteno,&#8221; teica Dombrovskis.<\/p>\n<blockquote>\n<p style=\"text-align:left\">&#8220;No Eiropas Savien\u012bbas m\u0113s nosegsim lielu nepiecie\u0161am\u0101 atbalsta da\u013cu Ukrainai, bet ne piln\u012bgi visu. M\u0113s, protams, sagaid\u0101m, ka ar\u012b p\u0101r\u0113jie starptautiskie aizdev\u0113ji un donori turpina savu atbalstu. Tas attiecas gan uz G7 valst\u012bm, gan uz virkni citu valstu, k\u0101 ar\u012b uz starptautiskaj\u0101m finan\u0161u instit\u016bcij\u0101m.&#8221;<\/p>\n<\/blockquote>\n<p style=\"text-align:left\">Dombrovskim pirmdien Va\u0161ington\u0101 bija tik\u0161an\u0101s ar Starptautisk\u0101 Val\u016btas fonda vad\u012bt\u0101ju Kristalinu Georgijevu, kur\u0101 tika run\u0101ts ar\u012b par \u0161\u012bs organiz\u0101cijas topo\u0161o atbalstu Ukrainai.<\/p>\n<blockquote class=\"twitter-tweet\">\n<p>The EU is stepping up its financial support for Ukraine!<\/p>\n<p>Today, the <a href=\"https:\/\/twitter.com\/EU_Commission?ref_src=twsrc%5Etfw\" target=\"_blank\" rel=\"nofollow noopener\">@EU_Commission<\/a> adopted legislative proposals to provide a \u20ac90 billion loan to Ukraine for 2026 and 2027, to be financed from EU borrowing &amp; backed by the EU budget &#8220;headroom&#8221;.<\/p>\n<p>Read more:<a href=\"https:\/\/t.co\/o7aUcNCdxG\" target=\"_blank\" rel=\"nofollow\">https:\/\/t.co\/o7aUcNCdxG<\/a> <a href=\"https:\/\/t.co\/11DFsbibvH\" target=\"_blank\" rel=\"nofollow\">pic.twitter.com\/11DFsbibvH<\/a><\/p>\n<p>\u2014 EU Economy &amp; Finance (@ecfin) <a href=\"https:\/\/twitter.com\/ecfin\/status\/2011387928765698335?ref_src=twsrc%5Etfw\" target=\"_blank\" rel=\"nofollow noopener\">January 14, 2026<\/a><\/p><\/blockquote>\n<p style=\"text-align:left\">Eiropas Savien\u012bbas aizdevuma nosac\u012bjumi paredz, ka aptuveni 30 miljardus eiro Ukraina var\u0113s t\u0113r\u0113t valsts pamatfunkciju nodro\u0161in\u0101\u0161anai, savuk\u0101rt 60 miljardus \u2013 aizsardz\u012bbai. Proporcijas var nedaudz main\u012bties, atkar\u012bb\u0101 no situ\u0101cijas att\u012bst\u012bbas.<\/p>\n<p style=\"text-align:left\">&#8220;Ar \u0161o atbalstu m\u0113s nodro\u0161in\u0101m, ka Ukraina no vienas puses var stiprin\u0101t aizsardz\u012bbu kaujas lauk\u0101 un savas aizsardz\u012bbas sp\u0113jas \u2013 t\u0101tad visas milit\u0101r\u0101s vajadz\u012bbas. Un no otras puses \u2013 nodro\u0161in\u0101t valsts funkcion\u0113\u0161anu un pamatvajadz\u012bbas \u2013 t\u0101tad bud\u017eeta vajadz\u012bbas ar\u012b ir nodro\u0161in\u0101tas,&#8221; teica Eiropas Komisijas prezidente Urzula fon der Leiena.<\/p>\n<p>Francija aicina pirkt tikai Eirop\u0101 ra\u017eotos iero\u010dus<\/p>\n<p style=\"text-align:left\">Tom\u0113r viens ir skaidrs: milit\u0101raj\u0101m vajadz\u012bb\u0101m dom\u0101to naudu galvenok\u0101rt dr\u012bkst\u0113s t\u0113r\u0113t tikai Ukrain\u0101 un cit\u0101s Eiropas valst\u012bs ra\u017eotajiem iero\u010diem un mun\u012bcijai. Tikai atsevi\u0161\u0137os gad\u012bjumos, kad nepiecie\u0161am\u0101s milit\u0101r\u0101s tehnolo\u0123ijas Eirop\u0101 neb\u016bs \u0101tri pieejamas, t\u0101s dr\u012bkst\u0113s iepirkt ASV un citur pasaul\u0113.<\/p>\n<blockquote>\n<p style=\"text-align:left\">Francija uzst\u0101ja, ka par \u0161o naudu dr\u012bkst\u0113s pirkt tikai Eiropas ra\u017eojuma iero\u010dus, V\u0101cija iebilda \u2013 nepiecie\u0161am\u012bbas gad\u012bjum\u0101 ar\u012b no ASV un citiem, ja eiropie\u0161 t\u0101dus nera\u017eo.<\/p>\n<\/blockquote>\n<p style=\"text-align:left\">&#8220;Tas, par ko ir diskusijas pa\u0161reiz starp dal\u012bbvalst\u012bm ir, cik liel\u0101 m\u0113r\u0101 tie l\u012bdzek\u013ci, kas ir iez\u012bm\u0113ti aizsardz\u012bbai, ir j\u0101novirza tie\u0161i milit\u0101r\u0101 ekip\u0113juma ieg\u0101dei Eirop\u0101, ieskaitot ar\u012b pa\u0161u Ukrainu un cik liela fleksibilit\u0101te ir Ukrainai nepiecie\u0161am\u012bbas gad\u012bjum\u0101 iepirkt iero\u010dus ar\u012b no p\u0101r\u0113j\u0101m valst\u012bm, ja Eiropas ra\u017eot\u0101ji \u0161\u0101dus iero\u010dus nesp\u0113j pieg\u0101d\u0101t,&#8221; teica Dombrovskis.<\/p>\n<p style=\"text-align:left\">\u0160o aizdevumu Ukrainai b\u016bs j\u0101atmaks\u0101 tikai tad, ja Krievija tai izmaks\u0101tu kara repar\u0101cijas. Eiropas Komisija joproj\u0101m patur iesp\u0113ju \u0161im m\u0113r\u0137im izmantot ar\u012b Krievijas Centr\u0101l\u0101s bankas iesald\u0113tos l\u012bdzek\u013cus.<\/p>\n<p>                    Valodas k\u013c\u016bda rakst\u0101?<\/p>\n<p class=\"d-none d-md-block\">Iez\u012bm\u0113jiet tekstu un spiediet Ctrl+Enter, lai nos\u016bt\u012btu labojamo teksta fragmentu redaktoram! Par faktu k\u013c\u016bd\u0101m l\u016bdzam zi\u0146ot e-past\u0101 <a href=\"https:\/\/www.lsm.lv\/cdn-cgi\/l\/email-protection\" class=\"__cf_email__\" data-cfemail=\"ec9e89888d878f85868dac809f81c2809a\" rel=\"nofollow noopener\" target=\"_blank\">[email\u00a0protected]<\/a>.<\/p>\n<p class=\"d-md-none\">Iez\u012bm\u0113jiet tekstu un spiediet uz Zi\u0146ot par k\u013c\u016bdu pogas, lai nos\u016bt\u012btu labojamo teksta fragmentu redaktoram!<\/p>\n<p>\n                    Zi\u0146ot par k\u013c\u016bdu\n                <\/p>\n<p>            <script async src=\"https:\/\/platform.twitter.com\/widgets.js\" charset=\"utf-8\"><\/script><\/p>\n","protected":false},"excerpt":{"rendered":"Eiropas Komisija tre\u0161dien n\u0101ca klaj\u0101 ar juridisku priek\u0161likumu par 90 miljardu eiro aizdevuma piekri\u0161anu Ukrainai. Ukrai\u0146iem \u0161\u012b nauda&hellip;\n","protected":false},"author":2,"featured_media":104532,"comment_status":"","ping_status":"","sticky":false,"template":"","format":"standard","meta":{"footnotes":""},"categories":[5],"tags":[23,28,29,32,33,22,30,31,35,39,38,36,37,34,40,20,26,27,24,25,21],"class_list":{"0":"post-104531","1":"post","2":"type-post","3":"status-publish","4":"format-standard","5":"has-post-thumbnail","7":"category-aktualitates","8":"tag-aktualitates","9":"tag-breaking-news","10":"tag-breakingnews","11":"tag-featured-news","12":"tag-featurednews","13":"tag-headlines","14":"tag-latest-news","15":"tag-latestnews","16":"tag-latvia","17":"tag-latvian","18":"tag-latviesu","19":"tag-latviesu-valoda","20":"tag-latviesuvaloda","21":"tag-latvija","22":"tag-lv","23":"tag-news","24":"tag-popularakas-zinas","25":"tag-popularakaszinas","26":"tag-top-stories","27":"tag-topstories","28":"tag-zinas"},"share_on_mastodon":{"url":"https:\/\/pubeurope.com\/@lv\/115894222991572025","error":""},"_links":{"self":[{"href":"https:\/\/www.europesays.com\/lv\/wp-json\/wp\/v2\/posts\/104531","targetHints":{"allow":["GET"]}}],"collection":[{"href":"https:\/\/www.europesays.com\/lv\/wp-json\/wp\/v2\/posts"}],"about":[{"href":"https:\/\/www.europesays.com\/lv\/wp-json\/wp\/v2\/types\/post"}],"author":[{"embeddable":true,"href":"https:\/\/www.europesays.com\/lv\/wp-json\/wp\/v2\/users\/2"}],"replies":[{"embeddable":true,"href":"https:\/\/www.europesays.com\/lv\/wp-json\/wp\/v2\/comments?post=104531"}],"version-history":[{"count":0,"href":"https:\/\/www.europesays.com\/lv\/wp-json\/wp\/v2\/posts\/104531\/revisions"}],"wp:featuredmedia":[{"embeddable":true,"href":"https:\/\/www.europesays.com\/lv\/wp-json\/wp\/v2\/media\/104532"}],"wp:attachment":[{"href":"https:\/\/www.europesays.com\/lv\/wp-json\/wp\/v2\/media?parent=104531"}],"wp:term":[{"taxonomy":"category","embeddable":true,"href":"https:\/\/www.europesays.com\/lv\/wp-json\/wp\/v2\/categories?post=104531"},{"taxonomy":"post_tag","embeddable":true,"href":"https:\/\/www.europesays.com\/lv\/wp-json\/wp\/v2\/tags?post=104531"}],"curies":[{"name":"wp","href":"https:\/\/api.w.org\/{rel}","templated":true}]}}