{"id":104536,"date":"2026-01-14T15:52:12","date_gmt":"2026-01-14T15:52:12","guid":{"rendered":"https:\/\/www.europesays.com\/lv\/104536\/"},"modified":"2026-01-14T15:52:12","modified_gmt":"2026-01-14T15:52:12","slug":"kia-elektrize-briseles-autoizstadi-ar-trim-jauniem-gt-modeliem-ev3-ev4-un-ev5","status":"publish","type":"post","link":"https:\/\/www.europesays.com\/lv\/104536\/","title":{"rendered":"\u201cKia\u201d elektriz\u0113 Briseles autoizst\u0101di ar trim jauniem GT mode\u013ciem: \u201cEV3\u201d, \u201cEV4\u201d un \u201cEV5\u201d"},"content":{"rendered":"<p>Kia 2026. gada Briseles autoizst\u0101d\u0113 iepaz\u012bstina ar n\u0101kamo noda\u013cu savas GT mode\u013cu saimes st\u0101st\u0101 \u2013 piln\u012bgi jaunajiem elektriskajiem EV3 GT, EV4 GT un EV5 GT. Izst\u0101d\u0113 atkl\u0101tie mode\u013ci ir n\u0101kamais noz\u012bm\u012bgais solis Kia GT strat\u0113\u0123ij\u0101, jo augo\u0161o EV automobi\u013cu kl\u0101stu papildina ar emocion\u0101l\u0101m brauk\u0161anas \u012bpa\u0161\u012bb\u0101m un modern\u0101ko digit\u0101lo pieredzi.\n<\/p>\n<p>Kia jaun\u0101kos GT mode\u013cus raksturo uzlabotas tehnikas un papla\u0161in\u0101tas EV GT ekosist\u0113mas kombin\u0101cija. T\u0101 ietver GT automobi\u013ciem specifiskus brauk\u0161anas re\u017e\u012bmus, elektroniski vad\u0101mas \u0161asijas, digit\u0101lu \u0101r\u0113jo apgaismojumu, personaliz\u0113tas saskarnes, p\u0113d\u0113jos Kia programmat\u016bras atjaunin\u0101jumus, k\u0101 ar\u012b uz veiktsp\u0113jas atainojumu orient\u0113tus ska\u0146as profilus. Rezult\u0101ts ir brauk\u0161anas pieredze, ko veido p\u0101rliecino\u0161a veiktsp\u0113ja, komforts, \u0113rta lietojam\u012bba ikdien\u0101 un sp\u0113c\u012bga emocion\u0101l\u0101 saikne starp vad\u012bt\u0101ju un automobili.\n<\/p>\n<p><a href=\"https:\/\/www.europesays.com\/lv\/wp-content\/uploads\/2026\/01\/Kia-EV3-GT-5.jpg\"><img fetchpriority=\"high\" decoding=\"async\" class=\"aligncenter size-full wp-image-344612\" src=\"https:\/\/www.europesays.com\/lv\/wp-content\/uploads\/2026\/01\/Kia-EV3-GT-5.jpg\" alt=\"\" width=\"1920\" height=\"1280\"  \/><\/a>\n<\/p>\n<p>EV3 GT un EV4 GT ar identiskiem veiktsp\u0113jas g\u0113niem<\/p>\n<p>EV3 GT un EV4 GT mode\u013ciem ir piln\u012bgi identiska tehnisk\u0101 b\u0101ze, kas GT filozofijai nodro\u0161ina tr\u012bs da\u017e\u0101das izpausmes formas \u0161im segmentam neierastos virsb\u016bves tipos: kompakts SUV, sportisks he\u010dbeks un izteiksm\u012bgs f\u0101stbeks.\n<\/p>\n<p>Abiem mode\u013ciem ir divu elektromotoru 215 kW AWD sist\u0113ma (145 kW priek\u0161\u0101, 70 kW aizmugur\u0113), 81,4 kWh akumulators, elektroniski vad\u0101ma balstiek\u0101rta ar GT specifisku regul\u0113jumu, kas uzlabo vad\u0101m\u012bbu un stabilit\u0101ti pagriezienos, k\u0101 ar\u012b 20 collu vieglmet\u0101la diski ar paaugstin\u0101tas veiktsp\u0113jas riep\u0101m.\n<\/p>\n<p><a href=\"https:\/\/www.europesays.com\/lv\/wp-content\/uploads\/2026\/01\/Kia-EV4-GT-2.jpg\"><img loading=\"lazy\" decoding=\"async\" class=\"aligncenter size-full wp-image-344613\" src=\"https:\/\/www.europesays.com\/lv\/wp-content\/uploads\/2026\/01\/Kia-EV4-GT-2.jpg\" alt=\"\" width=\"1920\" height=\"1080\"  \/><\/a>\u012apa\u0161ais GT brauk\u0161anas re\u017e\u012bms nodro\u0161ina j\u016btamu un ar\u012b redzamu l\u012bdzsvaru starp jaudas padevi, st\u016bres reakciju, balstiek\u0101rtas \u012bpa\u0161\u012bb\u0101m un automobi\u013ca displeju dizainu. Aktiviz\u0113jot GT re\u017e\u012bmu, vad\u012bt\u0101js burtiski sapl\u016bst ar auto un var piln\u012bb\u0101 izbaud\u012bt dinamiskas brauk\u0161anas esenci. T\u0101pat abiem mode\u013ciem ir Virtual Gear Shift (VGS) sist\u0113ma un elektrisk\u0101 akt\u012bv\u0101s ska\u0146as sist\u0113ma.\n<\/p>\n<p>VGS nodro\u0161ina taust\u0101mu atgriezenisko saiti pa\u0101trin\u0101juma un pal\u0113nin\u0101juma laik\u0101, savuk\u0101rt akt\u012bv\u0101s ska\u0146as sist\u0113ma dinamiski rea\u0123\u0113 uz \u0101truma un slodzes izmai\u0146\u0101m, radot progres\u012bvu digit\u0101lu ska\u0146u ainavu, kas v\u0113l vair\u0101k pastiprina brauk\u0161anas azartu. Kop\u0101 \u0161\u012bs inov\u0101cijas nodro\u0161ina emocion\u0101li pies\u0101tin\u0101tu brauk\u0161anas pieredzi.\n<\/p>\n<p><a href=\"https:\/\/www.europesays.com\/lv\/wp-content\/uploads\/2026\/01\/Kia-EV4-GT-3.jpg\"><img loading=\"lazy\" decoding=\"async\" class=\"aligncenter size-full wp-image-344614\" src=\"https:\/\/www.europesays.com\/lv\/wp-content\/uploads\/2026\/01\/Kia-EV4-GT-3.jpg\" alt=\"\" width=\"1920\" height=\"1080\"  \/><\/a>\n<\/p>\n<p>EV3 GT: kompakta, p\u0101rliecino\u0161a veiktsp\u0113ja<\/p>\n<p>EV3 GT ienes GT brauk\u0161anas pieredzi kompakto SUV segment\u0101. T\u0101 robust\u0101s proporcijas un univers\u0101l\u0101 uzb\u016bve ir apvienotas ar GT specifisku \u0161asijas regul\u0113jumu, kas uz ce\u013ca nodro\u0161ina automobi\u013ca stabilit\u0101ti, uzlabo vad\u012bt\u0101ja kontroli p\u0101r auto un vairo p\u0101rliec\u012bbu.\n<\/p>\n<p>Mode\u013ca sportisko raksturu vizu\u0101li pastiprina da\u017e\u0101di GT specifiski dizaina elementi. To vid\u016b ir puskausa tipa sporta s\u0113dek\u013ci, kuru dizains aizg\u016bts no EV9 GT, izteiksm\u012bgi neona akcenti interjer\u0101 un brauk\u0161anas re\u017e\u012bmiem piesaist\u012bts fona apgaismojums. Pateicoties \u0161\u012bm \u012bpa\u0161\u012bb\u0101m, EV3 GT kalpo k\u0101 pla\u0161am autobrauc\u0113ju lokam pieejams pirmais solis Kia elektrisko GT mode\u013cu kl\u0101st\u0101.\n<\/p>\n<p>EV4 GT: dinamisks GT saimes modelis ar he\u010dbeka vai f\u0101stbeka virsb\u016bvi<\/p>\n<p>Kia EV4 ir rad\u012bts, sekojot \u201cDrive with an Edge\u201d filozofijai, un prim\u0101ri ir paredz\u0113ts tiem, kuri priek\u0161roku dod dinamiskai brauk\u0161anai, nevis tradicion\u0101lo SUV \u012bpa\u0161\u012bb\u0101m. EV4 GT ir v\u0113l detaliz\u0113t\u0101ka \u0161\u012bs koncepcijas izpausme.\n<\/p>\n<p>EV4 GT dod iesp\u0113ju baud\u012bt to pa\u0161u GT tehniku un piedzi\u0146as koncepciju zem\u0101kos un sportisk\u0101kos he\u010dbeka un f\u0101stbeka virsb\u016bves form\u0101tos. EV4 GT ir v\u0113l dinamisk\u0101ka un uz ce\u013cu v\u0113l vair\u0101k orient\u0113ta GT filozofijas interpret\u0101cija.\n<\/p>\n<p>EV4 GT salon\u0101 galven\u0101s at\u0161\u0137ir\u012bbas paz\u012bmes ir cit\u0101d\u0101ki puskausa tipa sporta s\u0113dek\u013ci, \u012bpa\u0161a tr\u012bs spie\u0137u st\u016bre, labi paman\u0101mi dizaina akcenti un GT re\u017e\u012bmam specifisks saskar\u0146u dizains. Rezult\u0101ts ir elektrisks kompaktklases modelis, kur\u0101 priorit\u0101r\u0101 loma ir precizit\u0101tei un atsauc\u012bbai.\n<\/p>\n<p><a href=\"https:\/\/www.europesays.com\/lv\/wp-content\/uploads\/2026\/01\/Kia-EV3-GT-1.jpg\"><img loading=\"lazy\" decoding=\"async\" class=\"aligncenter size-full wp-image-344617\" src=\"https:\/\/www.europesays.com\/lv\/wp-content\/uploads\/2026\/01\/Kia-EV3-GT-1.jpg\" alt=\"\" width=\"1920\" height=\"1080\"  \/><\/a>\n<\/p>\n<p>EV5 GT: GT veiktsp\u0113ja C-SUV segment\u0101<\/p>\n<p>Gaid\u0101mais EV5 Kia GT filozofiju ienes ar\u012b C-SUV kategorij\u0101. Tas apvieno veiktsp\u0113ju ar daudzpus\u012bbu, ko klienti gaida no liel\u0101kiem SUV.\n<\/p>\n<p>Modelim ir augst\u0101ka jauda un griezes moments, AWD piedzi\u0146a, GT specifisks \u0161asijas regul\u0113jums, elektroniski vad\u0101ma balstiek\u0101rta ar ce\u013ca priek\u0161skat\u012bjuma (road preview) sist\u0113mu, k\u0101 ar\u012b uz sportisku brauk\u0161anu orient\u0113tas riepas.\n<\/p>\n<p>Starp dizaina elementiem, kas EV5 GT izce\u013c uz standarta mode\u013ca fona, j\u0101min GT s\u0113rijai specifiskas eksterjera deta\u013cas, \u012bpa\u0161i puskausa tipa sporta s\u0113dek\u013ci un GT brauk\u0161anas re\u017e\u012bmiem piesaist\u012bts salona fona apgaismojums. EV5 GT ir uz veiktsp\u0113ju orient\u0113ts elektriskais SUV, kas piem\u0113rots lieto\u0161anai ikdien\u0101, tostarp braucieniem uz darbu.\n<\/p>\n<p><a href=\"https:\/\/www.europesays.com\/lv\/wp-content\/uploads\/2026\/01\/Kia-EV5-GT-2.jpg\"><img loading=\"lazy\" decoding=\"async\" class=\"aligncenter size-full wp-image-344615\" src=\"https:\/\/www.europesays.com\/lv\/wp-content\/uploads\/2026\/01\/Kia-EV5-GT-2.jpg\" alt=\"\" width=\"1920\" height=\"1080\"  \/><\/a><a href=\"https:\/\/www.europesays.com\/lv\/wp-content\/uploads\/2026\/01\/Kia-EV5-GT-4.jpg\"><img loading=\"lazy\" decoding=\"async\" class=\"aligncenter size-full wp-image-344616\" src=\"https:\/\/www.europesays.com\/lv\/wp-content\/uploads\/2026\/01\/Kia-EV5-GT-4.jpg\" alt=\"\" width=\"1920\" height=\"1080\"  \/><\/a>\n<\/p>\n<p>Kia GT v\u0113sturiskais mantojums<\/p>\n<p>Jau vair\u0101k nek\u0101 desmit gadus GT embl\u0113ma iemieso Kia pieeju aizraujo\u0161as un sabalans\u0113tas veiktsp\u0113jas iek\u013cau\u0161anai sav\u0101 mode\u013cu kl\u0101st\u0101. Pirmoreiz embl\u0113ma par\u0101d\u012bj\u0101s 2013. gad\u0101 uz mode\u013ciem Ceed GT un ProCeed GT. Abi mode\u013ci bija prim\u0101ri dom\u0101ti tiem klientiem, kuri prot nov\u0113rt\u0113t aizraujo\u0161u brauk\u0161anu un izteiksm\u012bgu stilu, bet vienlaikus v\u0113las \u0113rtu lietojam\u012bbu ikdien\u0101.\n<\/p>\n<p>\u010cetrus gadus v\u0113l\u0101k Kia prezent\u0113ja Stinger GT \u2013 z\u012bmola l\u012bdz \u0161im prec\u012bz\u0101ko Gran Turismo automobi\u013ca interpret\u0101ciju.\n<\/p>\n<p>GT filozofiju elektriskaj\u0101 laikmet\u0101 ieveda modelis EV6 GT, kas tirg\u016b tika laists 2022. gad\u0101. Ar diviem motoriem apr\u012bkotais pirm\u0101s paaudzes EV6 GT nodro\u0161in\u0101ja 430 kW \/ 585 ZS jaudu un 2023. gad\u0101 ieguva presti\u017eo titulu \u201cWorld Performance Car of the Year\u201d. 2024. gad\u0101 tirg\u016b tika laista EV6 GT moderniz\u0113t\u0101 versija ar iespaid\u012bgu 478 kW \/ 650 ZS jaudu.\n<\/p>\n<p>Kia pirmais augstas veiktsp\u0113jas elektroauto lieliski pier\u0101d\u012bja, k\u0101 elektrifik\u0101cija var pastiprin\u0101t Kia GT efektu. 2025. gada nogal\u0113 izn\u0101ca EV9 GT ar 374 kW \/ 508 ZS jaudu, l\u012bdz ar ko Kia GT sp\u0113ks tagad ir sastopams ar\u012b lielo SUV segment\u0101.\n<\/p>\n<p>EV3 GT, EV4 GT un EV5 GT ra\u017eo\u0161anas s\u0101kums vairs nav aiz kalniem<\/p>\n<p>EV3 GT, EV4 GT un EV5 GT ra\u017eo\u0161anu pl\u0101nots s\u0101kt 2026. gada 2. ceturksn\u012b. Detaliz\u0113tu inform\u0101ciju par mode\u013cu lai\u0161anu tirdzniec\u012bb\u0101 Kia sniegs tuv\u0101k tirdzniec\u012bbas s\u0101kumam.<\/p>\n","protected":false},"excerpt":{"rendered":"Kia 2026. gada Briseles autoizst\u0101d\u0113 iepaz\u012bstina ar n\u0101kamo noda\u013cu savas GT mode\u013cu saimes st\u0101st\u0101 \u2013 piln\u012bgi jaunajiem elektriskajiem&hellip;\n","protected":false},"author":2,"featured_media":104537,"comment_status":"","ping_status":"","sticky":false,"template":"","format":"standard","meta":{"footnotes":""},"categories":[16],"tags":[77,76,35,39,38,36,37,34,40],"class_list":{"0":"post-104536","1":"post","2":"type-post","3":"status-publish","4":"format-standard","5":"has-post-thumbnail","7":"category-bizness","8":"tag-bizness","9":"tag-business","10":"tag-latvia","11":"tag-latvian","12":"tag-latviesu","13":"tag-latviesu-valoda","14":"tag-latviesuvaloda","15":"tag-latvija","16":"tag-lv"},"share_on_mastodon":{"url":"https:\/\/pubeurope.com\/@lv\/115894258437179960","error":""},"_links":{"self":[{"href":"https:\/\/www.europesays.com\/lv\/wp-json\/wp\/v2\/posts\/104536","targetHints":{"allow":["GET"]}}],"collection":[{"href":"https:\/\/www.europesays.com\/lv\/wp-json\/wp\/v2\/posts"}],"about":[{"href":"https:\/\/www.europesays.com\/lv\/wp-json\/wp\/v2\/types\/post"}],"author":[{"embeddable":true,"href":"https:\/\/www.europesays.com\/lv\/wp-json\/wp\/v2\/users\/2"}],"replies":[{"embeddable":true,"href":"https:\/\/www.europesays.com\/lv\/wp-json\/wp\/v2\/comments?post=104536"}],"version-history":[{"count":0,"href":"https:\/\/www.europesays.com\/lv\/wp-json\/wp\/v2\/posts\/104536\/revisions"}],"wp:featuredmedia":[{"embeddable":true,"href":"https:\/\/www.europesays.com\/lv\/wp-json\/wp\/v2\/media\/104537"}],"wp:attachment":[{"href":"https:\/\/www.europesays.com\/lv\/wp-json\/wp\/v2\/media?parent=104536"}],"wp:term":[{"taxonomy":"category","embeddable":true,"href":"https:\/\/www.europesays.com\/lv\/wp-json\/wp\/v2\/categories?post=104536"},{"taxonomy":"post_tag","embeddable":true,"href":"https:\/\/www.europesays.com\/lv\/wp-json\/wp\/v2\/tags?post=104536"}],"curies":[{"name":"wp","href":"https:\/\/api.w.org\/{rel}","templated":true}]}}