{"id":104538,"date":"2026-01-14T15:54:11","date_gmt":"2026-01-14T15:54:11","guid":{"rendered":"https:\/\/www.europesays.com\/lv\/104538\/"},"modified":"2026-01-14T15:54:11","modified_gmt":"2026-01-14T15:54:11","slug":"tragiska-avarija-panem-tris-viriesu-dzivibas","status":"publish","type":"post","link":"https:\/\/www.europesays.com\/lv\/104538\/","title":{"rendered":"Tra\u0123iska av\u0101rija pa\u0146em tr\u012bs v\u012brie\u0161u dz\u012bv\u012bbas"},"content":{"rendered":"<p class=\"lead\">\n                                Tra\u0123isk\u0101 av\u0101rija ar trim boj\u0101g\u0101ju\u0161ajiem Tukuma novad\u0101 sv\u0113tdien notikusi, vieglajam auto iebraucot pret\u0113j\u0101 josl\u0101 un saduroties ar kravas transportl\u012bdzekli, liecina Valsts policijas r\u012bc\u012bb\u0101 eso\u0161\u0101 inform\u0101cija.\n                            <\/p>\n<p>Policij\u0101 skaidro, ka av\u0101rij\u0101 uz Ventspils \u0161osejas bija iesaist\u012bti pieci transportl\u012bdzek\u013ci, lai ar\u012b s\u0101kotn\u0113ji zi\u0146ots par se\u0161iem. S\u0101kotn\u0113ja inform\u0101cija liecina, ka &#8220;Toyota&#8221; automa\u0161\u012bnas vad\u012bt\u0101js netika gal\u0101 ar transportl\u012bdzek\u013ca vad\u012bbu, iebrauca pret\u0113j\u0101 brauk\u0161anas virziena josl\u0101, kur izrais\u012bja sadursmi ar pretim brauco\u0161o &#8220;Volvo&#8221; kravas automa\u0161\u012bnu. P\u0113c tam notika sadursme ar v\u0113l tr\u012bs automa\u0161\u012bn\u0101m. Policij\u0101 par notiku\u0161o ir s\u0101kts krimin\u0101lprocess.<\/p>\n<p>Latvijas Telev\u012bzijas raid\u012bjums &#8220;Panor\u0101ma&#8221; v\u0113st\u012bja, ka viens no boj\u0101g\u0101ju\u0161ajiem ir biju\u0161ais Salaspils novada domes deput\u0101ts Ernests Moisejs (Nacion\u0101l\u0101 apvien\u012bba). T\u0101pat LTV zi\u0146o, ka visi tr\u012bs cilv\u0113ki, kuri tra\u0123iski g\u0101ja boj\u0101, biju\u0161i saist\u012bti ar Valsts me\u017ezin\u0101tnes instit\u016btu &#8220;Silava&#8221; \u2013 \u0161aj\u0101 instit\u016bt\u0101 str\u0101d\u0101jis E. Moisejs. Savuk\u0101rt Val\u0113rijs Boska\u010denko un Vladislavs Bokta iepriek\u0161 biju\u0161i \u0161\u0101 instit\u016bta darbinieki.<\/p>\n<p>Nelaime, kur\u0101 dz\u012bv\u012bbu zaud\u0113ja tr\u012bs automa\u0161\u012bnas &#8220;Toyota Hilux&#8221; brauc\u0113ji, notika sv\u0113tdien p\u0113c trijiem p\u0113cpusdien\u0101, \u0161osejas R\u012bga\u2013Ventspils 49. kilometr\u0101. Ce\u013c\u0161 tur esot labi p\u0101rredzams un l\u012bdzens. Ar\u012b VSIA &#8220;Latvijas valsts ce\u013ci&#8221; apstiprin\u0101ju\u0161i, ka ce\u013c\u0161 bijis vair\u0101kk\u0101rt t\u012br\u012bts.<\/p>\n<p>Raid\u012bjumam &#8220;Degpunkt\u0101&#8221; satiksmes dro\u0161\u012bbas eksperts Oskars Irb\u012btis nor\u0101d\u012bja, ka l\u012bdz\u012bgi smagi negad\u012bjumi \u0161aj\u0101 viet\u0101 notiek ar satrauco\u0161u regularit\u0101ti. P\u0113c vi\u0146a teikt\u0101, automobilis &#8220;Toyota&#8221; zaud\u0113jis vad\u0101m\u012bbu nezin\u0101mu iemeslu d\u0113\u013c, iebraucis pret\u0113j\u0101 kust\u012bbas josl\u0101 un sad\u016bries ar kravas transportl\u012bdzekli, bet v\u0113l tr\u012bs automa\u0161\u012bnas nobrauku\u0161as no ce\u013ca.<\/p>\n<p>Eksperts uzsver, ka main\u012bgos ziemas laikapst\u0101k\u013cos autovad\u012bt\u0101jiem \u012bpa\u0161i j\u0101piel\u0101go brauk\u0161anas \u0101trums un j\u0101piev\u0113r\u0161 uzman\u012bba transportl\u012bdzek\u013ca tehniskajam st\u0101voklim, tostarp riepu protektora dzi\u013cumam un apgaismojumam.<\/p>\n<p>&#8220;Ce\u013ca apst\u0101k\u013ci bija ziemas apst\u0101k\u013ci, \u013coti tipiski, z\u012bm\u012bgi apst\u0101k\u013ci. Ar k\u0101diem vad\u012bt\u0101jiem mums ir \u0161aj\u0101s dien\u0101s j\u0101r\u0113\u0137in\u0101s,&#8221; koment\u0113ja Oskars Irb\u012btis. Valsts policijas Zemgales re\u0123iona p\u0101rvaldes K\u0101rt\u012bbas policijas biroja priek\u0161nieks J\u0101nis Celmi\u0146\u0161:\u00a0<\/p>\n<blockquote>\n<p>&#8220;Iesp\u0113jams, \u0146emot v\u0113r\u0101 ziemas apst\u0101k\u013cus, visdr\u012bz\u0101k vi\u0146\u0161 netika gal\u0101 ar transportl\u012bdzek\u013ca vad\u012bbu. Vai tur bija p\u0101rsniegts \u0101trums, v\u0113l nevaram spriest. To par\u0101d\u012bs izmekl\u0113\u0161ana.&#8221;<\/p>\n<\/blockquote>\n<p>Aculiecinieku uz\u0146emtajos fotoatt\u0113los redzams, ka zem kravas auto da\u013c\u0113ji pasl\u012bd\u0113jis ar\u012b &#8220;Audi&#8221; markas auto. &#8220;\u0160is &#8220;Audi&#8221; tika cauri t\u0101, ka ir nedaudz boj\u0101ta priek\u0161da\u013ca, bet visa salona da\u013ca ir piln\u012bb\u0101 vesela. Un l\u012bdz ar to \u0161ie cilv\u0113ki, k\u0101 vi\u0146i pa\u0161i run\u0101ja, negad\u012bjuma viet\u0101 dro\u0161i var svin\u0113t otru dzim\u0161anas dienu,&#8221; intervij\u0101 LTV piebilda Irb\u012btis. Vi\u0146\u0161 ar\u012b piebilda, ka p\u0101r\u0113jie autovad\u012bt\u0101ji, redzot negad\u012bjumu, pie\u0146\u0113mu\u0161i pareizu l\u0113mumu \u2013 iebraukt sal\u012bdzino\u0161i l\u0113zen\u0101 gr\u0101v\u012b, kur sniegs amortiz\u0113jis triecienu.<\/p>\n<p>Mediji v\u0113sta, ka v\u012brie\u0161i, kas atrad\u0101s automa\u0161\u012bn\u0101 &#8220;Toyota Hilux&#8221;, brauku\u0161i no med\u012bb\u0101m. Raid\u012bjums &#8220;Degpunkt\u0101&#8221; zi\u0146oja, ka kravas kast\u0113 biju\u0161as me\u017eac\u016bkas \u0137erme\u0146a atliekas un galva \u2013 iesp\u0113jams, mednieku sadal\u012bt\u0101 med\u012bbu trofeja.<\/p>\n<p>Sadursm\u0113 iesaist\u012bt\u0101 kravas automa\u0161\u012bna piederot zviedru komp\u0101nijai &#8220;NTEX&#8221;. T\u0101s p\u0101rst\u0101vis Latvij\u0101 &#8220;Degpunkt\u0101&#8221; \u017eurn\u0101listiem teicis, ka kravas auto \u0161oferim tiks iedotas br\u012bvdienas, lai sak\u0101rtotu ment\u0101lo vesel\u012bbu. &#8220;\u0160oferim viss ir k\u0101rt\u012bb\u0101. Palaim\u0113j\u0101s. Mor\u0101li gal\u012bgi nav labi, bet fiziski, j\u0101&#8230;&#8221; teicis Ivars Kukulis, SIA &#8220;NTEX&#8221; direktors. Vi\u0146\u0161 piebildis, ka kraviniekam, veicot tehnisko apskati, bija no\u0146emts video re\u0123istrators, t\u0101p\u0113c no kab\u012bnes video liec\u012bbas nav.<\/p>\n<p>\u00a0<\/p>\n<p>EKR\u0100NUZ\u0145\u0112MUMS NO &#8220;SADURSME.LV&#8221; SOCI\u0100LO T\u012aKLU KONTA<\/p>\n<p>\u00a0<\/p>\n<p class=\"paragraph-muted\">Izv\u0113lies savu soct\u012bklu platformu, lai sekotu LASI.LV: <a href=\"https:\/\/www.facebook.com\/portals.lasi.lv\" target=\"_blank\" rel=\"noopener noreferrer nofollow\">Facebook<\/a>, <a href=\"https:\/\/twitter.com\/lasilvportals\" target=\"_blank\" rel=\"noopener noreferrer nofollow\">X<\/a>, <a href=\"https:\/\/bsky.app\/profile\/lasilv.bsky.social\" target=\"_blank\" rel=\"noopener noreferrer nofollow\">Bluesky<\/a>, <a href=\"https:\/\/www.draugiem.lv\/lasilv\/?pg=4\" target=\"_blank\" rel=\"noopener noreferrer nofollow\">Draugiem<\/a>, <a href=\"https:\/\/www.threads.com\/@lasilv_zinas\" rel=\"nofollow noopener\" target=\"_blank\">Threads<\/a> vai ar\u012b <a href=\"https:\/\/www.instagram.com\/lasilv_zinas\/\" target=\"_blank\" rel=\"noopener noreferrer nofollow\">Instagram<\/a>. Pievienojies m\u016bsu las\u012bt\u0101ju pulkam, lai sa\u0146emtu \u012bpa\u0161i tev atlas\u012btu noder\u012bgu, praktisku un aktu\u0101lu saturu.\u00a0<\/p>\n<p style=\"margin-left:auto;\">Pieraksties LASI.LV redaktora v\u0113stkopai <a href=\"https:\/\/lasi.lv\/vestkopa\/lasi-lv-galvena-redaktora-vestkopa\" rel=\"nofollow noopener\" target=\"_blank\">\u0161eit<\/a>.<\/p>\n<p>Pieraksties v\u0113stkopai un divas reizes ned\u0113\u013c\u0101 sa\u0146em padzi\u013cin\u0101tu LASI.LV galven\u0101 redaktora aktu\u0101lo zi\u0146u, kompetentu viedok\u013cu un interesant\u0101ko interviju apkopojumu.<\/p>\n<p>Ko tu sa\u0146emsi:<\/p>\n<ul>\n<li>Daudzveid\u012bgus koment\u0101rus un kompetentus Latvijas Mediju \u017eurn\u0101listu un autoru viedok\u013cus par aktu\u0101lo<\/li>\n<li>Ekspertu koment\u0101rus par da\u017e\u0101diem praktiskiem, noder\u012bgiem tematiem<\/li>\n<li>Aizraujo\u0161us materi\u0101lus par v\u0113sturi, psiholo\u0123iju, kult\u016bru<\/li>\n<li>Gata \u0160\u013c\u016bkas karikat\u016bru<\/li>\n<li>Tav\u0101 e-pasta kast\u012bt\u0113 katru ceturtdienu<\/li>\n<\/ul>\n<p style=\"margin-left:auto;\">\u00a0<\/p>\n<p><script async src=\"https:\/\/platform.twitter.com\/widgets.js\" charset=\"utf-8\"><\/script><script async src=\"\/\/www.instagram.com\/embed.js\"><\/script><\/p>\n","protected":false},"excerpt":{"rendered":"Tra\u0123isk\u0101 av\u0101rija ar trim boj\u0101g\u0101ju\u0161ajiem Tukuma novad\u0101 sv\u0113tdien notikusi, vieglajam auto iebraucot pret\u0113j\u0101 josl\u0101 un saduroties ar kravas&hellip;\n","protected":false},"author":2,"featured_media":104539,"comment_status":"","ping_status":"","sticky":false,"template":"","format":"standard","meta":{"footnotes":""},"categories":[12],"tags":[23,28,29,32,33,22,30,31,35,39,38,36,37,34,40,20,26,27,24,25,21],"class_list":{"0":"post-104538","1":"post","2":"type-post","3":"status-publish","4":"format-standard","5":"has-post-thumbnail","7":"category-latvija","8":"tag-aktualitates","9":"tag-breaking-news","10":"tag-breakingnews","11":"tag-featured-news","12":"tag-featurednews","13":"tag-headlines","14":"tag-latest-news","15":"tag-latestnews","16":"tag-latvia","17":"tag-latvian","18":"tag-latviesu","19":"tag-latviesu-valoda","20":"tag-latviesuvaloda","21":"tag-latvija","22":"tag-lv","23":"tag-news","24":"tag-popularakas-zinas","25":"tag-popularakaszinas","26":"tag-top-stories","27":"tag-topstories","28":"tag-zinas"},"share_on_mastodon":{"url":"https:\/\/pubeurope.com\/@lv\/115894266361416303","error":""},"_links":{"self":[{"href":"https:\/\/www.europesays.com\/lv\/wp-json\/wp\/v2\/posts\/104538","targetHints":{"allow":["GET"]}}],"collection":[{"href":"https:\/\/www.europesays.com\/lv\/wp-json\/wp\/v2\/posts"}],"about":[{"href":"https:\/\/www.europesays.com\/lv\/wp-json\/wp\/v2\/types\/post"}],"author":[{"embeddable":true,"href":"https:\/\/www.europesays.com\/lv\/wp-json\/wp\/v2\/users\/2"}],"replies":[{"embeddable":true,"href":"https:\/\/www.europesays.com\/lv\/wp-json\/wp\/v2\/comments?post=104538"}],"version-history":[{"count":0,"href":"https:\/\/www.europesays.com\/lv\/wp-json\/wp\/v2\/posts\/104538\/revisions"}],"wp:featuredmedia":[{"embeddable":true,"href":"https:\/\/www.europesays.com\/lv\/wp-json\/wp\/v2\/media\/104539"}],"wp:attachment":[{"href":"https:\/\/www.europesays.com\/lv\/wp-json\/wp\/v2\/media?parent=104538"}],"wp:term":[{"taxonomy":"category","embeddable":true,"href":"https:\/\/www.europesays.com\/lv\/wp-json\/wp\/v2\/categories?post=104538"},{"taxonomy":"post_tag","embeddable":true,"href":"https:\/\/www.europesays.com\/lv\/wp-json\/wp\/v2\/tags?post=104538"}],"curies":[{"name":"wp","href":"https:\/\/api.w.org\/{rel}","templated":true}]}}