{"id":104540,"date":"2026-01-14T15:55:11","date_gmt":"2026-01-14T15:55:11","guid":{"rendered":"https:\/\/www.europesays.com\/lv\/104540\/"},"modified":"2026-01-14T15:55:11","modified_gmt":"2026-01-14T15:55:11","slug":"lozbers-ar-labako-slepojuma-atrumu-iegust-5-vietu-ibu-junioru-kausa-madona-ziemas-sports-sportacentrs-com","status":"publish","type":"post","link":"https:\/\/www.europesays.com\/lv\/104540\/","title":{"rendered":"Lozbers ar lab\u0101ko sl\u0113pojuma \u0101trumu ieg\u016bst 5. vietu IBU junioru kaus\u0101 Madon\u0101 \u2013 Ziemas sports \u2013 Sportacentrs.com"},"content":{"rendered":"<p>Rihards Lozbers, 16 gadus vecais biatlonists, kur\u0161 \u0161osezon start\u0113 ar\u012b Pasaules kausa l\u012bmen\u012b, Smeceres sila tras\u0113 dev\u0101s ar sept\u012bto numuru. Vi\u0146am izdev\u0101s \u0101trs sl\u0113pojums, ko izdev\u0101s papildin\u0101t ar perfektu \u0161au\u0161anu gu\u013cus. Lozberam bija lab\u0101kais laiks p\u0113c pirm\u0101s \u0161au\u0161anas 79 dal\u012bbnieku konkurenc\u0113.<\/p>\n<p>Ta\u010du otraj\u0101 \u0161au\u0161an\u0101 vi\u0146am sekoja neveiksme \u2013 izkrita \u0161au\u0161anas aptvere, zaud\u0113tas sekundes un turkl\u0101t tr\u012bs soda ap\u013ci. Vi\u0146am gan joproj\u0101m saglab\u0101j\u0101s labs sl\u0113pojuma \u0101trums, un Lozbers ar\u012b ar tr\u012bs soda ap\u013ciem iek\u013cuva lab\u0101ko se\u0161iniek\u0101, uzr\u0101dot piekto lab\u0101ko rezult\u0101tu.<\/p>\n<p>Mat\u012bss Meir\u0101ns savuk\u0101rt katr\u0101 \u0161au\u0161an\u0101 pie\u013c\u0101va pa vienai k\u013c\u016bdai un rezult\u0101ta zi\u0146\u0101 s\u012bvi konkur\u0113ja ar Lozberu. Meir\u0101ns Lozbera laikam bija priek\u0161\u0101 septi\u0146as sekundes p\u0113c otr\u0101s \u0161au\u0161anas, ta\u010du fini\u0161\u0101 nedaudz piek\u0101p\u0101s un ie\u0146\u0113ma sept\u012bto vietu, paliekot tr\u012bs sekundes aiz lab\u0101ko se\u0161inieka.<\/p>\n<p>Lab\u0101ko 30-niek\u0101 iek\u013cuva ar\u012b Adrians \u0160\u0146ori\u0146\u0161, kuram divas k\u013c\u016bdas st\u0101vus \u0161au\u0161an\u0101 un 24. vieta. R\u016bdolfs Raudzi\u0146\u0161 savuk\u0101rt bija 37. viet\u0101, bet tie\u0161i aiz vi\u0146a bija Kristi\u0101ns Karlsbergs.<\/p>\n<p>Uzvaru izc\u012bn\u012bja Austrijas sportists Tomass M\u0101rhls, galvenais favor\u012bts, kur\u0161 \u0161\u0101va nek\u013c\u016bd\u012bgi.<\/p>\n<p>Lozberam bija \u0101tr\u0101kais sl\u0113pojums visu biatlonistu konkurenc\u0113, turkl\u0101t \u013coti p\u0101rliecino\u0161i. Tras\u0113 vi\u0146\u0161 bija 40 sekundes \u0101tr\u0101ks par uzvar\u0113t\u0101ju M\u0101rhlu. \u0100trs solis tras\u0113 bija ar\u012b Meir\u0101nam &#8211; vi\u0146am dev\u012btais lab\u0101kais sl\u0113pojuma laiks.<\/p>\n<p>Madonas posms turpin\u0101sies ar sievie\u0161u sprintu plkst. 14:30. P\u0113c tam piektdien paredz\u0113tas v\u0113lreiz sprinta sacens\u012bbas, kam\u0113r sestdien b\u016bs masu starta sacens\u012bbas.<\/p>\n<p>IBU Junioru kausa posms, Madona, sprints v\u012brie\u0161iem<\/p>\n<tr>V.SportistsValstsLaiks (s.a.)<\/tr>\n<tr class=\"even\">\n<td>1.<\/td>\n<td>T. M\u0101rhls<\/td>\n<td>Austrija<\/td>\n<td>25:37.9 (0)<\/td>\n<\/tr>\n<tr class=\"odd\">\n<td>2.<\/td>\n<td>R. Groseljs Simi\u010ds<\/td>\n<td>Slov\u0113nija<\/td>\n<td>+35. 7 (1)<\/td>\n<\/tr>\n<tr class=\"even\">\n<td>3.<\/td>\n<td>M. \u0160onaigners<\/td>\n<td>Austrija<\/td>\n<td>+47.8 (2)<\/td>\n<\/tr>\n<tr class=\"odd\">\n<td>4.<\/td>\n<td>V. Ko\u010dmaneks<\/td>\n<td>\u010cehija<\/td>\n<td>+50.3 (2)<\/td>\n<\/tr>\n<tr class=\"even\">\n<td>5.<\/td>\n<td>R. Lozbers<\/td>\n<td>Latvija<\/td>\n<td>+58.6 (3)<\/td>\n<\/tr>\n<tr class=\"odd\">\n<td>6.<\/td>\n<td>A. Omejs<\/td>\n<td>Slov\u0113nija<\/td>\n<td>+1:00.00 (0)<\/td>\n<\/tr>\n<tr class=\"even\">\n<td\/>\n<td\/>\n<td\/>\n<td\/><\/tr>\n<tr class=\"odd\">\n<td>7.<\/td>\n<td>M. Meir\u0101ns<\/td>\n<td>Latvija<\/td>\n<td>+1:03.3 (2)<\/td>\n<\/tr>\n<tr class=\"even\">\n<td>24.<\/td>\n<td>A. \u0160nori\u0146\u0161<\/td>\n<td>Latvija<\/td>\n<td>+2:10.1 (2)<\/td>\n<\/tr>\n<tr class=\"odd\">\n<td>37.<\/td>\n<td>R. Raudzi\u0146\u0161<\/td>\n<td>Latvija<\/td>\n<td>+3.07.9 (3)<\/td>\n<\/tr>\n<tr class=\"even\">\n<td>38.<\/td>\n<td>K. Karlsbergs<\/td>\n<td>Latvija<\/td>\n<td>+3.11.3 (4)<\/td>\n<\/tr>\n<tr class=\"odd\">\n<td>40.<\/td>\n<td>D. Koda\u013cevs<\/td>\n<td>Latvija<\/td>\n<td>+3:22.2 (6)<\/td>\n<\/tr>\n<tr class=\"even\">\n<td>54.<\/td>\n<td>E. Solovjovs<\/td>\n<td>Latvija<\/td>\n<td>+4:37.4 (4)<\/td>\n<\/tr>\n<p>Start\u0113ja 79 dal\u012bbnieki<\/p>\n","protected":false},"excerpt":{"rendered":"Rihards Lozbers, 16 gadus vecais biatlonists, kur\u0161 \u0161osezon start\u0113 ar\u012b Pasaules kausa l\u012bmen\u012b, Smeceres sila tras\u0113 dev\u0101s ar&hellip;\n","protected":false},"author":2,"featured_media":71423,"comment_status":"","ping_status":"","sticky":false,"template":"","format":"standard","meta":{"footnotes":""},"categories":[5],"tags":[23,28,29,32,33,22,30,31,35,39,38,36,37,34,40,20,26,27,24,25,620,21],"class_list":{"0":"post-104540","1":"post","2":"type-post","3":"status-publish","4":"format-standard","5":"has-post-thumbnail","7":"category-aktualitates","8":"tag-aktualitates","9":"tag-breaking-news","10":"tag-breakingnews","11":"tag-featured-news","12":"tag-featurednews","13":"tag-headlines","14":"tag-latest-news","15":"tag-latestnews","16":"tag-latvia","17":"tag-latvian","18":"tag-latviesu","19":"tag-latviesu-valoda","20":"tag-latviesuvaloda","21":"tag-latvija","22":"tag-lv","23":"tag-news","24":"tag-popularakas-zinas","25":"tag-popularakaszinas","26":"tag-top-stories","27":"tag-topstories","28":"tag-ziemas-sports","29":"tag-zinas"},"share_on_mastodon":{"url":"https:\/\/pubeurope.com\/@lv\/115894270538917460","error":""},"_links":{"self":[{"href":"https:\/\/www.europesays.com\/lv\/wp-json\/wp\/v2\/posts\/104540","targetHints":{"allow":["GET"]}}],"collection":[{"href":"https:\/\/www.europesays.com\/lv\/wp-json\/wp\/v2\/posts"}],"about":[{"href":"https:\/\/www.europesays.com\/lv\/wp-json\/wp\/v2\/types\/post"}],"author":[{"embeddable":true,"href":"https:\/\/www.europesays.com\/lv\/wp-json\/wp\/v2\/users\/2"}],"replies":[{"embeddable":true,"href":"https:\/\/www.europesays.com\/lv\/wp-json\/wp\/v2\/comments?post=104540"}],"version-history":[{"count":0,"href":"https:\/\/www.europesays.com\/lv\/wp-json\/wp\/v2\/posts\/104540\/revisions"}],"wp:featuredmedia":[{"embeddable":true,"href":"https:\/\/www.europesays.com\/lv\/wp-json\/wp\/v2\/media\/71423"}],"wp:attachment":[{"href":"https:\/\/www.europesays.com\/lv\/wp-json\/wp\/v2\/media?parent=104540"}],"wp:term":[{"taxonomy":"category","embeddable":true,"href":"https:\/\/www.europesays.com\/lv\/wp-json\/wp\/v2\/categories?post=104540"},{"taxonomy":"post_tag","embeddable":true,"href":"https:\/\/www.europesays.com\/lv\/wp-json\/wp\/v2\/tags?post=104540"}],"curies":[{"name":"wp","href":"https:\/\/api.w.org\/{rel}","templated":true}]}}