{"id":104541,"date":"2026-01-14T15:56:23","date_gmt":"2026-01-14T15:56:23","guid":{"rendered":"https:\/\/www.europesays.com\/lv\/104541\/"},"modified":"2026-01-14T15:56:23","modified_gmt":"2026-01-14T15:56:23","slug":"klaja-nak-maijas-pohodnevas-un-modra-pelsa-jaunakais-trilleris-arhitekts-raksts","status":"publish","type":"post","link":"https:\/\/www.europesays.com\/lv\/104541\/","title":{"rendered":"Klaj\u0101 n\u0101k Maijas Pohod\u0146evas un Modra Pel\u0161a jaun\u0101kais trilleris \u00abArhitekts\u00bb \/ Raksts"},"content":{"rendered":"<p>&#8220;Apg\u0101ds Zvaigzne ABC&#8221; laidis klaj\u0101 Maijas Pohod\u0146evas un Modra Pel\u0161a dokument\u0101lo trilleri &#8220;Arhitekts&#8221;.\u00a0Gr\u0101mata tapa vair\u0101ku gadu garum\u0101, gr\u0101matas iecerei pamaz\u0101m apaugot ar jauniem kult\u016brsl\u0101\u0146iem, tekst\u0101 iek\u013caujoties pag\u0101tnes faktiem, dokumentiem un re\u0101li dz\u012bvoju\u0161iem cilv\u0113kiem, inform\u0113 apg\u0101da p\u0101rst\u0101vji.\u00a0<\/p>\n<p style=\"margin-left:0cm; margin-right:0cm\">K\u0101 nor\u0101da izdev\u0113ji, rakstnieki Maija Pohod\u0146eva un Modris Pelsis paz\u012bstami ar to, ka savos darbos nevair\u0101s no skarb\u0101m un aktu\u0101l\u0101m t\u0113m\u0101m, bet drosm\u012bgi p\u0113ta cilv\u0113cisk\u0101s b\u016bt\u012bbas tum\u0161\u0101kos nost\u016brus \u2013 vai tie b\u016btu noziegumi, vai ar\u012b n\u0101v\u0113jo\u0161a slim\u012bba. To apliecina abu l\u012bdz \u0161im izn\u0101ku\u0161ie darbi, kuru vid\u016b spilgti iez\u012bm\u0113jas krimin\u0101lrom\u0101nu s\u0113rija (pirmais rom\u0101ns &#8220;Nedzeniet p\u0113das snaiperim&#8221; un t\u0101 turpin\u0101jumi), k\u0101 ar\u012b dokument\u0101ls v\u0113st\u012bjums &#8220;Alians\u0113 pret v\u0113zi&#8221;.\u00a0<\/p>\n<p style=\"margin-left:0cm; margin-right:0cm\">&#8220;Gr\u0101matas &#8220;Arhitekts&#8221;\u00a0v\u0113st\u012bjums, kur\u0101 savijas\u00a0 fakti un izdoma, ir izvietots starp divu v\u0113sturisku karu robe\u017e\u0101m \u2013 Otr\u0101 pasaules kara beigu dr\u0101m\u0101m, tra\u0123\u0113dij\u0101m un neatkl\u0101tajiem nosl\u0113pumiem un pa\u0161reiz norito\u0161\u0101 kara kl\u0101tb\u016btni. \u0160ai laika ietvar\u0101 spilgti un sp\u0113c\u012bgi atspogu\u013coti likte\u0146i, autoriem prec\u012bzi fiks\u0113jot to, cik sp\u0113c\u012bga ir cilv\u0113ku dz\u012bvesdzi\u0146a, sastopoties ar v\u0113stures izaicin\u0101jumiem. Ta\u010du, protams, ar\u012b v\u0101jums un mor\u0101lais kompromiss nekur nav pazudu\u0161i,&#8221; las\u0101ms t\u0101s aprakst\u0101.<\/p>\n<p style=\"margin-left:0cm; margin-right:0cm; text-align:justify\"><img decoding=\"async\" src=\"https:\/\/www.europesays.com\/lv\/wp-content\/uploads\/2026\/01\/sgpm.jpg\" alt=\"Foto no Maijas Pohod\u0146evas un Modra Pel\u0161a gr\u0101matas &quot;Arhitekts&quot; atv\u0113r\u0161anas sv\u0113tkiem\"\/>Foto no Maijas Pohod\u0146evas un Modra Pel\u0161a gr\u0101matas &#8220;Arhitekts&#8221; atv\u0113r\u0161anas sv\u0113tkiem<\/p>\n<p>Foto: Dita Deksne<\/p>\n<p><img decoding=\"async\" src=\"https:\/\/www.europesays.com\/lv\/wp-content\/uploads\/2026\/01\/sgpn.jpg\" alt=\"Foto no Maijas Pohod\u0146evas un Modra Pel\u0161a gr\u0101matas &quot;Arhitekts&quot; atv\u0113r\u0161anas sv\u0113tkiem\"\/>Foto no Maijas Pohod\u0146evas un Modra Pel\u0161a gr\u0101matas &#8220;Arhitekts&#8221; atv\u0113r\u0161anas sv\u0113tkiem<\/p>\n<p>Foto: Dita Deksne<\/p>\n<p><img decoding=\"async\" src=\"https:\/\/www.europesays.com\/lv\/wp-content\/uploads\/2026\/01\/sgpo.jpg\" alt=\"Foto no Maijas Pohod\u0146evas un Modra Pel\u0161a gr\u0101matas &quot;Arhitekts&quot; atv\u0113r\u0161anas sv\u0113tkiem\"\/>Foto no Maijas Pohod\u0146evas un Modra Pel\u0161a gr\u0101matas &#8220;Arhitekts&#8221; atv\u0113r\u0161anas sv\u0113tkiem<\/p>\n<p>Foto: Dita Deksne<\/p>\n<p><img decoding=\"async\" src=\"https:\/\/www.europesays.com\/lv\/wp-content\/uploads\/2026\/01\/sgpp.jpg\" alt=\"Foto no Maijas Pohod\u0146evas un Modra Pel\u0161a gr\u0101matas &quot;Arhitekts&quot; atv\u0113r\u0161anas sv\u0113tkiem\"\/>Foto no Maijas Pohod\u0146evas un Modra Pel\u0161a gr\u0101matas &#8220;Arhitekts&#8221; atv\u0113r\u0161anas sv\u0113tkiem<\/p>\n<p>Foto: Dita Deksne<\/p>\n<p><img decoding=\"async\" src=\"https:\/\/www.europesays.com\/lv\/wp-content\/uploads\/2026\/01\/sgpq.jpg\" alt=\"Foto no Maijas Pohod\u0146evas un Modra Pel\u0161a gr\u0101matas &quot;Arhitekts&quot; atv\u0113r\u0161anas sv\u0113tkiem\"\/>Foto no Maijas Pohod\u0146evas un Modra Pel\u0161a gr\u0101matas &#8220;Arhitekts&#8221; atv\u0113r\u0161anas sv\u0113tkiem<\/p>\n<p>Foto: Dita Deksne<\/p>\n<p><img decoding=\"async\" src=\"https:\/\/www.europesays.com\/lv\/wp-content\/uploads\/2026\/01\/sgpr.jpg\" alt=\"Foto no Maijas Pohod\u0146evas un Modra Pel\u0161a gr\u0101matas &quot;Arhitekts&quot; atv\u0113r\u0161anas sv\u0113tkiem\"\/>Foto no Maijas Pohod\u0146evas un Modra Pel\u0161a gr\u0101matas &#8220;Arhitekts&#8221; atv\u0113r\u0161anas sv\u0113tkiem<\/p>\n<p>Foto: Dita Deksne<\/p>\n<p><img decoding=\"async\" src=\"https:\/\/www.europesays.com\/lv\/wp-content\/uploads\/2026\/01\/sgps.jpg\" alt=\"Foto no Maijas Pohod\u0146evas un Modra Pel\u0161a gr\u0101matas &quot;Arhitekts&quot; atv\u0113r\u0161anas sv\u0113tkiem\"\/>Foto no Maijas Pohod\u0146evas un Modra Pel\u0161a gr\u0101matas &#8220;Arhitekts&#8221; atv\u0113r\u0161anas sv\u0113tkiem<\/p>\n<p>Foto: Dita Deksne<\/p>\n<p><img decoding=\"async\" src=\"https:\/\/www.europesays.com\/lv\/wp-content\/uploads\/2026\/01\/sgpt.jpg\" alt=\"Foto no Maijas Pohod\u0146evas un Modra Pel\u0161a gr\u0101matas &quot;Arhitekts&quot; atv\u0113r\u0161anas sv\u0113tkiem\"\/>Foto no Maijas Pohod\u0146evas un Modra Pel\u0161a gr\u0101matas &#8220;Arhitekts&#8221; atv\u0113r\u0161anas sv\u0113tkiem<\/p>\n<p>Foto: Dita Deksne<\/p>\n<p><img decoding=\"async\" src=\"https:\/\/www.europesays.com\/lv\/wp-content\/uploads\/2026\/01\/sgpu.jpg\" alt=\"Foto no Maijas Pohod\u0146evas un Modra Pel\u0161a gr\u0101matas &quot;Arhitekts&quot; atv\u0113r\u0161anas sv\u0113tkiem\"\/>Foto no Maijas Pohod\u0146evas un Modra Pel\u0161a gr\u0101matas &#8220;Arhitekts&#8221; atv\u0113r\u0161anas sv\u0113tkiem<\/p>\n<p>Foto: Dita Deksne<\/p>\n<p><img decoding=\"async\" src=\"https:\/\/www.europesays.com\/lv\/wp-content\/uploads\/2026\/01\/sgpv.jpg\" alt=\"Foto no Maijas Pohod\u0146evas un Modra Pel\u0161a gr\u0101matas &quot;Arhitekts&quot; atv\u0113r\u0161anas sv\u0113tkiem\"\/>Foto no Maijas Pohod\u0146evas un Modra Pel\u0161a gr\u0101matas &#8220;Arhitekts&#8221; atv\u0113r\u0161anas sv\u0113tkiem<\/p>\n<p>Foto: Dita Deksne<\/p>\n<p><img decoding=\"async\" src=\"https:\/\/www.europesays.com\/lv\/wp-content\/uploads\/2026\/01\/sgpw.jpg\" alt=\"Foto no Maijas Pohod\u0146evas un Modra Pel\u0161a gr\u0101matas &quot;Arhitekts&quot; atv\u0113r\u0161anas sv\u0113tkiem\"\/>Foto no Maijas Pohod\u0146evas un Modra Pel\u0161a gr\u0101matas &#8220;Arhitekts&#8221; atv\u0113r\u0161anas sv\u0113tkiem<\/p>\n<p>Foto: Dita Deksne<\/p>\n<p><img decoding=\"async\" src=\"https:\/\/www.europesays.com\/lv\/wp-content\/uploads\/2026\/01\/sgpx.jpg\" alt=\"Foto no Maijas Pohod\u0146evas un Modra Pel\u0161a gr\u0101matas &quot;Arhitekts&quot; atv\u0113r\u0161anas sv\u0113tkiem\"\/>Foto no Maijas Pohod\u0146evas un Modra Pel\u0161a gr\u0101matas &#8220;Arhitekts&#8221; atv\u0113r\u0161anas sv\u0113tkiem<\/p>\n<p>Foto: Dita Deksne<\/p>\n<p><img decoding=\"async\" src=\"https:\/\/www.europesays.com\/lv\/wp-content\/uploads\/2026\/01\/sgpy.jpg\" alt=\"Foto no Maijas Pohod\u0146evas un Modra Pel\u0161a gr\u0101matas &quot;Arhitekts&quot; atv\u0113r\u0161anas sv\u0113tkiem\"\/>Foto no Maijas Pohod\u0146evas un Modra Pel\u0161a gr\u0101matas &#8220;Arhitekts&#8221; atv\u0113r\u0161anas sv\u0113tkiem<\/p>\n<p>Foto: Dita Deksne<\/p>\n<p><img decoding=\"async\" src=\"https:\/\/www.europesays.com\/lv\/wp-content\/uploads\/2026\/01\/sgpz.jpg\" alt=\"Foto no Maijas Pohod\u0146evas un Modra Pel\u0161a gr\u0101matas &quot;Arhitekts&quot; atv\u0113r\u0161anas sv\u0113tkiem\"\/>Foto no Maijas Pohod\u0146evas un Modra Pel\u0161a gr\u0101matas &#8220;Arhitekts&#8221; atv\u0113r\u0161anas sv\u0113tkiem<\/p>\n<p>Foto: Dita Deksne<\/p>\n<p><img decoding=\"async\" src=\"https:\/\/www.europesays.com\/lv\/wp-content\/uploads\/2026\/01\/sgq0.jpg\" alt=\"Foto no Maijas Pohod\u0146evas un Modra Pel\u0161a gr\u0101matas &quot;Arhitekts&quot; atv\u0113r\u0161anas sv\u0113tkiem\"\/>Foto no Maijas Pohod\u0146evas un Modra Pel\u0161a gr\u0101matas &#8220;Arhitekts&#8221; atv\u0113r\u0161anas sv\u0113tkiem<\/p>\n<p>Foto: Dita Deksne<\/p>\n<p><img decoding=\"async\" src=\"https:\/\/www.europesays.com\/lv\/wp-content\/uploads\/2026\/01\/sgq1.jpg\" alt=\"Foto no Maijas Pohod\u0146evas un Modra Pel\u0161a gr\u0101matas &quot;Arhitekts&quot; atv\u0113r\u0161anas sv\u0113tkiem\"\/>Foto no Maijas Pohod\u0146evas un Modra Pel\u0161a gr\u0101matas &#8220;Arhitekts&#8221; atv\u0113r\u0161anas sv\u0113tkiem<\/p>\n<p>Foto: Dita Deksne<\/p>\n<p><img decoding=\"async\" src=\"https:\/\/www.europesays.com\/lv\/wp-content\/uploads\/2026\/01\/sgq2.jpg\" alt=\"Foto no Maijas Pohod\u0146evas un Modra Pel\u0161a gr\u0101matas &quot;Arhitekts&quot; atv\u0113r\u0161anas sv\u0113tkiem\"\/>Foto no Maijas Pohod\u0146evas un Modra Pel\u0161a gr\u0101matas &#8220;Arhitekts&#8221; atv\u0113r\u0161anas sv\u0113tkiem<\/p>\n<p>Foto: Dita Deksne<\/p>\n<p><img decoding=\"async\" src=\"https:\/\/www.europesays.com\/lv\/wp-content\/uploads\/2026\/01\/sgq3.jpg\" alt=\"Foto no Maijas Pohod\u0146evas un Modra Pel\u0161a gr\u0101matas &quot;Arhitekts&quot; atv\u0113r\u0161anas sv\u0113tkiem\"\/>Foto no Maijas Pohod\u0146evas un Modra Pel\u0161a gr\u0101matas &#8220;Arhitekts&#8221; atv\u0113r\u0161anas sv\u0113tkiem<\/p>\n<p>Foto: Dita Deksne<\/p>\n<p><img decoding=\"async\" src=\"https:\/\/www.europesays.com\/lv\/wp-content\/uploads\/2026\/01\/sgq4.jpg\" alt=\"Foto no Maijas Pohod\u0146evas un Modra Pel\u0161a gr\u0101matas &quot;Arhitekts&quot; atv\u0113r\u0161anas sv\u0113tkiem\"\/>Foto no Maijas Pohod\u0146evas un Modra Pel\u0161a gr\u0101matas &#8220;Arhitekts&#8221; atv\u0113r\u0161anas sv\u0113tkiem<\/p>\n<p>Foto: Dita Deksne<\/p>\n<p><img decoding=\"async\" src=\"https:\/\/www.europesays.com\/lv\/wp-content\/uploads\/2026\/01\/sgq5.jpg\" alt=\"Foto no Maijas Pohod\u0146evas un Modra Pel\u0161a gr\u0101matas &quot;Arhitekts&quot; atv\u0113r\u0161anas sv\u0113tkiem\"\/>Foto no Maijas Pohod\u0146evas un Modra Pel\u0161a gr\u0101matas &#8220;Arhitekts&#8221; atv\u0113r\u0161anas sv\u0113tkiem<\/p>\n<p>Foto: Dita Deksne<\/p>\n<p><img decoding=\"async\" src=\"https:\/\/www.europesays.com\/lv\/wp-content\/uploads\/2026\/01\/sgq6.jpg\" alt=\"Foto no Maijas Pohod\u0146evas un Modra Pel\u0161a gr\u0101matas &quot;Arhitekts&quot; atv\u0113r\u0161anas sv\u0113tkiem\"\/>Foto no Maijas Pohod\u0146evas un Modra Pel\u0161a gr\u0101matas &#8220;Arhitekts&#8221; atv\u0113r\u0161anas sv\u0113tkiem<\/p>\n<p>Foto: Dita Deksne<\/p>\n<p><img decoding=\"async\" src=\"https:\/\/www.europesays.com\/lv\/wp-content\/uploads\/2026\/01\/sgq7.jpg\" alt=\"Foto no Maijas Pohod\u0146evas un Modra Pel\u0161a gr\u0101matas &quot;Arhitekts&quot; atv\u0113r\u0161anas sv\u0113tkiem\"\/>Foto no Maijas Pohod\u0146evas un Modra Pel\u0161a gr\u0101matas &#8220;Arhitekts&#8221; atv\u0113r\u0161anas sv\u0113tkiem<\/p>\n<p>Foto: Dita Deksne<\/p>\n<\/p>\n<p style=\"margin-left:0cm; margin-right:0cm\">Galvenajos varo\u0146os \u2013 \u017eurn\u0101list\u0113 Krist\u012bn\u0113 un biju\u0161aj\u0101 policist\u0101 Roland\u0101 \u2013 nav gr\u016bti saskat\u012bt abu autoru vaibstus, atz\u012bst ar\u012b pa\u0161i rakstnieki. Autori nor\u0101da, ka prec\u012bz\u0101k b\u016btu teikt \u2013 par &#8220;Arhitekta&#8221; centr\u0101lo t\u0113mu un galveno varoni ir j\u0101sauc pati v\u0113sture:\u00a0zin\u0101m\u0101 un ar\u012b nezin\u0101m\u0101, ne\u0113rt\u0101 un t\u0101, kas v\u0113l j\u0101atkl\u0101j.\u00a0<\/p>\n<p style=\"margin-left:0cm; margin-right:0cm\">&#8220;Tas, kur\u0161 aizmirst, risk\u0113 atk\u0101rtot v\u0113sturi, bet tas, kur\u0161 atceras, past\u0101v\u012bgi j\u016bt p\u0101ridar\u012bjuma s\u0101pes. Kolekt\u012bv\u0101 atmi\u0146a k\u013c\u016bst par nep\u0101rejo\u0161u dialogu starp paaudz\u0113m, un tie, kas m\u0113\u0123ina to p\u0101rtraukt, neapzin\u0101ti aizc\u0113rt sabiedr\u012bbas saknes un sp\u0113ju izprast savu identit\u0101ti,&#8221; raksta Maija Pohod\u0146eva un Modris Pelsis.\u00a0<\/p>\n<p>                    Valodas k\u013c\u016bda rakst\u0101?<\/p>\n<p class=\"d-none d-md-block\">Iez\u012bm\u0113jiet tekstu un spiediet Ctrl+Enter, lai nos\u016bt\u012btu labojamo teksta fragmentu redaktoram! Par faktu k\u013c\u016bd\u0101m l\u016bdzam zi\u0146ot e-past\u0101 <a href=\"https:\/\/www.lsm.lv\/cdn-cgi\/l\/email-protection\" class=\"__cf_email__\" data-cfemail=\"4a382f2e2b212923202b0a26392764263c\" rel=\"nofollow noopener\" target=\"_blank\">[email\u00a0protected]<\/a>.<\/p>\n<p class=\"d-md-none\">Iez\u012bm\u0113jiet tekstu un spiediet uz Zi\u0146ot par k\u013c\u016bdu pogas, lai nos\u016bt\u012btu labojamo teksta fragmentu redaktoram!<\/p>\n<p>\n                    Zi\u0146ot par k\u013c\u016bdu\n                <\/p>\n","protected":false},"excerpt":{"rendered":"&#8220;Apg\u0101ds Zvaigzne ABC&#8221; laidis klaj\u0101 Maijas Pohod\u0146evas un Modra Pel\u0161a dokument\u0101lo trilleri &#8220;Arhitekts&#8221;.\u00a0Gr\u0101mata tapa vair\u0101ku gadu garum\u0101, gr\u0101matas&hellip;\n","protected":false},"author":2,"featured_media":104542,"comment_status":"","ping_status":"","sticky":false,"template":"","format":"standard","meta":{"footnotes":""},"categories":[19],"tags":[89,90,35,39,38,36,37,34,40],"class_list":{"0":"post-104541","1":"post","2":"type-post","3":"status-publish","4":"format-standard","5":"has-post-thumbnail","7":"category-izklaide","8":"tag-entertainment","9":"tag-izklaide","10":"tag-latvia","11":"tag-latvian","12":"tag-latviesu","13":"tag-latviesu-valoda","14":"tag-latviesuvaloda","15":"tag-latvija","16":"tag-lv"},"share_on_mastodon":{"url":"https:\/\/pubeurope.com\/@lv\/115894274321677789","error":""},"_links":{"self":[{"href":"https:\/\/www.europesays.com\/lv\/wp-json\/wp\/v2\/posts\/104541","targetHints":{"allow":["GET"]}}],"collection":[{"href":"https:\/\/www.europesays.com\/lv\/wp-json\/wp\/v2\/posts"}],"about":[{"href":"https:\/\/www.europesays.com\/lv\/wp-json\/wp\/v2\/types\/post"}],"author":[{"embeddable":true,"href":"https:\/\/www.europesays.com\/lv\/wp-json\/wp\/v2\/users\/2"}],"replies":[{"embeddable":true,"href":"https:\/\/www.europesays.com\/lv\/wp-json\/wp\/v2\/comments?post=104541"}],"version-history":[{"count":0,"href":"https:\/\/www.europesays.com\/lv\/wp-json\/wp\/v2\/posts\/104541\/revisions"}],"wp:featuredmedia":[{"embeddable":true,"href":"https:\/\/www.europesays.com\/lv\/wp-json\/wp\/v2\/media\/104542"}],"wp:attachment":[{"href":"https:\/\/www.europesays.com\/lv\/wp-json\/wp\/v2\/media?parent=104541"}],"wp:term":[{"taxonomy":"category","embeddable":true,"href":"https:\/\/www.europesays.com\/lv\/wp-json\/wp\/v2\/categories?post=104541"},{"taxonomy":"post_tag","embeddable":true,"href":"https:\/\/www.europesays.com\/lv\/wp-json\/wp\/v2\/tags?post=104541"}],"curies":[{"name":"wp","href":"https:\/\/api.w.org\/{rel}","templated":true}]}}