{"id":104545,"date":"2026-01-14T16:00:08","date_gmt":"2026-01-14T16:00:08","guid":{"rendered":"https:\/\/www.europesays.com\/lv\/104545\/"},"modified":"2026-01-14T16:00:08","modified_gmt":"2026-01-14T16:00:08","slug":"saeimas-eiropas-lietu-komisija-velesanu-drosiba-demokratijas-aizsardzibas-prioritate","status":"publish","type":"post","link":"https:\/\/www.europesays.com\/lv\/104545\/","title":{"rendered":"Saeimas Eiropas lietu komisija: v\u0113l\u0113\u0161anu dro\u0161\u012bba \u2013 demokr\u0101tijas aizsardz\u012bbas priorit\u0101te"},"content":{"rendered":"<p>\u201cDemokr\u0101tijas aizsardz\u012bba \u0161odien noz\u012bm\u0113 sp\u0113ju laikus atpaz\u012bt draudus, stiprin\u0101t sabiedr\u012bbas notur\u012bbu un nodro\u0161in\u0101t god\u012bgus v\u0113l\u0113\u0161anu procesus. Eiropas demokr\u0101tijas vairogs ir b\u016btisks instruments, lai \u0161os izaicin\u0101jumus risin\u0101tu koordin\u0113ti un efekt\u012bvi visas Eiropas m\u0113rog\u0101,\u201d uzsv\u0113ra Saeimas Eiropas lietu komisijas priek\u0161s\u0113d\u0113t\u0101js Edmunds Cepur\u012btis, tre\u0161dien, 14. janv\u0101r\u012b, komisij\u0101 sprie\u017eot par jauno Eiropas Savien\u012bbas (ES) iniciat\u012bvu.<\/p>\n<p>Eiropas demokr\u0101tijas vairogs ir iniciat\u012bva, kuras m\u0113r\u0137is stiprin\u0101t sp\u0113c\u012bgas un notur\u012bgas demokr\u0101tisk\u0101s valstis, aizsarg\u0101jot inform\u0101cijas telpas integrit\u0101ti, tostarp pret dezinform\u0101ciju, \u0101rvalstu iejauk\u0161anos un kiberapdraud\u0113jumiem. T\u0101pat t\u0101 paredz stiprin\u0101t demokr\u0101tisk\u0101s instit\u016bcijas un v\u0113l\u0113\u0161anu procesus, veicin\u0101t sabiedr\u012bbas notur\u012bbu un pilsonisko l\u012bdzdal\u012bbu, k\u0101 ar\u012b atbalst\u012bt neatkar\u012bgus medijus. Eiropas demokr\u0101tijas vairogs papildin\u0101s jau eso\u0161os ES instrumentus, tostarp Digit\u0101lo pakalpojumu aktu un M\u0101ksl\u012bg\u0101 intelekta aktu, un paredz cie\u0161\u0101ku sadarb\u012bbu starp dal\u012bbvalst\u012bm, valsts iest\u0101d\u0113m, pilsonisko sabiedr\u012bbu un medijiem.<\/p>\n<p>Komisijas s\u0113des dal\u012bbnieki uzsv\u0113ra, ka demokr\u0101tijas stiprin\u0101\u0161ana un tiesiskuma aizsardz\u012bba ir \u012bpa\u0161i aktu\u0101la laik\u0101, kad autorit\u0101ru re\u017e\u012bmu spiediens un dezinform\u0101cijas kampa\u0146as arvien bie\u017e\u0101k grauj sabiedr\u012bbas uztic\u0113\u0161anos demokr\u0101tisk\u0101m instit\u016bcij\u0101m. Deput\u0101ti v\u0113rsa uzman\u012bbu uz citu valstu pieredzi, tostarp Moldov\u0101 un Rum\u0101nij\u0101, kur pirms v\u0113l\u0113\u0161an\u0101m konstat\u0113ti \u0101rvalstu iejauk\u0161an\u0101s un sabot\u0101\u017eas m\u0113\u0123in\u0101jumi, uzsverot nepiecie\u0161am\u012bbu savlaic\u012bgi stiprin\u0101t ar\u012b Latvijas v\u0113l\u0113\u0161anu notur\u012bbas sist\u0113mu. \u012apa\u0161i b\u016btiska ir \u0101tra rea\u0123\u0113\u0161ana uz apdraud\u0113jumiem, tostarp dzi\u013cviltojumiem un digit\u0101laj\u0101m manipul\u0101cij\u0101m.<\/p>\n<p>Kult\u016bras ministrijas p\u0101rst\u0101vji nor\u0101d\u012bja, ka informat\u012bv\u0101 telpa ir caurviju elements vis\u0101s nozar\u0113s, t\u0101d\u0113\u013c tai ir iz\u0161\u0137iro\u0161a noz\u012bme efekt\u012bva demokr\u0101tijas aizsardz\u012bbas vairoga izveid\u0113. Savuk\u0101rt \u0100rlietu ministrija pauda, ka Krievijas m\u0113\u0123in\u0101jumi iejaukties demokr\u0101tiskajos procesos pieaug, un uzsv\u0113ra nepiecie\u0161am\u012bbu savlaic\u012bgi un m\u0113r\u0137tiec\u012bgi izmantot visus pieejamos ES instrumentus \u0161o risku mazin\u0101\u0161anai.<\/p>\n<p>Komisijas s\u0113des dal\u012bbnieki bija vienispr\u0101tis, ka sabiedr\u012bbas notur\u012bba \u2013 iedz\u012bvot\u0101ju un instit\u016bciju sp\u0113ja kritiski izv\u0113rt\u0113t inform\u0101ciju, saglab\u0101t uztic\u0113\u0161anos demokr\u0101tijai un r\u012bkoties kop\u012bgi kr\u012b\u017eu apst\u0101k\u013cos \u2013 ir viens no b\u016btisk\u0101kajiem priek\u0161noteikumiem demokr\u0101tijas aizsardz\u012bbai m\u016bsdienu apst\u0101k\u013cos.<\/p>\n<p>Nacion\u0101lo poz\u012bciju par Eiropas demokr\u0101tijas vairogu \u00a0jau dr\u012bzum\u0101 pl\u0101nots skat\u012bt Eiropas lietu komisij\u0101, inform\u0113ja E.Cepur\u012btis, aicinot pilsonisko sabiedr\u012bbu akt\u012bvi iesaist\u012bties poz\u012bcijas sagatavo\u0161an\u0101 un sniegt savus priek\u0161likumus.<\/p>\n<p>          <img decoding=\"async\" src=\"https:\/\/www.europesays.com\/lv\/wp-content\/uploads\/2026\/01\/1767645852_487_logo-lv.png\" alt=\"\"\/><\/p>\n<p>                  \u0160\u012b inform\u0101cija ir publisks pazi\u0146ojums un neatspogu\u013co LV port\u0101la viedokli. Par t\u0101s saturu atbild ies\u016bt\u012bt\u0101js. <a data-popup=\"rules\">Public\u0113\u0161anas noteikumi<\/a><\/p>\n","protected":false},"excerpt":{"rendered":"\u201cDemokr\u0101tijas aizsardz\u012bba \u0161odien noz\u012bm\u0113 sp\u0113ju laikus atpaz\u012bt draudus, stiprin\u0101t sabiedr\u012bbas notur\u012bbu un nodro\u0161in\u0101t god\u012bgus v\u0113l\u0113\u0161anu procesus. Eiropas demokr\u0101tijas&hellip;\n","protected":false},"author":2,"featured_media":104546,"comment_status":"","ping_status":"","sticky":false,"template":"","format":"standard","meta":{"footnotes":""},"categories":[12],"tags":[23,28,29,32,33,22,30,31,35,39,38,36,37,34,40,20,26,27,24,25,21],"class_list":{"0":"post-104545","1":"post","2":"type-post","3":"status-publish","4":"format-standard","5":"has-post-thumbnail","7":"category-latvija","8":"tag-aktualitates","9":"tag-breaking-news","10":"tag-breakingnews","11":"tag-featured-news","12":"tag-featurednews","13":"tag-headlines","14":"tag-latest-news","15":"tag-latestnews","16":"tag-latvia","17":"tag-latvian","18":"tag-latviesu","19":"tag-latviesu-valoda","20":"tag-latviesuvaloda","21":"tag-latvija","22":"tag-lv","23":"tag-news","24":"tag-popularakas-zinas","25":"tag-popularakaszinas","26":"tag-top-stories","27":"tag-topstories","28":"tag-zinas"},"share_on_mastodon":{"url":"https:\/\/pubeurope.com\/@lv\/115894289915902996","error":""},"_links":{"self":[{"href":"https:\/\/www.europesays.com\/lv\/wp-json\/wp\/v2\/posts\/104545","targetHints":{"allow":["GET"]}}],"collection":[{"href":"https:\/\/www.europesays.com\/lv\/wp-json\/wp\/v2\/posts"}],"about":[{"href":"https:\/\/www.europesays.com\/lv\/wp-json\/wp\/v2\/types\/post"}],"author":[{"embeddable":true,"href":"https:\/\/www.europesays.com\/lv\/wp-json\/wp\/v2\/users\/2"}],"replies":[{"embeddable":true,"href":"https:\/\/www.europesays.com\/lv\/wp-json\/wp\/v2\/comments?post=104545"}],"version-history":[{"count":0,"href":"https:\/\/www.europesays.com\/lv\/wp-json\/wp\/v2\/posts\/104545\/revisions"}],"wp:featuredmedia":[{"embeddable":true,"href":"https:\/\/www.europesays.com\/lv\/wp-json\/wp\/v2\/media\/104546"}],"wp:attachment":[{"href":"https:\/\/www.europesays.com\/lv\/wp-json\/wp\/v2\/media?parent=104545"}],"wp:term":[{"taxonomy":"category","embeddable":true,"href":"https:\/\/www.europesays.com\/lv\/wp-json\/wp\/v2\/categories?post=104545"},{"taxonomy":"post_tag","embeddable":true,"href":"https:\/\/www.europesays.com\/lv\/wp-json\/wp\/v2\/tags?post=104545"}],"curies":[{"name":"wp","href":"https:\/\/api.w.org\/{rel}","templated":true}]}}