{"id":104549,"date":"2026-01-14T16:03:08","date_gmt":"2026-01-14T16:03:08","guid":{"rendered":"https:\/\/www.europesays.com\/lv\/104549\/"},"modified":"2026-01-14T16:03:08","modified_gmt":"2026-01-14T16:03:08","slug":"sturiska-un-skujins-atziti-par-latvijas-gada-labakajiem-ritenbraucejiem","status":"publish","type":"post","link":"https:\/\/www.europesays.com\/lv\/104549\/","title":{"rendered":"St\u016bri\u0161ka un Skuji\u0146\u0161 atz\u012bti par Latvijas gada lab\u0101kajiem rite\u0146brauc\u0113jiem"},"content":{"rendered":"<p>Skuji\u0146\u0161 sept\u012bto reizi karjer\u0101 tika atz\u012bts par Latvijas gada lab\u0101ko rite\u0146brauc\u0113ju. 34 gadus vecais rite\u0146brauc\u0113js pag\u0101ju\u0161aj\u0101 sezon\u0101 izc\u012bn\u012bja piekto vietu gan Eiropas \u010dempion\u0101t\u0101, gan pasaules \u010dempion\u0101t\u0101.<\/p>\n<p>Bez Skuji\u0146a uz \u0161o balvu pretend\u0113ja ar\u012b <a href=\"https:\/\/sports.tvnet.lv\/term\/27280\/bmx\" class=\"topicLink\" target=\"_blank\" rel=\"nofollow noopener\">BMX<\/a> sportisti Edgars Langmanis un M\u0101rti\u0146\u0161 Em\u012bls Treimanis, MTB rite\u0146brauc\u0113js <a href=\"https:\/\/sports.tvnet.lv\/term\/850969\/martins-blums\" class=\"topicLink\" target=\"_blank\" rel=\"nofollow noopener\">M\u0101rti\u0146\u0161 Bl\u016bms<\/a> un BMX fr\u012bstaila sportists <a href=\"https:\/\/sports.tvnet.lv\/term\/757812\/ernests-zebolds\" class=\"topicLink\" target=\"_blank\" rel=\"nofollow noopener\">Ernests Z\u0113bolds<\/a>.<\/p>\n<p>Savuk\u0101rt St\u016bri\u0161ka pie balvas tika tre\u0161o reizi p\u0113c k\u0101rtas. Vi\u0146a uzvar\u0113ja Eiropas \u010dempion\u0101ta U-23 vecuma grup\u0101, k\u0101 ar\u012b ie\u0146\u0113ma ceturto un sesto vietu Pasaules kausa posmos. Uz gada lab\u0101k\u0101s rite\u0146brauc\u0113jas balvu pretend\u0113ja ar\u012b \u0161osejas rite\u0146brauc\u0113ja <a href=\"https:\/\/sports.tvnet.lv\/term\/850970\/dana-rozlapa\" class=\"topicLink\" target=\"_blank\" rel=\"nofollow noopener\">Dana Ro\u017elapa<\/a> un BMX sportiste Vineta P\u0113tersone.<\/p>\n<p>Par gada lab\u0101ko jauno rite\u0146brauc\u0113ju tika atz\u012bts Eiropas BMX rite\u0146brauk\u0161anas \u010dempion\u0101ta uzvar\u0113t\u0101js junioru vecuma grup\u0101 Kristers Apels, bet par gada jauno sportisti tika atz\u012bta Kate Ketr\u012bna Skuji\u0146a, kura izc\u012bn\u012bja sept\u012bto vietu Eiropas Jaunatnes olimpiskaj\u0101 festiv\u0101l\u0101.<\/p>\n<p>Gada lab\u0101k\u0101 amatieru sporta balvu sa\u0146\u0113ma Ain\u0101rs \u0136iksis, kam\u0113r Latvijas BMX rite\u0146brauc\u0113ju izlases galvenais treneris Olafs Laku\u010ds pirmo reizi tika atz\u012bts par gada lab\u0101ko treneri. Balva par m\u016b\u017ea ieguld\u012bjumu tika pie\u0161\u0137irta BMX kluba &#8220;M\u012btavas Kume\u013ci&#8221; vad\u012bt\u0101jam un tiesnesim Aivaram Balbekam.<\/p>\n","protected":false},"excerpt":{"rendered":"Skuji\u0146\u0161 sept\u012bto reizi karjer\u0101 tika atz\u012bts par Latvijas gada lab\u0101ko rite\u0146brauc\u0113ju. 34 gadus vecais rite\u0146brauc\u0113js pag\u0101ju\u0161aj\u0101 sezon\u0101 izc\u012bn\u012bja&hellip;\n","protected":false},"author":2,"featured_media":104550,"comment_status":"","ping_status":"","sticky":false,"template":"","format":"standard","meta":{"footnotes":""},"categories":[17],"tags":[782,25129,25128,35,39,38,36,37,34,40,25127,462,741,67,288,19386],"class_list":{"0":"post-104549","1":"post","2":"type-post","3":"status-publish","4":"format-standard","5":"has-post-thumbnail","7":"category-sports","8":"tag-bmx","9":"tag-dana-rozlapa","10":"tag-ernests-zebolds","11":"tag-latvia","12":"tag-latvian","13":"tag-latviesu","14":"tag-latviesu-valoda","15":"tag-latviesuvaloda","16":"tag-latvija","17":"tag-lv","18":"tag-martins-blums","19":"tag-ritenbrauksana","20":"tag-sosejas-ritenbrauksana","21":"tag-sports","22":"tag-toms-skujins","23":"tag-veronika-monika-sturiska"},"share_on_mastodon":{"url":"https:\/\/pubeurope.com\/@lv\/115894301691522407","error":""},"_links":{"self":[{"href":"https:\/\/www.europesays.com\/lv\/wp-json\/wp\/v2\/posts\/104549","targetHints":{"allow":["GET"]}}],"collection":[{"href":"https:\/\/www.europesays.com\/lv\/wp-json\/wp\/v2\/posts"}],"about":[{"href":"https:\/\/www.europesays.com\/lv\/wp-json\/wp\/v2\/types\/post"}],"author":[{"embeddable":true,"href":"https:\/\/www.europesays.com\/lv\/wp-json\/wp\/v2\/users\/2"}],"replies":[{"embeddable":true,"href":"https:\/\/www.europesays.com\/lv\/wp-json\/wp\/v2\/comments?post=104549"}],"version-history":[{"count":0,"href":"https:\/\/www.europesays.com\/lv\/wp-json\/wp\/v2\/posts\/104549\/revisions"}],"wp:featuredmedia":[{"embeddable":true,"href":"https:\/\/www.europesays.com\/lv\/wp-json\/wp\/v2\/media\/104550"}],"wp:attachment":[{"href":"https:\/\/www.europesays.com\/lv\/wp-json\/wp\/v2\/media?parent=104549"}],"wp:term":[{"taxonomy":"category","embeddable":true,"href":"https:\/\/www.europesays.com\/lv\/wp-json\/wp\/v2\/categories?post=104549"},{"taxonomy":"post_tag","embeddable":true,"href":"https:\/\/www.europesays.com\/lv\/wp-json\/wp\/v2\/tags?post=104549"}],"curies":[{"name":"wp","href":"https:\/\/api.w.org\/{rel}","templated":true}]}}