{"id":104551,"date":"2026-01-14T16:05:07","date_gmt":"2026-01-14T16:05:07","guid":{"rendered":"https:\/\/www.europesays.com\/lv\/104551\/"},"modified":"2026-01-14T16:05:07","modified_gmt":"2026-01-14T16:05:07","slug":"ceram-but-pirmie-kas-ar-maksligo-intelektu-prognozes-uzbrukumus-raksts","status":"publish","type":"post","link":"https:\/\/www.europesays.com\/lv\/104551\/","title":{"rendered":"Ceram b\u016bt pirmie, kas ar m\u0101ksl\u012bgo intelektu prognoz\u0113s uzbrukumus \/ Raksts"},"content":{"rendered":"<p>Ukrainas Augst\u0101k\u0101 Rada \u0161odien atbalst\u012bjusi prezidenta Volodimira Zelenska rosin\u0101t\u0101s izmai\u0146as vald\u012bbas sast\u0101v\u0101 \u2013 l\u012bdz\u0161in\u0113jais aizsardz\u012bbas ministrs Deniss \u0160miha\u013cs turpm\u0101k b\u016bs ener\u0123\u0113tikas ministrs, savuk\u0101rt par digit\u0101lo transform\u0101ciju atbild\u012bgais Mihailo Fedorovs b\u016bs aizsardz\u012bbas ministrs.\u00a0<\/p>\n<p>K\u0101 vi\u0146\u0161 pats \u0161odien atzina, no trib\u012bnes uzrun\u0101jot parlamentu, \u2013 \u0161aj\u0101 amat\u0101 vi\u0146\u0161 st\u0101jas nevis t\u0101p\u0113c, ka ir cilv\u0113ks, kas att\u012bst\u012bjis Ukrainas digitaliz\u0101ciju, bet &#8220;k\u0101 cilv\u0113ks, kas kop\u0161 2022. gada kop\u0101 ar savu komandu \u013coti daudz velt\u012bjis karam&#8221;.\u00a0<\/p>\n<p>Pateicoties \u0161im darbam, Ukrainas armija tikusi pie satel\u012bta interneta pakalpojumiem &#8220;Starlink&#8221;, dronu armijas, motiv\u0113\u0161anas sist\u0113mas, ziedo\u0161anas platformas &#8220;United 24&#8221;, aizsardz\u012bbas platformas &#8220;Brave-1&#8221; un daudz k\u0101 cita.<\/p>\n<blockquote>\n<p>Fedorovs ar\u012b sac\u012bja, ka vi\u0146a komanda pal\u012bdz\u0113jusi Galven\u0101s izl\u016bko\u0161anas p\u0101rvaldei un Ukrainas dro\u0161\u012bbas dienestam \u012bstenot uzbrukumu s\u0113riju Krievijas iek\u0161ien\u0113 un ar\u012b \u013coti b\u016btiski att\u012bst\u012bjusi viet\u0113j\u0101s milit\u0101r\u0101s r\u016bpniec\u012bbas nozari.\u00a0<\/p>\n<\/blockquote>\n<p>&#8220;Pilna apm\u0113ra iebrukuma s\u0101kum\u0101 Ukrain\u0101 bija septi\u0146i\u00a0uz\u0146\u0113mumi, kas ra\u017eoja dronus. Tagad tie ir 500!&#8221; atz\u012bm\u0113ja Fedorovs. &#8220;Radioelektronisk\u0101s pretdarb\u012bbas iek\u0101rtas ra\u017eoja divi\u00a0uz\u0146\u0113mumi, bet \u0161odien \u2013 200! Priv\u0101to\u00a0komp\u0101niju, kas ra\u017eoja ra\u0137etes, nebija visp\u0101r. \u0160odien to ir vair\u0101k nek\u0101 20! Robotiz\u0113tas platformas ra\u017eoja nulle komp\u0101niju, \u0161odien \u2013 vair\u0101k nek\u0101 simts! M\u0113s s\u0101k\u0101m sist\u0113miski mekl\u0113t asimetriskus risin\u0101jumus tur, kur klasiskais kar\u0161 mums bija p\u0101r\u0101k d\u0101rgs vai neiesp\u0113jams.&#8221;<\/p>\n<p>K\u0101 nor\u0101d\u012bja jaunais ministrs, ukrai\u0146i liek pret\u012b dronus un citu pa\u0161m\u0101ju milit\u0101ro produkciju tur, kur pietr\u016bkst mun\u012bcijas vai atbilsto\u0161a ekip\u0113juma. Un \u0161\u0101da pieeja ir attaisnojusies. Tom\u0113r, k\u0101 atz\u012bm\u0113ja ministrs,\u00a0ar jaun\u0101m tehnolo\u0123ij\u0101m nevar str\u0101d\u0101t veca organizatorisk\u0101 strukt\u016bra, t\u0101p\u0113c nepiecie\u0161amas kompleksas izmai\u0146as armij\u0101. M\u0113r\u0137is ir \u012bstenot t\u0101s reformu, uzlabot infrastrukt\u016bru frontes pirmaj\u0101s l\u012bnij\u0101s, izskaust me\u013cus un korupciju\u00a0un atjaunot uztic\u012bbu jaunai kult\u016brai armij\u0101. Lai cilv\u0113ki, kas front\u0113 par\u0101da re\u0101lus rezult\u0101tus, sa\u0146emtu atbilsto\u0161u atalgojumu un var\u0113tu augt t\u0101l\u0101k.<\/p>\n<blockquote>\n<p>Sav\u0101 uzrun\u0101 ministrs ar\u012b atkl\u0101ja ambiciozu m\u0113r\u0137i \u2013 padar\u012bt Ukrainu par pirmo valsti pasaul\u0113, kas sp\u0113tu prognoz\u0113t un neitraliz\u0113t ienaidnieka uzbrukumus ar m\u0101ksl\u012bg\u0101 intelekta pal\u012bdz\u012bbu.<\/p>\n<\/blockquote>\n<p>T\u0101pat ministrs ar\u012b run\u0101ja par\u00a0Ukrain\u0101 \u013coti s\u0101p\u012bgu\u00a0tematu \u2013\u00a0mobiliz\u0101ciju, solot p\u0113c audita pied\u0101v\u0101t risin\u0101jumu ilgsto\u0161aj\u0101m probl\u0113m\u0101m iesauk\u0161anas proces\u0101, kas vienlaikus saglab\u0101tu\u00a0Ukrainas aizsardz\u012bbas sp\u0113jas. Ministrs ar\u012b pauda ap\u0146em\u0161anos palielin\u0101t \u0101rvalstu milit\u0101ro atbalstu armijai un demonstr\u0113ja stingru ap\u0146em\u0161anos c\u012bn\u012bties pret korupciju.<\/p>\n<p>&#8220;\u0160odien katrs, kur\u0161 zog kar\u0101, ir m\u016bsu ienaidnieks,&#8221; sac\u012bja ministrs.<\/p>\n<p>Savuk\u0101rt Ukrainas Nacion\u0101lais pretkorupcijas birojs (NABU), k\u0101 ar\u012b Specializ\u0113ta Pretkorupcijas prokurat\u016bra \u0161odien pazi\u0146ojusi, ka aizdom\u0101s par korupciju pie\u0137erta Ukrainas Augst\u0101kaj\u0101 Rad\u0101 str\u0101d\u0101jo\u0161as frakcijas l\u012bdere.\u00a0<\/p>\n<p>Mediji \u0101tri noskaidroja, ka runa ir par partijas &#8220;T\u0113vzeme&#8221; politi\u0137i, biju\u0161o premjeri J\u016bliju Timo\u0161enko. Korupcijas apkarot\u0101jiem ir izdevies ierakst\u012bt sarunas, kas vedina dom\u0101t par vi\u0146as l\u012bdzdal\u012bbu balsu pirk\u0161an\u0101 Ukrainas Augst\u0101kaj\u0101 Rad\u0101. Liet\u0101 figur\u0113 l\u012bdz 20 cit\u0101m frakcij\u0101m piedero\u0161u vai citu deput\u0101tu v\u0101rdu. Timo\u0161enko kategoriski aps\u016bdz\u012bbas noliedz un d\u0113v\u0113 to par politisku izr\u0113\u0137in\u0101\u0161anos.<\/p>\n<p>\u0160\u012b nav pirm\u0101 krimin\u0101llieta par balsu pirk\u0161anu un p\u0101rdo\u0161anu Ukrainas Augst\u0101kaj\u0101 Rad\u0101 p\u0113d\u0113jo p\u0101ris ned\u0113\u013cu laik\u0101. Pavisam nesen\u00a0\u2013\u00a027.decembr\u012b\u00a0\u2013\u00a0NABU un Specializ\u0113t\u0101 prokurat\u016bra zi\u0146oja, ka slepenas oper\u0101cijas laik\u0101 atmaskota personu grupa, kas sistem\u0101tiski sa\u0146\u0113musi nelikum\u012bgus maks\u0101jumus par balsojumiem parlament\u0101. \u0160o cilv\u0113ku vid\u016b bija ar\u012b prezidenta p\u0101rst\u0101v\u0113t\u0101s valdo\u0161\u0101s &#8220;Tautas kalpu&#8221; frakcijas deput\u0101ti, bet izmekl\u0113\u0161ana \u0161ajos krimin\u0101lprocesos turpin\u0101s.<\/p>\n<p>                    Valodas k\u013c\u016bda rakst\u0101?<\/p>\n<p class=\"d-none d-md-block\">Iez\u012bm\u0113jiet tekstu un spiediet Ctrl+Enter, lai nos\u016bt\u012btu labojamo teksta fragmentu redaktoram! Par faktu k\u013c\u016bd\u0101m l\u016bdzam zi\u0146ot e-past\u0101 <a href=\"https:\/\/www.lsm.lv\/cdn-cgi\/l\/email-protection\" class=\"__cf_email__\" data-cfemail=\"21534445404a42484b40614d524c0f4d57\" rel=\"nofollow noopener\" target=\"_blank\">[email\u00a0protected]<\/a>.<\/p>\n<p class=\"d-md-none\">Iez\u012bm\u0113jiet tekstu un spiediet uz Zi\u0146ot par k\u013c\u016bdu pogas, lai nos\u016bt\u012btu labojamo teksta fragmentu redaktoram!<\/p>\n<p>\n                    Zi\u0146ot par k\u013c\u016bdu\n                <\/p>\n","protected":false},"excerpt":{"rendered":"Ukrainas Augst\u0101k\u0101 Rada \u0161odien atbalst\u012bjusi prezidenta Volodimira Zelenska rosin\u0101t\u0101s izmai\u0146as vald\u012bbas sast\u0101v\u0101 \u2013 l\u012bdz\u0161in\u0113jais aizsardz\u012bbas ministrs Deniss \u0160miha\u013cs&hellip;\n","protected":false},"author":2,"featured_media":104446,"comment_status":"","ping_status":"","sticky":false,"template":"","format":"standard","meta":{"footnotes":""},"categories":[14],"tags":[23,57,28,29,32,33,22,30,31,35,39,38,36,37,34,40,20,26,27,24,25,54,55,56,21,58],"class_list":{"0":"post-104551","1":"post","2":"type-post","3":"status-publish","4":"format-standard","5":"has-post-thumbnail","7":"category-zinas-no-arvalstim","8":"tag-aktualitates","9":"tag-arvalstim","10":"tag-breaking-news","11":"tag-breakingnews","12":"tag-featured-news","13":"tag-featurednews","14":"tag-headlines","15":"tag-latest-news","16":"tag-latestnews","17":"tag-latvia","18":"tag-latvian","19":"tag-latviesu","20":"tag-latviesu-valoda","21":"tag-latviesuvaloda","22":"tag-latvija","23":"tag-lv","24":"tag-news","25":"tag-popularakas-zinas","26":"tag-popularakaszinas","27":"tag-top-stories","28":"tag-topstories","29":"tag-world","30":"tag-world-news","31":"tag-worldnews","32":"tag-zinas","33":"tag-zinas-no-arvalstim"},"share_on_mastodon":{"url":"https:\/\/pubeurope.com\/@lv\/115894309554144738","error":""},"_links":{"self":[{"href":"https:\/\/www.europesays.com\/lv\/wp-json\/wp\/v2\/posts\/104551","targetHints":{"allow":["GET"]}}],"collection":[{"href":"https:\/\/www.europesays.com\/lv\/wp-json\/wp\/v2\/posts"}],"about":[{"href":"https:\/\/www.europesays.com\/lv\/wp-json\/wp\/v2\/types\/post"}],"author":[{"embeddable":true,"href":"https:\/\/www.europesays.com\/lv\/wp-json\/wp\/v2\/users\/2"}],"replies":[{"embeddable":true,"href":"https:\/\/www.europesays.com\/lv\/wp-json\/wp\/v2\/comments?post=104551"}],"version-history":[{"count":0,"href":"https:\/\/www.europesays.com\/lv\/wp-json\/wp\/v2\/posts\/104551\/revisions"}],"wp:featuredmedia":[{"embeddable":true,"href":"https:\/\/www.europesays.com\/lv\/wp-json\/wp\/v2\/media\/104446"}],"wp:attachment":[{"href":"https:\/\/www.europesays.com\/lv\/wp-json\/wp\/v2\/media?parent=104551"}],"wp:term":[{"taxonomy":"category","embeddable":true,"href":"https:\/\/www.europesays.com\/lv\/wp-json\/wp\/v2\/categories?post=104551"},{"taxonomy":"post_tag","embeddable":true,"href":"https:\/\/www.europesays.com\/lv\/wp-json\/wp\/v2\/tags?post=104551"}],"curies":[{"name":"wp","href":"https:\/\/api.w.org\/{rel}","templated":true}]}}