{"id":104552,"date":"2026-01-14T16:06:12","date_gmt":"2026-01-14T16:06:12","guid":{"rendered":"https:\/\/www.europesays.com\/lv\/104552\/"},"modified":"2026-01-14T16:06:12","modified_gmt":"2026-01-14T16:06:12","slug":"skumjs-laiks-sipenieces-gimene-miris-vinu-milais-vectetins-zinatnieks-valdis-gavars-santa","status":"publish","type":"post","link":"https:\/\/www.europesays.com\/lv\/104552\/","title":{"rendered":"Skumj\u0161 laiks Sipenieces \u0123imen\u0113 \u2013 miris vi\u0146u m\u012b\u013cais vect\u0113ti\u0146\u0161, zin\u0101tnieks Valdis Gavars \u2014 Santa"},"content":{"rendered":"<p>Par skumjo v\u0113sti soci\u0101laj\u0101 t\u012bkl\u0101 Facebook raksta arhitekts\u00a0Gatis Gavars: \u00abLai Tev, T\u0113ti, m\u016b\u017e\u012bga pateic\u012bba, m\u012blest\u012bba un cie\u0146a! Lai gai\u0161s miers tavai Dv\u0113selei,\u00bb v\u0113sta Gavars, atdodot godu t\u0113ta piepild\u012btajam darba m\u016b\u017eam. Zin\u0101tnieks miris 91 gada vecum\u0101 savu tuvinieku ieskauts\u00a0m\u0101j\u0101s J\u016brmal\u0101.<\/p>\n<p>Pirms da\u017eiem gadiem \u017eurn\u0101ls Priv\u0101t\u0101 Dz\u012bve v\u0113st\u012bja par \u012bpa\u0161o Valda Gavara hobiju \u2013 vi\u0146\u0161, b\u016bdams \u013coti eksaktas profesijas cilv\u0113ks, aizr\u0101vies ar Raini, detaliz\u0113ti p\u0101rzin\u0101jis vi\u0146a dz\u012bvi un aktivit\u0101tes. M\u012blot Raini, Gavara kungs kop\u0101 ar d\u0113liem \u2013 nama \u012bpa\u0161nieku Didzi un arhitektu Gati \u2013\u00a0pieliku\u0161i visas p\u016bles, lai no jauna atdzimtu skaistais Rai\u0146a vasarn\u012bcas nams J\u016brmal\u0101, kas iepriek\u0161 bija piln\u012bb\u0101 nolaists.<\/p>\n<p>Par nami\u0146u un lielo t\u0101 noz\u012bmi kodolzin\u0101tnieka dz\u012bv\u0113\u00a0toreiz <a data-id=\"124677\" href=\"https:\/\/www.santa.lv\/tema\/124677\/baiba-sipeniece-gavare?utm_source=internal&amp;utm_medium=article&amp;utm_campaign=theme_link\" target=\"_blank\" rel=\"nofollow noopener\">Baiba Sipeniece-Gavare<\/a> st\u0101st\u012bja: \u00abM\u016bsu vect\u0113ti\u0146am, k\u0101 \u0123imen\u0113 saucam v\u012bra t\u0113vu, \u0161\u012b s\u0113ta ir k\u0101 likte\u0146a d\u0101vana. Vi\u0146\u0161 pat arh\u012bvos izp\u0113t\u012bjis, k\u0101 m\u0101ja tika celta. Ikdien\u0101 m\u016bsu op\u012btis staig\u0101 ar spie\u0137\u012bti, ta\u010du, kad s\u0101k st\u0101st\u012bt par Raini, par to, k\u0101 vi\u0146\u0161 rakst\u012bjis slaveno dzejoli Lauzt\u0101s priedes, spie\u0137\u012btis ir aizmirsts, un vi\u0146\u0101 atgriezusies jaun\u012bba,\u00bb teica Baiba. Nu atrakt\u012bvais Gavars devies prom no \u0161\u012bs pasaules.\u00a0<\/p>\n<p>Atvad\u012b\u0161an\u0101s no Valda Gavara\u00a0notiks R\u012bgas krematorij\u0101 sestdien, 17.janv\u0101r\u012b, plkst.10.00.<\/p>\n<p>\u00a0<\/p>\n","protected":false},"excerpt":{"rendered":"Par skumjo v\u0113sti soci\u0101laj\u0101 t\u012bkl\u0101 Facebook raksta arhitekts\u00a0Gatis Gavars: \u00abLai Tev, T\u0113ti, m\u016b\u017e\u012bga pateic\u012bba, m\u012blest\u012bba un cie\u0146a! Lai&hellip;\n","protected":false},"author":2,"featured_media":104553,"comment_status":"","ping_status":"","sticky":false,"template":"","format":"standard","meta":{"footnotes":""},"categories":[12],"tags":[23,28,29,32,33,22,30,31,35,39,38,36,37,34,40,20,26,27,24,25,21],"class_list":{"0":"post-104552","1":"post","2":"type-post","3":"status-publish","4":"format-standard","5":"has-post-thumbnail","7":"category-latvija","8":"tag-aktualitates","9":"tag-breaking-news","10":"tag-breakingnews","11":"tag-featured-news","12":"tag-featurednews","13":"tag-headlines","14":"tag-latest-news","15":"tag-latestnews","16":"tag-latvia","17":"tag-latvian","18":"tag-latviesu","19":"tag-latviesu-valoda","20":"tag-latviesuvaloda","21":"tag-latvija","22":"tag-lv","23":"tag-news","24":"tag-popularakas-zinas","25":"tag-popularakaszinas","26":"tag-top-stories","27":"tag-topstories","28":"tag-zinas"},"share_on_mastodon":{"url":"https:\/\/pubeurope.com\/@lv\/115894313507399618","error":""},"_links":{"self":[{"href":"https:\/\/www.europesays.com\/lv\/wp-json\/wp\/v2\/posts\/104552","targetHints":{"allow":["GET"]}}],"collection":[{"href":"https:\/\/www.europesays.com\/lv\/wp-json\/wp\/v2\/posts"}],"about":[{"href":"https:\/\/www.europesays.com\/lv\/wp-json\/wp\/v2\/types\/post"}],"author":[{"embeddable":true,"href":"https:\/\/www.europesays.com\/lv\/wp-json\/wp\/v2\/users\/2"}],"replies":[{"embeddable":true,"href":"https:\/\/www.europesays.com\/lv\/wp-json\/wp\/v2\/comments?post=104552"}],"version-history":[{"count":0,"href":"https:\/\/www.europesays.com\/lv\/wp-json\/wp\/v2\/posts\/104552\/revisions"}],"wp:featuredmedia":[{"embeddable":true,"href":"https:\/\/www.europesays.com\/lv\/wp-json\/wp\/v2\/media\/104553"}],"wp:attachment":[{"href":"https:\/\/www.europesays.com\/lv\/wp-json\/wp\/v2\/media?parent=104552"}],"wp:term":[{"taxonomy":"category","embeddable":true,"href":"https:\/\/www.europesays.com\/lv\/wp-json\/wp\/v2\/categories?post=104552"},{"taxonomy":"post_tag","embeddable":true,"href":"https:\/\/www.europesays.com\/lv\/wp-json\/wp\/v2\/tags?post=104552"}],"curies":[{"name":"wp","href":"https:\/\/api.w.org\/{rel}","templated":true}]}}