{"id":104554,"date":"2026-01-14T16:07:07","date_gmt":"2026-01-14T16:07:07","guid":{"rendered":"https:\/\/www.europesays.com\/lv\/104554\/"},"modified":"2026-01-14T16:07:07","modified_gmt":"2026-01-14T16:07:07","slug":"iranas-augstakais-tiesnesis-sola-atru-protestetaju-tiesasanu-un-navessodu-izpildi","status":"publish","type":"post","link":"https:\/\/www.europesays.com\/lv\/104554\/","title":{"rendered":"Ir\u0101nas augst\u0101kais tiesnesis sola \u0101tru protest\u0113t\u0101ju ties\u0101\u0161anu un n\u0101vessodu izpildi"},"content":{"rendered":"<p>Akt\u012bvisti paudu\u0161i ba\u017eas, ka <a href=\"https:\/\/www.tvnet.lv\/term\/555447\/irana\" class=\"topicLink\" target=\"_blank\" rel=\"nofollow noopener\">Ir\u0101na<\/a> var\u0113tu dr\u012bz s\u0101kt pak\u0101rt aiztur\u0113tos protest\u0113t\u0101jus.<\/p>\n<p>ASV b\u0101z\u0113t\u0101 Cilv\u0113kties\u012bbu akt\u012bvistu zi\u0146u tre\u0161dien pav\u0113st\u012bja, ka Ir\u0101n\u0101 notieko\u0161o protestu gait\u0101 ir nogalin\u0101ts vismaz 2571 cilv\u0113ks.<\/p>\n<p>\u0160is upuru skaits ir liel\u0101ks nek\u0101 jebkur\u0101 cit\u0101 protestu vai nemieru viln\u012b Ir\u0101n\u0101 kop\u0161 1979. gada Isl\u0101ma revol\u016bcijas. Protesti Ir\u0101n\u0101 s\u0101k\u0101s decembra beig\u0101s, un tos izrais\u012bja pla\u0161a ekonomisk\u0101 kr\u012bze un straujais val\u016btas kursa kritums. S\u0101kotn\u0113ji Teher\u0101nas iel\u0101s izg\u0101ja tirgot\u0101ji, bet p\u0113c tam protesti izplat\u012bj\u0101s vis\u0101 valst\u012b un jau bija v\u0113rsti pret visu Ir\u0101nas vad\u012bbu.<\/p>\n<p>ASV prezidents Donalds Tramps vair\u0101kk\u0101rt br\u012bdin\u0101jis, ka Savienot\u0101s Valstis var\u0113tu v\u0113rst milit\u0101ru triecienu pret Ir\u0101nu, ja t\u0101 nogalin\u0101s protest\u0113t\u0101jus. Ta\u010du Teher\u0101na, p\u0113c visa sprie\u017eot, negras\u0101s \u0146emt v\u0113r\u0101 ASV draudus.<\/p>\n<p>&#8220;Ja m\u0113s v\u0113lamies paveikt darbu, mums tas j\u0101dara tagad. Ja m\u0113s gribam kaut ko izdar\u012bt, mums tas j\u0101dara \u0101tri. (..) Ja tas notiek nov\u0113loti, divus m\u0113ne\u0161us, tr\u012bs m\u0113ne\u0161us v\u0113l\u0101k, tam nav t\u0101da pa\u0161a efekta. Ja m\u0113s gribam kaut ko dar\u012bt, mums tas ir j\u0101dara \u0101tri,&#8221; Ir\u0101nas valsts telev\u012bzij\u0101 publiskotaj\u0101 video pazi\u0146oja Mohseni Ezeji.<\/p>\n","protected":false},"excerpt":{"rendered":"Akt\u012bvisti paudu\u0161i ba\u017eas, ka Ir\u0101na var\u0113tu dr\u012bz s\u0101kt pak\u0101rt aiztur\u0113tos protest\u0113t\u0101jus. ASV b\u0101z\u0113t\u0101 Cilv\u0113kties\u012bbu akt\u012bvistu zi\u0146u tre\u0161dien pav\u0113st\u012bja,&hellip;\n","protected":false},"author":2,"featured_media":104555,"comment_status":"","ping_status":"","sticky":false,"template":"","format":"standard","meta":{"footnotes":""},"categories":[5],"tags":[23,28,29,32,33,22,2562,30,31,35,39,38,36,37,34,40,20,26,27,24,25,21],"class_list":{"0":"post-104554","1":"post","2":"type-post","3":"status-publish","4":"format-standard","5":"has-post-thumbnail","7":"category-aktualitates","8":"tag-aktualitates","9":"tag-breaking-news","10":"tag-breakingnews","11":"tag-featured-news","12":"tag-featurednews","13":"tag-headlines","14":"tag-irana","15":"tag-latest-news","16":"tag-latestnews","17":"tag-latvia","18":"tag-latvian","19":"tag-latviesu","20":"tag-latviesu-valoda","21":"tag-latviesuvaloda","22":"tag-latvija","23":"tag-lv","24":"tag-news","25":"tag-popularakas-zinas","26":"tag-popularakaszinas","27":"tag-top-stories","28":"tag-topstories","29":"tag-zinas"},"share_on_mastodon":{"url":"https:\/\/pubeurope.com\/@lv\/115894317402135008","error":""},"_links":{"self":[{"href":"https:\/\/www.europesays.com\/lv\/wp-json\/wp\/v2\/posts\/104554","targetHints":{"allow":["GET"]}}],"collection":[{"href":"https:\/\/www.europesays.com\/lv\/wp-json\/wp\/v2\/posts"}],"about":[{"href":"https:\/\/www.europesays.com\/lv\/wp-json\/wp\/v2\/types\/post"}],"author":[{"embeddable":true,"href":"https:\/\/www.europesays.com\/lv\/wp-json\/wp\/v2\/users\/2"}],"replies":[{"embeddable":true,"href":"https:\/\/www.europesays.com\/lv\/wp-json\/wp\/v2\/comments?post=104554"}],"version-history":[{"count":0,"href":"https:\/\/www.europesays.com\/lv\/wp-json\/wp\/v2\/posts\/104554\/revisions"}],"wp:featuredmedia":[{"embeddable":true,"href":"https:\/\/www.europesays.com\/lv\/wp-json\/wp\/v2\/media\/104555"}],"wp:attachment":[{"href":"https:\/\/www.europesays.com\/lv\/wp-json\/wp\/v2\/media?parent=104554"}],"wp:term":[{"taxonomy":"category","embeddable":true,"href":"https:\/\/www.europesays.com\/lv\/wp-json\/wp\/v2\/categories?post=104554"},{"taxonomy":"post_tag","embeddable":true,"href":"https:\/\/www.europesays.com\/lv\/wp-json\/wp\/v2\/tags?post=104554"}],"curies":[{"name":"wp","href":"https:\/\/api.w.org\/{rel}","templated":true}]}}