{"id":104556,"date":"2026-01-14T16:09:15","date_gmt":"2026-01-14T16:09:15","guid":{"rendered":"https:\/\/www.europesays.com\/lv\/104556\/"},"modified":"2026-01-14T16:09:15","modified_gmt":"2026-01-14T16:09:15","slug":"sevics-mikelsevics-krasts-septitaja-vieta-kamaninu-pasaules-kausa-piektdiena-vinterberga-bots-plume-astotie-lente-lv-2","status":"publish","type":"post","link":"https:\/\/www.europesays.com\/lv\/104556\/","title":{"rendered":"\u0160evics-Mike\u013c\u0161evics\/Krasts sept\u012btaj\u0101 viet\u0101 kamani\u0146u Pasaules kausa piektdien\u0101 Vinterberg\u0101; Bots\/Pl\u016bme astotie\u00a0\u2014\u00a0Lente.lv"},"content":{"rendered":"<p>Piektais posms Vinterberg\u0101<\/p>\n<p>Latvijas kamani\u0146u sporta v\u012brie\u0161u divnieku ekip\u0101\u017eas Eduards \u0160evics-Mike\u013c\u0161evics\/L\u016bkass Krasts un M\u0101rti\u0146\u0161 Bots\/Roberts Pl\u016bme Pasaules kausa izc\u012b\u0146as piekto posmu V\u0101cijas tras\u0113 Vinterberg\u0101 nosl\u0113gu\u0161i attiec\u012bgi sept\u012btaj\u0101 un astotaj\u0101 viet\u0101. K\u0101 zi\u0146o telekan\u0101ls TV3, abi Latvijas dueti ierindoj\u0101s lab\u0101ko desmitniek\u0101, demonstr\u0113jot stabilu sniegumu sare\u017e\u0123\u012btaj\u0101 tras\u0113.<\/p>\n<p>\u0160evics-Mike\u013c\u0161evics\/Krasts par mata tiesu gar\u0101m lab\u0101ko trijniekam<\/p>\n<p>Eduards \u0160evics-Mike\u013c\u0161evics un L\u016bkass Krasts pirmaj\u0101 braucien\u0101 ie\u0146\u0113ma sesto vietu, ta\u010du otraj\u0101 braucien\u0101 uzr\u0101d\u012bja dev\u012bto rezult\u0101tu, kas summ\u0101 vi\u0146iem \u013c\u0101va ie\u0146emt sept\u012bto poz\u012bciju. No uzvar\u0113t\u0101jiem, v\u0101cie\u0161iem Tobiasam Vendlendam un Tobiasam Arltam, latvie\u0161i atpalika 0,386 sekundes. Lai gan vi\u0146iem neizdev\u0101s pak\u0101pties augst\u0101k, \u0161is rezult\u0101ts apliecina vi\u0146u potenci\u0101lu starptautisk\u0101 l\u012bmen\u012b.<\/p>\n<p>Bots\/Pl\u016bme astotaj\u0101 viet\u0101, neliels p\u0101rsvars p\u0101r konkurentiem<\/p>\n<p>M\u0101rti\u0146\u0161 Bots un Roberts Pl\u016bme pirmaj\u0101 braucien\u0101 ie\u0146\u0113ma astoto vietu, un, lai gan otraj\u0101 braucien\u0101 sp\u0113ja uzlabot savu sniegumu un fini\u0161\u0113t sept\u012btaj\u0101 poz\u012bcij\u0101, kopv\u0113rt\u0113jum\u0101 vi\u0146i saglab\u0101ja astoto vietu. Starp ab\u0101m Latvijas ekip\u0101\u017e\u0101m bija tikai 0,019 sekun\u017eu starp\u012bba, kas liecina par s\u012bvo konkurenci.<\/p>\n<p>Sievie\u0161u divnieku rezult\u0101ti un olimpisk\u0101 kvalifik\u0101cija<\/p>\n<p>Sievie\u0161u konkurenc\u0113 uzvaru izc\u012bn\u012bja V\u0101cijas ekip\u0101\u017ea D\u017eesika Degenh\u0101rta\/\u0160ejena Rozent\u0101le, apsteidzot austrietes Sel\u012bnu Egli\/Laru Kipu un citu V\u0101cijas duetu Dajanu Eitbergeri\/Magdal\u0113nu Ma\u010dinu. Posms Vinterberg\u0101 ir \u012bpa\u0161i noz\u012bm\u012bgs, jo tas nosl\u0113dz Pasaules kausa izc\u012b\u0146as posmu, kas vienlaic\u012bgi kalpo ar\u012b k\u0101 p\u0113d\u0113jais posms olimpiskajai kvalifik\u0101cijai pirms gaid\u0101maj\u0101m Mil\u0101nas-Kort\u012bnas 2026. gada ziemas olimpiskaj\u0101m sp\u0113l\u0113m.<\/p>\n<p>Pasaules kausa sezona turpin\u0101sies<\/p>\n<p>P\u0113c Vinterbergas posma kamani\u0146brauc\u0113ji dosies uz Oberhofu, kur notiks v\u0113l divi Pasaules kausa posmi. Viens no \u0161iem posmiem iek\u013caus ar\u012b Eiropas \u010dempion\u0101ta meda\u013cu sadali, kam sekos olimpisk\u0101s sp\u0113les. Latvijas sportisti turpina gatavoties galvenaj\u0101m sezonas sacens\u012bb\u0101m, cen\u0161oties uzlabot savu sniegumu un izc\u012bn\u012bt p\u0113c iesp\u0113jas lab\u0101kus rezult\u0101tus.<\/p>\n","protected":false},"excerpt":{"rendered":"Piektais posms Vinterberg\u0101 Latvijas kamani\u0146u sporta v\u012brie\u0161u divnieku ekip\u0101\u017eas Eduards \u0160evics-Mike\u013c\u0161evics\/L\u016bkass Krasts un M\u0101rti\u0146\u0161 Bots\/Roberts Pl\u016bme Pasaules kausa&hellip;\n","protected":false},"author":2,"featured_media":103683,"comment_status":"","ping_status":"","sticky":false,"template":"","format":"standard","meta":{"footnotes":""},"categories":[17],"tags":[22529,10482,35,39,38,36,37,34,40,2560,25025,67,17763],"class_list":{"0":"post-104556","1":"post","2":"type-post","3":"status-publish","4":"format-standard","5":"has-post-thumbnail","7":"category-sports","8":"tag-bots-plume","9":"tag-kamaninu-sports","10":"tag-latvia","11":"tag-latvian","12":"tag-latviesu","13":"tag-latviesu-valoda","14":"tag-latviesuvaloda","15":"tag-latvija","16":"tag-lv","17":"tag-pasaules-kauss","18":"tag-sevics-mikelsevics","19":"tag-sports","20":"tag-vinterberga"},"share_on_mastodon":{"url":"https:\/\/pubeurope.com\/@lv\/115894325259706318","error":""},"_links":{"self":[{"href":"https:\/\/www.europesays.com\/lv\/wp-json\/wp\/v2\/posts\/104556","targetHints":{"allow":["GET"]}}],"collection":[{"href":"https:\/\/www.europesays.com\/lv\/wp-json\/wp\/v2\/posts"}],"about":[{"href":"https:\/\/www.europesays.com\/lv\/wp-json\/wp\/v2\/types\/post"}],"author":[{"embeddable":true,"href":"https:\/\/www.europesays.com\/lv\/wp-json\/wp\/v2\/users\/2"}],"replies":[{"embeddable":true,"href":"https:\/\/www.europesays.com\/lv\/wp-json\/wp\/v2\/comments?post=104556"}],"version-history":[{"count":0,"href":"https:\/\/www.europesays.com\/lv\/wp-json\/wp\/v2\/posts\/104556\/revisions"}],"wp:featuredmedia":[{"embeddable":true,"href":"https:\/\/www.europesays.com\/lv\/wp-json\/wp\/v2\/media\/103683"}],"wp:attachment":[{"href":"https:\/\/www.europesays.com\/lv\/wp-json\/wp\/v2\/media?parent=104556"}],"wp:term":[{"taxonomy":"category","embeddable":true,"href":"https:\/\/www.europesays.com\/lv\/wp-json\/wp\/v2\/categories?post=104556"},{"taxonomy":"post_tag","embeddable":true,"href":"https:\/\/www.europesays.com\/lv\/wp-json\/wp\/v2\/tags?post=104556"}],"curies":[{"name":"wp","href":"https:\/\/api.w.org\/{rel}","templated":true}]}}