{"id":104557,"date":"2026-01-14T16:11:08","date_gmt":"2026-01-14T16:11:08","guid":{"rendered":"https:\/\/www.europesays.com\/lv\/104557\/"},"modified":"2026-01-14T16:11:08","modified_gmt":"2026-01-14T16:11:08","slug":"asv-kontrole-par-grenlandi-ir-vitala-pretrakesu-aizsardzibai","status":"publish","type":"post","link":"https:\/\/www.europesays.com\/lv\/104557\/","title":{"rendered":"ASV kontrole p\u0101r Grenlandi ir vit\u0101la pretra\u0137e\u0161u aizsardz\u012bbai"},"content":{"rendered":"<p class=\"lead\">\n                                ASV prezidents Donalds Tramps tre\u0161dien pazi\u0146ojis, ka ASV kontrole p\u0101r Grenlandi ir vit\u0101li nepiecie\u0161ama, lai \u012bstenotu vi\u0146a ieceri izveidot pretgaisa un pretra\u0137e\u0161u aizsardz\u012bbas sist\u0113mu &#8220;Zelta kupols&#8221;.\n                            <\/p>\n<p style=\"margin-left:0px;\">&#8220;Savienotaj\u0101m Valst\u012bm nacion\u0101l\u0101s dro\u0161\u012bbas d\u0113\u013c nepiecie\u0161ama Grenlande. T\u0101 ir vit\u0101la &#8220;Zelta kupolam, kas tiek veidots,&#8221; pa\u0161a soci\u0101l\u0101s sazi\u0146as vietn\u0113 &#8220;Truth Social&#8221; nor\u0101d\u012bjis Tramps.<\/p>\n<p style=\"margin-left:0px;\">&#8220;NATO k\u013c\u016bs daudz draud\u012bg\u0101ka un efekt\u012bv\u0101ka, Grenlandei atrodoties Savienoto Valstu rok\u0101s. Jebkas maz\u0101ks par to nav pie\u0146emams,&#8221; uzsv\u0113ris Balt\u0101 nama saimnieks.<\/p>\n<p style=\"margin-left:0px;\">Ar \u0161o pazi\u0146ojumu ASV prezidents n\u0101cis klaj\u0101 pirms v\u0113l\u0101k tre\u0161dien paredz\u0113t\u0101s D\u0101nijas un Grenlandes \u0101rlietu ministru viz\u012btes Baltaj\u0101 nam\u0101, kur tiem paredz\u0113ta tik\u0161an\u0101s ar viceprezidentu D\u017eeimsu Deividu Vensu un valsts sekret\u0101ru Marko Rubio.<\/p>\n<p style=\"margin-left:0px;\">Da\u017eas stundas pirms sarun\u0101m D\u0101nijas aizsardz\u012bbas ministrs Troelss Lunds Poulsens, cen\u0161oties mazin\u0101t ASV ba\u017eas par Grenlandes dro\u0161\u012bbu, pazi\u0146oja, ka Kopenh\u0101gena stiprin\u0101s savu milit\u0101ro kl\u0101tb\u016btni sal\u0101, k\u0101 ar\u012b ved sarunas ar sabiedrotajiem par NATO kl\u0101tb\u016btnes palielin\u0101\u0161anu Arktik\u0101.<\/p>\n<p style=\"margin-left:0px;\">Tramps savuk\u0101rt nor\u0101d\u012bjis, ka NATO j\u0101uz\u0146emas loma daudzsl\u0101\u0146ainas pretra\u0137e\u0161u sist\u0113mas izveid\u0113.<\/p>\n<p style=\"margin-left:0px;\">&#8220;Ja m\u0113s to nedar\u012bsim, to dar\u012bs Krievija un \u0136\u012bna, un to nedr\u012bkst pie\u013caut,&#8221; uzsv\u0113ris prezidents.<\/p>\n<p>Grenlandes vald\u012bba: ASV nodoms p\u0101r\u0146emt salu ir nepie\u0146emams<\/p>\n<p style=\"margin-left:0px;\">Grenlandes vald\u012bba pirmdien pazi\u0146oja, ka t\u0101 nek\u0101dos apst\u0101k\u013cos nevar piekrist tam, ka ASV p\u0101r\u0146em Grenlandi, vienlaikus uzsverot, ka str\u0101d\u0101s pie t\u0101, lai att\u012bst\u012btu salas aizsardz\u012bbu NATO ietvaros.<\/p>\n<p style=\"margin-left:0px;\">&#8220;Savienot\u0101s Valstis ir v\u0113lreiz apliecin\u0101ju\u0161as savu v\u0113lmi p\u0101r\u0146emt Grenlandi. Ar to Grenlandes valdo\u0161\u0101 koal\u012bcija nek\u0101dos apst\u0101k\u013cos nevar samierin\u0101ties,&#8221; pazi\u0146ojum\u0101 nor\u0101d\u012bja D\u0101nijas autonom\u0101s teritorijas vald\u012bba, nost\u0101ju pau\u017eot p\u0113c atk\u0101rtotiem ASV prezidenta Donalda Trampa draudiem p\u0101r\u0146emt salu ASV kontrol\u0113.<\/p>\n<p style=\"margin-left:0px;\">Vald\u012bba piebilda, ka str\u0101d\u0101s pie t\u0101, lai att\u012bst\u012btu salas aizsardz\u012bbu NATO ietvaros.<\/p>\n<p class=\"paragraph-muted\">Izv\u0113lies savu soct\u012bklu platformu, lai sekotu LASI.LV: <a href=\"https:\/\/www.facebook.com\/portals.lasi.lv\" target=\"_blank\" rel=\"noopener noreferrer nofollow\">Facebook<\/a>, <a href=\"https:\/\/twitter.com\/lasilvportals\" target=\"_blank\" rel=\"noopener noreferrer nofollow\">X<\/a>, <a href=\"https:\/\/bsky.app\/profile\/lasilv.bsky.social\" target=\"_blank\" rel=\"noopener noreferrer nofollow\">Bluesky<\/a>, <a href=\"https:\/\/www.draugiem.lv\/lasilv\/?pg=4\" target=\"_blank\" rel=\"noopener noreferrer nofollow\">Draugiem<\/a>, <a href=\"https:\/\/www.threads.com\/@lasilv_zinas\" rel=\"nofollow noopener\" target=\"_blank\">Threads<\/a> vai ar\u012b <a href=\"https:\/\/www.instagram.com\/lasilv_zinas\/\" target=\"_blank\" rel=\"noopener noreferrer nofollow\">Instagram<\/a>. Pievienojies m\u016bsu las\u012bt\u0101ju pulkam, lai sa\u0146emtu \u012bpa\u0161i tev atlas\u012btu noder\u012bgu, praktisku un aktu\u0101lu saturu.\u00a0<\/p>\n<p style=\"margin-left:auto;\">Pieraksties LASI.LV redaktora v\u0113stkopai <a href=\"https:\/\/lasi.lv\/vestkopa\/lasi-lv-galvena-redaktora-vestkopa\" rel=\"nofollow noopener\" target=\"_blank\">\u0161eit<\/a>.<\/p>\n<p>Pieraksties v\u0113stkopai un divas reizes ned\u0113\u013c\u0101 sa\u0146em padzi\u013cin\u0101tu LASI.LV galven\u0101 redaktora aktu\u0101lo zi\u0146u, kompetentu viedok\u013cu un interesant\u0101ko interviju apkopojumu.<\/p>\n<p>Ko tu sa\u0146emsi:<\/p>\n<ul>\n<li>Daudzveid\u012bgus koment\u0101rus un kompetentus Latvijas Mediju \u017eurn\u0101listu un autoru viedok\u013cus par aktu\u0101lo<\/li>\n<li>Ekspertu koment\u0101rus par da\u017e\u0101diem praktiskiem, noder\u012bgiem tematiem<\/li>\n<li>Aizraujo\u0161us materi\u0101lus par v\u0113sturi, psiholo\u0123iju, kult\u016bru<\/li>\n<li>Gata \u0160\u013c\u016bkas karikat\u016bru<\/li>\n<li>Tav\u0101 e-pasta kast\u012bt\u0113 katru ceturtdienu<\/li>\n<\/ul>\n<p style=\"margin-left:auto;\">\u00a0<\/p>\n<p><script async src=\"https:\/\/platform.twitter.com\/widgets.js\" charset=\"utf-8\"><\/script><script async src=\"\/\/www.instagram.com\/embed.js\"><\/script><\/p>\n","protected":false},"excerpt":{"rendered":"ASV prezidents Donalds Tramps tre\u0161dien pazi\u0146ojis, ka ASV kontrole p\u0101r Grenlandi ir vit\u0101li nepiecie\u0161ama, lai \u012bstenotu vi\u0146a ieceri&hellip;\n","protected":false},"author":2,"featured_media":104558,"comment_status":"","ping_status":"","sticky":false,"template":"","format":"standard","meta":{"footnotes":""},"categories":[14],"tags":[23,57,28,29,32,33,22,30,31,35,39,38,36,37,34,40,20,26,27,24,25,54,55,56,21,58],"class_list":{"0":"post-104557","1":"post","2":"type-post","3":"status-publish","4":"format-standard","5":"has-post-thumbnail","7":"category-zinas-no-arvalstim","8":"tag-aktualitates","9":"tag-arvalstim","10":"tag-breaking-news","11":"tag-breakingnews","12":"tag-featured-news","13":"tag-featurednews","14":"tag-headlines","15":"tag-latest-news","16":"tag-latestnews","17":"tag-latvia","18":"tag-latvian","19":"tag-latviesu","20":"tag-latviesu-valoda","21":"tag-latviesuvaloda","22":"tag-latvija","23":"tag-lv","24":"tag-news","25":"tag-popularakas-zinas","26":"tag-popularakaszinas","27":"tag-top-stories","28":"tag-topstories","29":"tag-world","30":"tag-world-news","31":"tag-worldnews","32":"tag-zinas","33":"tag-zinas-no-arvalstim"},"share_on_mastodon":{"url":"https:\/\/pubeurope.com\/@lv\/115894333143632176","error":""},"_links":{"self":[{"href":"https:\/\/www.europesays.com\/lv\/wp-json\/wp\/v2\/posts\/104557","targetHints":{"allow":["GET"]}}],"collection":[{"href":"https:\/\/www.europesays.com\/lv\/wp-json\/wp\/v2\/posts"}],"about":[{"href":"https:\/\/www.europesays.com\/lv\/wp-json\/wp\/v2\/types\/post"}],"author":[{"embeddable":true,"href":"https:\/\/www.europesays.com\/lv\/wp-json\/wp\/v2\/users\/2"}],"replies":[{"embeddable":true,"href":"https:\/\/www.europesays.com\/lv\/wp-json\/wp\/v2\/comments?post=104557"}],"version-history":[{"count":0,"href":"https:\/\/www.europesays.com\/lv\/wp-json\/wp\/v2\/posts\/104557\/revisions"}],"wp:featuredmedia":[{"embeddable":true,"href":"https:\/\/www.europesays.com\/lv\/wp-json\/wp\/v2\/media\/104558"}],"wp:attachment":[{"href":"https:\/\/www.europesays.com\/lv\/wp-json\/wp\/v2\/media?parent=104557"}],"wp:term":[{"taxonomy":"category","embeddable":true,"href":"https:\/\/www.europesays.com\/lv\/wp-json\/wp\/v2\/categories?post=104557"},{"taxonomy":"post_tag","embeddable":true,"href":"https:\/\/www.europesays.com\/lv\/wp-json\/wp\/v2\/tags?post=104557"}],"curies":[{"name":"wp","href":"https:\/\/api.w.org\/{rel}","templated":true}]}}