{"id":10456,"date":"2025-10-02T10:19:14","date_gmt":"2025-10-02T10:19:14","guid":{"rendered":"https:\/\/www.europesays.com\/lv\/10456\/"},"modified":"2025-10-02T10:19:14","modified_gmt":"2025-10-02T10:19:14","slug":"francija-aiztur-krievijas-enu-flotes-tankkugi-kuru-sogad-aiztureja-ari-igaunija","status":"publish","type":"post","link":"https:\/\/www.europesays.com\/lv\/10456\/","title":{"rendered":"Francija aiztur Krievijas &#8220;\u0113nu flotes&#8221; tankku\u0123i, kuru \u0161ogad aiztur\u0113ja ar\u012b Igaunija"},"content":{"rendered":"<p>Past\u0101v ar\u012b aizdomas, ka ku\u0123is ir saist\u012bts ar pag\u0101ju\u0161aj\u0101 m\u0113nes\u012b notiku\u0161ajiem dronu lidojumiem D\u0101nij\u0101, kas izrais\u012bja trauc\u0113jumus lidostu darb\u0101.<\/p>\n<p>Francijas j\u016bras sp\u0113ku karav\u012bri tre\u0161dien uzk\u0101pu\u0161i uz &#8220;Boracay&#8221; kl\u0101ja, zi\u0146u a\u0123ent\u016brai AFP pav\u0113st\u012bja avots varasiest\u0101d\u0113s, kas v\u0113l\u0113j\u0101s palikt anon\u012bms.<\/p>\n<p>&#8220;Boracay&#8221; ir Beninas karogs, un ku\u0123im <a href=\"https:\/\/www.apollo.lv\/term\/556173\/sankcijas\" class=\"topicLink\" target=\"_blank\" rel=\"nofollow noopener\">sankcijas<\/a> ir noteikusi Eiropas Savien\u012bba (ES) un Lielbrit\u0101nija. Iepriek\u0161 ku\u0123a nosaukums bija &#8220;Kiwala&#8221;, un apr\u012bl\u012b Igaunijas varasiest\u0101des to aiztur\u0113ja Somu l\u012bc\u012b.<\/p>\n<p>Francijas j\u016bras sp\u0113ki pazi\u0146oja, ka inform\u0101cija par iesp\u0113jamu &#8220;Boracay&#8221; izdar\u012btu p\u0101rk\u0101pumu ir nodota prokurat\u016brai Brest\u0101 un ir s\u0101kta izmekl\u0113\u0161ana.<\/p>\n<p>Prokurat\u016br\u0101 Brest\u0101 apliecin\u0101ja, ka izmekl\u0113\u0161ana s\u0101kta p\u0113c tam, kad ku\u0123a apkalpe nesniedza pier\u0101d\u012bjumus par ku\u0123a karogu un ignor\u0113ja varasiest\u0101\u017eu r\u012bkojumus.<\/p>\n<p>K\u0101 liecina ku\u0123u izseko\u0161anas vietn\u0113 &#8220;MarineTraffic&#8221; pieejam\u0101 inform\u0101cija, &#8220;Boracay&#8221; 20.septembr\u012b atst\u0101ja Primorskas ostu Krievij\u0101 un no Baltijas j\u016bras caur D\u0101\u0146u \u0161aurumiem dev\u0101s uz Zieme\u013cj\u016bru pirms \u0161\u0137\u0113rsoja Laman\u0161u rietumu virzien\u0101.<\/p>\n<p>Izskan\u0113ju\u0161as zi\u0146as, ka ku\u0123is atrad\u0101s \u012bstaj\u0101 viet\u0101 D\u0101\u0146u \u0161aurumos, lai var\u0113tu b\u016btu kalpojis par b\u0101zi dronu palai\u0161anai, kad pag\u0101ju\u0161aj\u0101 ned\u0113\u013c\u0101 virs D\u0101nijas lidost\u0101m tika konstat\u0113ti nezin\u0101mas izcelsmes bezpilota lidapar\u0101ti, kas vair\u0101kas naktis trauc\u0113ja gaisa satiksmi.<\/p>\n<p>Lielbrit\u0101nija \u0161im ku\u0123im sankcijas noteica 2024.gada oktobr\u012b, bet ES sankciju sarakst\u0101 tas ir kop\u0161 \u0161\u0101 gada febru\u0101ra.<\/p>\n<p>2007.gad\u0101 b\u016bv\u0113tais ku\u0123is pa\u0161laik ir noenkurots Francijas rietumos net\u0101lu no Sennaz\u0113ras.<\/p>\n<p>&#8220;\u0112nu flote&#8221; p\u0101rvad\u0101 Krievijas naftu un uz to attiecas Rietumu sankcijas. &#8220;\u0112nu flot\u0113&#8221; tiek izmantoti veci un nolietoti ku\u0123i ar sare\u017e\u0123\u012btu \u012bpa\u0161nieku strukt\u016bru un bez apdro\u0161in\u0101\u0161anas.<\/p>\n<p>Jau zi\u0146ots, ka apr\u012bl\u012b Igaunijas j\u016bras sp\u0113ki Somu l\u012bc\u012b uz vair\u0101k nek\u0101 div\u0101m ned\u0113\u013c\u0101m aiztur\u0113ja Krievijas &#8220;\u0113nu flotes&#8221; tankku\u0123i &#8220;Kiwala&#8221;, kam tika konstat\u0113ti desmitiem dro\u0161\u012bbas un tehniska rakstura p\u0101rk\u0101pumu.<\/p>\n","protected":false},"excerpt":{"rendered":"Past\u0101v ar\u012b aizdomas, ka ku\u0123is ir saist\u012bts ar pag\u0101ju\u0161aj\u0101 m\u0113nes\u012b notiku\u0161ajiem dronu lidojumiem D\u0101nij\u0101, kas izrais\u012bja trauc\u0113jumus lidostu&hellip;\n","protected":false},"author":2,"featured_media":10457,"comment_status":"","ping_status":"","sticky":false,"template":"","format":"standard","meta":{"footnotes":""},"categories":[14],"tags":[23,57,28,29,3964,32,33,1309,22,73,234,30,31,35,39,38,36,37,34,40,20,26,27,511,24,25,54,55,56,21,58],"class_list":{"0":"post-10456","1":"post","2":"type-post","3":"status-publish","4":"format-standard","5":"has-post-thumbnail","7":"category-zinas-no-arvalstim","8":"tag-aktualitates","9":"tag-arvalstim","10":"tag-breaking-news","11":"tag-breakingnews","12":"tag-enu-flote","13":"tag-featured-news","14":"tag-featurednews","15":"tag-francija","16":"tag-headlines","17":"tag-igaunija","18":"tag-krievija","19":"tag-latest-news","20":"tag-latestnews","21":"tag-latvia","22":"tag-latvian","23":"tag-latviesu","24":"tag-latviesu-valoda","25":"tag-latviesuvaloda","26":"tag-latvija","27":"tag-lv","28":"tag-news","29":"tag-popularakas-zinas","30":"tag-popularakaszinas","31":"tag-sankcijas","32":"tag-top-stories","33":"tag-topstories","34":"tag-world","35":"tag-world-news","36":"tag-worldnews","37":"tag-zinas","38":"tag-zinas-no-arvalstim"},"share_on_mastodon":{"url":"","error":""},"_links":{"self":[{"href":"https:\/\/www.europesays.com\/lv\/wp-json\/wp\/v2\/posts\/10456","targetHints":{"allow":["GET"]}}],"collection":[{"href":"https:\/\/www.europesays.com\/lv\/wp-json\/wp\/v2\/posts"}],"about":[{"href":"https:\/\/www.europesays.com\/lv\/wp-json\/wp\/v2\/types\/post"}],"author":[{"embeddable":true,"href":"https:\/\/www.europesays.com\/lv\/wp-json\/wp\/v2\/users\/2"}],"replies":[{"embeddable":true,"href":"https:\/\/www.europesays.com\/lv\/wp-json\/wp\/v2\/comments?post=10456"}],"version-history":[{"count":0,"href":"https:\/\/www.europesays.com\/lv\/wp-json\/wp\/v2\/posts\/10456\/revisions"}],"wp:featuredmedia":[{"embeddable":true,"href":"https:\/\/www.europesays.com\/lv\/wp-json\/wp\/v2\/media\/10457"}],"wp:attachment":[{"href":"https:\/\/www.europesays.com\/lv\/wp-json\/wp\/v2\/media?parent=10456"}],"wp:term":[{"taxonomy":"category","embeddable":true,"href":"https:\/\/www.europesays.com\/lv\/wp-json\/wp\/v2\/categories?post=10456"},{"taxonomy":"post_tag","embeddable":true,"href":"https:\/\/www.europesays.com\/lv\/wp-json\/wp\/v2\/tags?post=10456"}],"curies":[{"name":"wp","href":"https:\/\/api.w.org\/{rel}","templated":true}]}}