{"id":104561,"date":"2026-01-14T16:13:08","date_gmt":"2026-01-14T16:13:08","guid":{"rendered":"https:\/\/www.europesays.com\/lv\/104561\/"},"modified":"2026-01-14T16:13:08","modified_gmt":"2026-01-14T16:13:08","slug":"pozitivas-un-negativas-piezimes-jeb-kas-motive-bernu-labi-macities-lr1-latvijas-radio","status":"publish","type":"post","link":"https:\/\/www.europesays.com\/lv\/104561\/","title":{"rendered":"Pozit\u012bv\u0101s un negat\u012bv\u0101s piez\u012bmes, jeb kas motiv\u0113 b\u0113rnu labi m\u0101c\u012bties? \/ LR1 \/ \/ Latvijas Radio"},"content":{"rendered":"<p><a href=\"https:\/\/mapp.latvijasradio.lv\/shared-broadcast?b=127&amp;url=http:\/\/latvijasradio.lsm.lv\/lv\/lr1\/raidijumi\/gimenes-studija\/\" target=\"_blank\" rel=\"nofollow noopener\"><img decoding=\"async\" alt=\"Latvijas Radio lietotnes logo\" src=\"https:\/\/www.europesays.com\/lv\/wp-content\/uploads\/2026\/01\/1768407188_417_LR_pod poga.png\" style=\"width: 140px; height: 38px;\"\/><\/a><\/p>\n<p>Raid\u012bjuma skan\u0113\u0161anas laik\u0101 aicin\u0101m s\u016bt\u012bt Whatsapp zi\u0146as uz numuru 25660440.<\/p>\n<p>Kas b\u0113rnu vair\u0101k motiv\u0113 labi m\u0101c\u012bties &#8211; pozit\u012bvas piez\u012bmes par akt\u012bvu darbu klas\u0113 un cit\u0101di uzteicamu r\u012bc\u012bbu vai bie\u017ei aizr\u0101d\u012bjumi &#8211; nav izdar\u012bts tas, aizmirsts v\u0113l kas, stund\u0101s trauc\u0113.<\/p>\n<p>\u0122imenes studij\u0101 diskut\u0113\u00a0Latvijas Universit\u0101tes profesore, psiholo\u0123e\u00a0Baiba Martinsone,\u00a0R\u012bgas Dai\u013camatniec\u012bbas vidusskolas s\u0101kumskolas skolot\u0101ja\u00a0Annija Viln\u012bte un biedr\u012bbas &#8220;T\u0113vi&#8221; valdes loceklis un vec\u0101ku izgl\u012btot\u0101js\u00a0Lauris Boki\u0161s.<\/p>\n<p>Sarunas ierosmei k\u0101das mammas rakst\u012btais soci\u0101lajos medijos.\u00a0<\/p>\n<p>&#8220;V\u0113l\u0113jos noskaidrot, vai j\u016bsu b\u0113rnu skol\u0101 ar\u012b ir tendence rakst\u012bt negat\u012bvas piez\u012bmes par piln\u012bgi visu iesp\u0113jamo un biez\u0101 sl\u0101n\u012b. Pat citreiz t\u0101, ka tr\u012bs piez\u012bmes vien\u0101 stund\u0101. \u0160is ir tik demotiv\u0113jo\u0161i, ka b\u0113rnam pat z\u016bd v\u0113lme censties un pat nezina, k\u0101 censties un k\u0101dam b\u016bt. Un ar\u012b cen\u0161an\u0101s vainagojas ar negat\u012bv\u0101m piez\u012bm\u0113m. Tad par daudz run\u0101, tad klus\u0113, tad ne t\u0101 galvu pagriezis, tad ne t\u0101 kop\u0101 ar p\u0101r\u0113jiem klases biedriem sm\u0113jies. Viss ir slikti. Vai ar\u012b t\u0101 ir vienk\u0101r\u0161i uz\u0113\u0161an\u0101s uz konkr\u0113tu b\u0113rnu?&#8221;<\/p>\n<p>V\u0113l seko mammas piebilde, ka b\u0113rnam nav nek\u0101du psihisku vai m\u0101c\u012bbu trauc\u0113jumu, glu\u017ei pret\u0113ji ir teicamnieks, bet akt\u012bvs un ener\u0123isks gan.<\/p>\n<p>Ieteikt<\/p>\n<p>    Latvijas Radio aicina izteikt savu viedokli par raid\u012bjum\u0101 dzird\u0113to un atbalsta diskusijas klaus\u012bt\u0101ju starp\u0101, tom\u0113r patur ties\u012bbas dz\u0113st koment\u0101rus, kas p\u0101rk\u0101pj cie\u0146pilnas attieksmes un \u0113tiskas r\u012bc\u012bbas robe\u017eas.<a name=\"comments\"\/><\/p>\n","protected":false},"excerpt":{"rendered":"Raid\u012bjuma skan\u0113\u0161anas laik\u0101 aicin\u0101m s\u016bt\u012bt Whatsapp zi\u0146as uz numuru 25660440. Kas b\u0113rnu vair\u0101k motiv\u0113 labi m\u0101c\u012bties &#8211; pozit\u012bvas&hellip;\n","protected":false},"author":2,"featured_media":104562,"comment_status":"","ping_status":"","sticky":false,"template":"","format":"standard","meta":{"footnotes":""},"categories":[5],"tags":[23,28,29,32,33,22,30,31,35,39,38,36,37,34,40,20,26,27,24,25,21],"class_list":{"0":"post-104561","1":"post","2":"type-post","3":"status-publish","4":"format-standard","5":"has-post-thumbnail","7":"category-aktualitates","8":"tag-aktualitates","9":"tag-breaking-news","10":"tag-breakingnews","11":"tag-featured-news","12":"tag-featurednews","13":"tag-headlines","14":"tag-latest-news","15":"tag-latestnews","16":"tag-latvia","17":"tag-latvian","18":"tag-latviesu","19":"tag-latviesu-valoda","20":"tag-latviesuvaloda","21":"tag-latvija","22":"tag-lv","23":"tag-news","24":"tag-popularakas-zinas","25":"tag-popularakaszinas","26":"tag-top-stories","27":"tag-topstories","28":"tag-zinas"},"share_on_mastodon":{"url":"https:\/\/pubeurope.com\/@lv\/115894341055968997","error":""},"_links":{"self":[{"href":"https:\/\/www.europesays.com\/lv\/wp-json\/wp\/v2\/posts\/104561","targetHints":{"allow":["GET"]}}],"collection":[{"href":"https:\/\/www.europesays.com\/lv\/wp-json\/wp\/v2\/posts"}],"about":[{"href":"https:\/\/www.europesays.com\/lv\/wp-json\/wp\/v2\/types\/post"}],"author":[{"embeddable":true,"href":"https:\/\/www.europesays.com\/lv\/wp-json\/wp\/v2\/users\/2"}],"replies":[{"embeddable":true,"href":"https:\/\/www.europesays.com\/lv\/wp-json\/wp\/v2\/comments?post=104561"}],"version-history":[{"count":0,"href":"https:\/\/www.europesays.com\/lv\/wp-json\/wp\/v2\/posts\/104561\/revisions"}],"wp:featuredmedia":[{"embeddable":true,"href":"https:\/\/www.europesays.com\/lv\/wp-json\/wp\/v2\/media\/104562"}],"wp:attachment":[{"href":"https:\/\/www.europesays.com\/lv\/wp-json\/wp\/v2\/media?parent=104561"}],"wp:term":[{"taxonomy":"category","embeddable":true,"href":"https:\/\/www.europesays.com\/lv\/wp-json\/wp\/v2\/categories?post=104561"},{"taxonomy":"post_tag","embeddable":true,"href":"https:\/\/www.europesays.com\/lv\/wp-json\/wp\/v2\/tags?post=104561"}],"curies":[{"name":"wp","href":"https:\/\/api.w.org\/{rel}","templated":true}]}}