{"id":104567,"date":"2026-01-14T16:18:07","date_gmt":"2026-01-14T16:18:07","guid":{"rendered":"https:\/\/www.europesays.com\/lv\/104567\/"},"modified":"2026-01-14T16:18:07","modified_gmt":"2026-01-14T16:18:07","slug":"taksometru-asociacijas-sudzas-par-bolt-pasapkalposanas-ekranu-izvietosanu-rigas-lidosta","status":"publish","type":"post","link":"https:\/\/www.europesays.com\/lv\/104567\/","title":{"rendered":"Taksometru asoci\u0101cijas s\u016bdzas par &#8220;Bolt&#8221; pa\u0161apkalpo\u0161an\u0101s ekr\u0101nu izvieto\u0161anu R\u012bgas lidost\u0101"},"content":{"rendered":"<p>T\u0101pat asoci\u0101cijas pau\u017e ba\u017eas par &#8220;TapBox&#8221; nor\u0113\u0137inu modeli, kas paredz pilnu priek\u0161apmaksu, vienlaikus saglab\u0101jot platformai un vad\u012bt\u0101jam iesp\u0113ju braucienu vienpus\u0113ji atcelt. \u0160\u0101d\u0101 situ\u0101cij\u0101 risks par neizpild\u012btu pakalpojumu tiek p\u0101rlikts uz pasa\u017eieri, savuk\u0101rt atbild\u012bbas un kompens\u0101cijas meh\u0101nisms, \u012bpa\u0161i \u0101rvalstu ce\u013cot\u0101jiem bez lietotnes vai past\u0101v\u012bga interneta piesl\u0113guma, k\u013c\u016bst faktiski nepieejams, uzsver asoci\u0101cij\u0101s.<\/p>\n<p>Asoci\u0101cij\u0101s ar\u012b uzsver, ka &#8220;Bolt&#8221; patlaban faktiski kontrol\u0113 aptuveni 96% taksometru tirgus, t\u0101d\u0113j\u0101di ar \u0161\u0101du fiziskas infrastrukt\u016bras izvieto\u0161anu strat\u0113\u0123isk\u0101 valsts objekt\u0101 &#8220;Bolt&#8221; v\u0113l vair\u0101k nostiprina domin\u0113jo\u0161o st\u0101vokli.<\/p>\n<p>LETA jau zi\u0146oja, ka p\u0113rn decembr\u012b &#8220;Bolt&#8221; R\u012bgas lidost\u0101 ieviesa &#8220;TapBox&#8221; pa\u0161apkalpo\u0161an\u0101s ekr\u0101nus, lai pasa\u017eieriem b\u016btu iesp\u0113ja pas\u016bt\u012bt braucienus bez lietotnes, a\u0123ent\u016bru LETA inform\u0113ja komp\u0101nij\u0101.<\/p>\n<p>R\u012bgas lidost\u0101 inform\u0113ja, ka pirmaj\u0101 darb\u012bbas m\u0113nes\u012b ar &#8220;Bolt&#8221; pa\u0161apkalpo\u0161an\u0101s ekr\u0101niem pas\u016bt\u012bti vair\u0101k nek\u0101 100 braucieni no lidostas.<\/p>\n<p>&#8220;Bolt&#8221; pa\u0161apkalpo\u0161an\u0101s ekr\u0101ni atrodas pie E un C ielido\u0161anas z\u0101\u013cu izej\u0101m R\u012bgas lidost\u0101.<\/p>\n<p>&#8220;Bolt&#8221; 2013. gad\u0101 Igaunij\u0101 izveidoja Markuss Villigs, kuram pa\u0161laik komp\u0101nijas kapit\u0101l\u0101 pieder 15,49%. Grupu veido vair\u0101ki desmiti uz\u0146\u0113mumu, kuru m\u0101teskomp\u0101nija &#8220;Bolt Technology&#8221; ir visu &#8220;Bolt&#8221; lietot\u0146u intelektu\u0101l\u0101 \u012bpa\u0161uma tur\u0113t\u0101ja. Liel\u0101k\u0101 da\u013ca izp\u0113tes un izstr\u0101des darba saist\u012bb\u0101 ar intelektu\u0101lo \u012bpa\u0161umu notiek Igaunij\u0101.<\/p>\n","protected":false},"excerpt":{"rendered":"T\u0101pat asoci\u0101cijas pau\u017e ba\u017eas par &#8220;TapBox&#8221; nor\u0113\u0137inu modeli, kas paredz pilnu priek\u0161apmaksu, vienlaikus saglab\u0101jot platformai un vad\u012bt\u0101jam iesp\u0113ju&hellip;\n","protected":false},"author":2,"featured_media":104568,"comment_status":"","ping_status":"","sticky":false,"template":"","format":"standard","meta":{"footnotes":""},"categories":[12],"tags":[23,4251,28,29,32,33,22,30,31,35,39,38,36,37,34,40,20,26,27,827,21034,24,25,21],"class_list":{"0":"post-104567","1":"post","2":"type-post","3":"status-publish","4":"format-standard","5":"has-post-thumbnail","7":"category-latvija","8":"tag-aktualitates","9":"tag-bolt","10":"tag-breaking-news","11":"tag-breakingnews","12":"tag-featured-news","13":"tag-featurednews","14":"tag-headlines","15":"tag-latest-news","16":"tag-latestnews","17":"tag-latvia","18":"tag-latvian","19":"tag-latviesu","20":"tag-latviesu-valoda","21":"tag-latviesuvaloda","22":"tag-latvija","23":"tag-lv","24":"tag-news","25":"tag-popularakas-zinas","26":"tag-popularakaszinas","27":"tag-rigas-lidosta","28":"tag-taksometri","29":"tag-top-stories","30":"tag-topstories","31":"tag-zinas"},"share_on_mastodon":{"url":"https:\/\/pubeurope.com\/@lv\/115894360621137386","error":""},"_links":{"self":[{"href":"https:\/\/www.europesays.com\/lv\/wp-json\/wp\/v2\/posts\/104567","targetHints":{"allow":["GET"]}}],"collection":[{"href":"https:\/\/www.europesays.com\/lv\/wp-json\/wp\/v2\/posts"}],"about":[{"href":"https:\/\/www.europesays.com\/lv\/wp-json\/wp\/v2\/types\/post"}],"author":[{"embeddable":true,"href":"https:\/\/www.europesays.com\/lv\/wp-json\/wp\/v2\/users\/2"}],"replies":[{"embeddable":true,"href":"https:\/\/www.europesays.com\/lv\/wp-json\/wp\/v2\/comments?post=104567"}],"version-history":[{"count":0,"href":"https:\/\/www.europesays.com\/lv\/wp-json\/wp\/v2\/posts\/104567\/revisions"}],"wp:featuredmedia":[{"embeddable":true,"href":"https:\/\/www.europesays.com\/lv\/wp-json\/wp\/v2\/media\/104568"}],"wp:attachment":[{"href":"https:\/\/www.europesays.com\/lv\/wp-json\/wp\/v2\/media?parent=104567"}],"wp:term":[{"taxonomy":"category","embeddable":true,"href":"https:\/\/www.europesays.com\/lv\/wp-json\/wp\/v2\/categories?post=104567"},{"taxonomy":"post_tag","embeddable":true,"href":"https:\/\/www.europesays.com\/lv\/wp-json\/wp\/v2\/tags?post=104567"}],"curies":[{"name":"wp","href":"https:\/\/api.w.org\/{rel}","templated":true}]}}