{"id":104573,"date":"2026-01-14T16:24:07","date_gmt":"2026-01-14T16:24:07","guid":{"rendered":"https:\/\/www.europesays.com\/lv\/104573\/"},"modified":"2026-01-14T16:24:07","modified_gmt":"2026-01-14T16:24:07","slug":"jauniesi-valsts-aizsardzibas-dienesta-velas-jaunas-iespejas-un-uzlabot-fizisko-sagatavotibu-raksts","status":"publish","type":"post","link":"https:\/\/www.europesays.com\/lv\/104573\/","title":{"rendered":"Jaunie\u0161i Valsts aizsardz\u012bbas dienest\u0101 v\u0113las jaunas iesp\u0113jas un uzlabot fizisko sagatavot\u012bbu \/ Raksts"},"content":{"rendered":"<p>Valsts aizsardz\u012bbas dienest\u0101 tre\u0161dien, 14.\u00a0janv\u0101r\u012b, s\u0101k dien\u0113t \u0161\u012b gada pirmais iesaukums. Jaunie\u0161i Latvijas Radio past\u0101st\u012bja, ka nov\u0113rt\u0113 dienesta sniegt\u0101s iesp\u0113jas, bet\u00a0v\u0113las ar\u012b uzlabot fizisko sagatavot\u012bbu.<\/p>\n<p style=\"margin-left:0cm; margin-right:0cm\">No 111\u00a0jaunie\u0161iem, kuri tre\u0161dien s\u0101k dienestu,\u00a0liel\u0101ka da\u013ca pieteic\u0101s tam br\u012bvpr\u0101t\u012bgi, bet teju tre\u0161da\u013ca tika izraudz\u012bti atlases k\u0101rt\u012bb\u0101. 61 jaunietis dienestu pavad\u012bs NBS \u0160t\u0101ba bataljon\u0101, bet p\u0101r\u0113jie \u2013 Gaisa sp\u0113kos. \u0160aj\u0101 laik\u0101 jaunie\u0161i apg\u016bs milit\u0101r\u0101s pamatiema\u0146as, stiprin\u0101s fizisko sagatavot\u012bbu un ieg\u016bs zin\u0101\u0161anas valsts aizsardz\u012bbas jom\u0101. Dienesta laik\u0101 \u012bpa\u0161a uzman\u012bba tiek piev\u0113rsta discipl\u012bnai, komandas darbam un l\u012bder\u012bbas prasmju att\u012bst\u012b\u0161anai.<\/p>\n<p style=\"margin-left:0cm; margin-right:0cm\">\u0160t\u0101ba bataljona komandiere pulkvede Anto\u0146ina B\u013codone past\u0101st\u012bja, ka s\u0101kum\u0101 jaunie\u0161iem b\u016bs nodro\u0161in\u0101ts 10 dienu piel\u0101go\u0161anas jeb aklimatiz\u0101cijas periods.<\/p>\n<p>\u0160t\u0101ba bataljona komandiere pulkvede Anto\u0146ina B\u013codone<\/p>\n<p>00:00 \/ 00:37<\/p>\n<p>\t\t\t\t\t    <a class=\"player-download\" href=\"https:\/\/static.lsm.lv\/media\/2026\/01\/sgpk.mp3\" target=\"_blank\" rel=\"nofollow noopener\"> Lejupl\u0101d\u0113t<\/a><\/p>\n<p>\u0145ikita Andrejevs \/ Latvijas Radio<\/p>\n<p style=\"margin-left:0cm; margin-right:0cm\">&#8220;P\u0113c tam, uz ko, protams, gaida visa m\u016bsu vien\u012bba vai \u0161t\u0101ba bataljons, vi\u0146i tiks integr\u0113ti darbos. Vi\u0146i pal\u012bdz\u0113s mums ikdienas darbus realiz\u0113t visos m\u016bsu uzdevumos l\u012bdz pat sava dienesta beig\u0101m. Bet jaunie\u0161iem b\u016bs grandioza iesp\u0113ja ne tikai ieg\u016bt \u0161o pamatapm\u0101c\u012bbu, bet p\u0113c tam ar\u012b sav\u0101s specialit\u0101t\u0113s. Attiec\u012bb\u0101 uz sakarniekiem m\u0113s m\u0113\u0123in\u0101sim palaist pilotprojektu par tie\u0161i sakarnieku kiberjom\u0101. Vi\u0146am b\u016bs p\u0113c tam iesp\u0113ja vai nu to izmantot, un, paliekot profesion\u0101l\u0101 dienesta bru\u0146otajos sp\u0113kos vai ar\u012b civilaj\u0101 sektor\u0101, vi\u0146iem b\u016bs labs starta punkts,&#8221; st\u0101st\u012bja B\u013codone.<\/p>\n<p style=\"margin-left:0cm; margin-right:0cm\">Jauniesaucamie var\u0113s ar\u012b apg\u016bt medic\u012bnas, iero\u010du, transporta jomu vai ar\u012b dien\u0113t godasardz\u0113.<\/p>\n<p style=\"margin-left:0cm; margin-right:0cm\">Iesaukums, kas s\u0101kas janv\u0101r\u012b, sav\u0101 zi\u0146\u0101 ir \u012bpa\u0161s. Tas ir pirmais no janv\u0101ra iesaukumiem, kur\u0101 sal\u012bdzino\u0161i daudz jeb tre\u0161\u0101 da\u013ca topo\u0161o karav\u012bru ir izv\u0113l\u0113ti atlas\u0113, nevis pieteiku\u0161ies br\u012bvpr\u0101t\u012bgi. Da\u013ca no vi\u0146iem b\u016bs ar\u012b \u0160t\u0101ba bataljon\u0101.<\/p>\n<p>Jaunie\u0161i Valsts aizsardz\u012bbas dienest\u0101 v\u0113las jaunas iesp\u0113jas un uzlabot fizisko sagatavot\u012bbu<\/p>\n<p>00:00 \/ 00:45<\/p>\n<p>\t\t\t\t\t    <a class=\"player-download\" href=\"https:\/\/static.lsm.lv\/media\/2026\/01\/sgpl.mp3\" target=\"_blank\" rel=\"nofollow noopener\"> Lejupl\u0101d\u0113t<\/a><\/p>\n<p>\u0145ikita Andrejevs \/ Latvijas Radio<\/p>\n<p style=\"margin-left:0cm; margin-right:0cm\">Ko jaunie\u0161i sagaida no dienesta?<\/p>\n<p style=\"margin-left:40px; margin-right:0cm\">Es dom\u0101ju, discipl\u012bnu, protams, ar\u012b fizisko. Ziemas laik\u0101 dom\u0101ju, ka me\u017e\u0101 ar\u012b var\u0113s pagul\u0113t. Nav nek\u0101ds stress \u012bsti, jau biju gaid\u012bjis \u0161o. Grib\u0113ju pirms tam br\u012bvpr\u0101t\u012bgi pieteikties, bet nu san\u0101ca \u0161o janv\u0101ri.<\/p>\n<p style=\"margin-left:40px; margin-right:0cm\">Nek\u0101, j\u0101iziet ir. Ko tur \u012bsti padar\u012bt? Nav slikti, man interes\u0113ja t\u0101pat. Visas t\u0101s iesp\u0113jas, ko pied\u0101v\u0101, varb\u016bt v\u0113l p\u0113c tam viskautkur var iet. T\u0101l\u0101k \u0161aj\u0101 nozar\u0113. Jo es Zemessardz\u0113 ar\u012b g\u0101ju k\u0101dus tr\u012bs gadus. Interesanti sal\u012bdzin\u0101t b\u016bs, k\u0101 \u0161eit un tur.<\/p>\n<p style=\"margin-left:40px; margin-right:0cm\">Bija t\u0101ds br\u012bvs posms dz\u012bv\u0113. Visi tie plusi, kas n\u0101k p\u0113c tam, kad tu br\u012bvpr\u0101t\u012bgais pieteicies, protams, ir \u013coti motiv\u0113jo\u0161i. Ar\u012b fiziski sagatavoties, ja nu gad\u012bjum\u0101 s\u0101kas k\u0101ds \u0101rk\u0101rtas st\u0101voklis, ar\u012b valsti aizst\u0101v\u0113t.<\/p>\n<p style=\"margin-left:0cm; margin-right:0cm\">\u0160aj\u0101 iesaukum\u0101 \u0160t\u0101ba bataljon\u0101 dien\u0113s ar\u012b viena sieviete, bet v\u0113l divas sievietes dien\u0113s Gaisa sp\u0113kos. N\u0101kamais iesaukums s\u0101ks dienestu \u0161\u012b gada j\u016blij\u0101, kur pl\u0101nots uz\u0146emt 1470 karav\u012bru. V\u0113l l\u012bdz pusnaktij var pasp\u0113t pieteikties.<\/p>\n<p><a data-id=\"28944\" data-type=\"theme\" href=\"https:\/\/www.lsm.lv\/temas\/podkasts-forma\/\" class=\"lsm-link\" rel=\"nofollow noopener\" target=\"_blank\">Klausies podk\u0101sta&#8221;Form\u0101!&#8221; epizodes!<\/a><\/p>\n<p>KONTEKSTS:<\/p>\n<p>Lai sagatavotu Latvijas pilso\u0146us valsts aizsardz\u012bbas uzdevumu izpildei, valst\u012b izveidots\u00a0<a data-id=\"503748\" data-type=\"article\" href=\"https:\/\/www.lsm.lv\/raksts\/zinas\/latvija\/05.04.2023-obligatais-aizsardzibas-dienests-latvija-bus-pirmais-iesaukums-julija-brivpratigi.a503748\/\" class=\"lsm-link\" rel=\"nofollow noopener\" target=\"_blank\">oblig\u0101tais\u00a0aizsardz\u012bbas dienests<\/a>. Pirmais iesaukums bija br\u012bvpr\u0101t\u012bgs. Tam\u00a0br\u012bvpr\u0101t\u012bgi pieteic\u0101s 488 Latvijas pilso\u0146i, un\u00a0<a href=\"https:\/\/www.lsm.lv\/raksts\/zinas\/latvija\/01.07.2023-pirmais-valsts-aizsardzibas-dienesta-iesaukums-dienestu-sak-ar-satraukumu-un-ceribam.a515059\/\" class=\"lsm-link\" data-type=\"article\" data-id=\"515059\" rel=\"nofollow noopener\" target=\"_blank\">dienestu\u00a02023. gada\u00a01.\u00a0j\u016blij\u0101 s\u0101ka 254 jaunie\u0161i.<\/a><\/p>\n<p>No 2024. gada 1. janv\u0101ra dienests noteikts k\u0101 oblig\u0101ts.\u00a0<a data-id=\"508100\" data-type=\"article\" href=\"https:\/\/www.lsm.lv\/raksts\/zinas\/latvija\/15.05.2023-obligataja-aizsardzibas-dienesta-vares-iesaukt-ari-studentus.a508100\/\" class=\"lsm-link\" rel=\"nofollow noopener\" target=\"_blank\">Oblig\u0101tajiem iesaukumiem\u00a0priorit\u0101ri\u00a0<\/a>pak\u013cauti v\u012brie\u0161i vecum\u0101 no 18 l\u012bdz 19 gadiem. Augst\u0101k\u0101s izgl\u012bt\u012bbas ieg\u016b\u0161ana neb\u016bs iemesls, lai pilsoni neiesauktu dienest\u0101.<\/p>\n<p>                    Valodas k\u013c\u016bda rakst\u0101?<\/p>\n<p class=\"d-none d-md-block\">Iez\u012bm\u0113jiet tekstu un spiediet Ctrl+Enter, lai nos\u016bt\u012btu labojamo teksta fragmentu redaktoram! Par faktu k\u013c\u016bd\u0101m l\u016bdzam zi\u0146ot e-past\u0101 <a href=\"https:\/\/www.lsm.lv\/cdn-cgi\/l\/email-protection\" class=\"__cf_email__\" data-cfemail=\"35475051545e565c5f54755946581b5943\" rel=\"nofollow noopener\" target=\"_blank\">[email\u00a0protected]<\/a>.<\/p>\n<p class=\"d-md-none\">Iez\u012bm\u0113jiet tekstu un spiediet uz Zi\u0146ot par k\u013c\u016bdu pogas, lai nos\u016bt\u012btu labojamo teksta fragmentu redaktoram!<\/p>\n<p>\n                    Zi\u0146ot par k\u013c\u016bdu\n                <\/p>\n","protected":false},"excerpt":{"rendered":"Valsts aizsardz\u012bbas dienest\u0101 tre\u0161dien, 14.\u00a0janv\u0101r\u012b, s\u0101k dien\u0113t \u0161\u012b gada pirmais iesaukums. Jaunie\u0161i Latvijas Radio past\u0101st\u012bja, ka nov\u0113rt\u0113 dienesta&hellip;\n","protected":false},"author":2,"featured_media":104574,"comment_status":"","ping_status":"","sticky":false,"template":"","format":"standard","meta":{"footnotes":""},"categories":[12],"tags":[23,28,29,32,33,22,30,31,35,39,38,36,37,34,40,20,26,27,24,25,21],"class_list":{"0":"post-104573","1":"post","2":"type-post","3":"status-publish","4":"format-standard","5":"has-post-thumbnail","7":"category-latvija","8":"tag-aktualitates","9":"tag-breaking-news","10":"tag-breakingnews","11":"tag-featured-news","12":"tag-featurednews","13":"tag-headlines","14":"tag-latest-news","15":"tag-latestnews","16":"tag-latvia","17":"tag-latvian","18":"tag-latviesu","19":"tag-latviesu-valoda","20":"tag-latviesuvaloda","21":"tag-latvija","22":"tag-lv","23":"tag-news","24":"tag-popularakas-zinas","25":"tag-popularakaszinas","26":"tag-top-stories","27":"tag-topstories","28":"tag-zinas"},"share_on_mastodon":{"url":"https:\/\/pubeurope.com\/@lv\/115894384271114033","error":""},"_links":{"self":[{"href":"https:\/\/www.europesays.com\/lv\/wp-json\/wp\/v2\/posts\/104573","targetHints":{"allow":["GET"]}}],"collection":[{"href":"https:\/\/www.europesays.com\/lv\/wp-json\/wp\/v2\/posts"}],"about":[{"href":"https:\/\/www.europesays.com\/lv\/wp-json\/wp\/v2\/types\/post"}],"author":[{"embeddable":true,"href":"https:\/\/www.europesays.com\/lv\/wp-json\/wp\/v2\/users\/2"}],"replies":[{"embeddable":true,"href":"https:\/\/www.europesays.com\/lv\/wp-json\/wp\/v2\/comments?post=104573"}],"version-history":[{"count":0,"href":"https:\/\/www.europesays.com\/lv\/wp-json\/wp\/v2\/posts\/104573\/revisions"}],"wp:featuredmedia":[{"embeddable":true,"href":"https:\/\/www.europesays.com\/lv\/wp-json\/wp\/v2\/media\/104574"}],"wp:attachment":[{"href":"https:\/\/www.europesays.com\/lv\/wp-json\/wp\/v2\/media?parent=104573"}],"wp:term":[{"taxonomy":"category","embeddable":true,"href":"https:\/\/www.europesays.com\/lv\/wp-json\/wp\/v2\/categories?post=104573"},{"taxonomy":"post_tag","embeddable":true,"href":"https:\/\/www.europesays.com\/lv\/wp-json\/wp\/v2\/tags?post=104573"}],"curies":[{"name":"wp","href":"https:\/\/api.w.org\/{rel}","templated":true}]}}