{"id":104577,"date":"2026-01-14T16:29:08","date_gmt":"2026-01-14T16:29:08","guid":{"rendered":"https:\/\/www.europesays.com\/lv\/104577\/"},"modified":"2026-01-14T16:29:08","modified_gmt":"2026-01-14T16:29:08","slug":"vairakas-es-valstis-velas-panakt-ipasa-parstavja-iecelsanu-sarunam-ar-krieviju","status":"publish","type":"post","link":"https:\/\/www.europesays.com\/lv\/104577\/","title":{"rendered":"Vair\u0101kas ES valstis v\u0113las pan\u0101kt \u012bpa\u0161a p\u0101rst\u0101vja iecel\u0161anu sarun\u0101m ar Krieviju"},"content":{"rendered":"<p>Tikm\u0113r \u0161\u012bs ieceres kriti\u0137i nor\u0101da, ka p\u0101rst\u0101vja iecel\u0161ana sarun\u0101m ar Putinu var rad\u012bt iespaidu, ka <a href=\"https:\/\/www.tvnet.lv\/term\/555452\/krievija\" class=\"topicLink\" target=\"_blank\" rel=\"nofollow noopener\">Krievija<\/a> ir gatava godpr\u0101t\u012bg\u0101m sarun\u0101m, lai gan paties\u012bb\u0101 Maskava v\u0113las kara turpin\u0101\u0161anu un neatk\u0101pjas no sav\u0101m absurdaj\u0101m pras\u012bb\u0101m.<\/p>\n<p>\u012apa\u0161a p\u0101rst\u0101vja noz\u012bm\u0113\u0161ana sarun\u0101m ar Krieviju tikusi apspriesta jau ES samit\u0101 pag\u0101ju\u0161\u0101 gada mart\u0101, apstiprin\u0101jis k\u0101ds avots blok\u0101. Neskatoties uz pla\u0161o atbalstu, l\u0113mums tolaik nav pie\u0146emts, un \u0161is jaut\u0101jums netika iek\u013cauts samita galadokument\u0101.<\/p>\n<p>Nav ar\u012b skaidrs, ko \u0161\u0101dam p\u0101rst\u0101vim b\u016btu j\u0101p\u0101rst\u0101v &#8211; vai vien\u012bgi ES vai ar\u012b pla\u0161\u0101ku Labas gribas koal\u012bciju, taj\u0101 skait\u0101 Lielbrit\u0101niju un citas valstis.<\/p>\n<p>Tikm\u0113r ES augst\u0101k\u0101 \u0101rlietu p\u0101rst\u0101ve Kaija Kallas uzst\u0101j\u012bgi \u013cauj noprast, ka ir vien\u012bg\u0101 kandid\u0101te sarun\u0101m par Ukrainas n\u0101kotni.<\/p>\n<p>Savuk\u0101rt Rom\u0101 ned\u0113\u013cas nogal\u0113 izskan\u0113jusi doma, ka \u0161o lomu var\u0113tu uztic\u0113t biju\u0161ajam It\u0101lijas premjerministram Mario Dragi. Da\u017ei diplom\u0101ti min ar\u012b Somijas prezidentu Aleksandru Stubu, nor\u0101dot uz vi\u0146a attiec\u012bb\u0101m ar ASV prezidentu Donaldu Trampu un pieredzi dar\u012b\u0161an\u0101s ar Krieviju.<\/p>\n<p>Taj\u0101 pa\u0161\u0101 laik\u0101 divi avoti ES nor\u0101d\u012bju\u0161i, ka nek\u0101da \u012bpa\u0161\u0101 p\u0101rst\u0101vja amata joproj\u0101m nav un ka konkr\u0113tu kandid\u0101tu apsprie\u0161ana ir priek\u0161laic\u012bga.<\/p>\n","protected":false},"excerpt":{"rendered":"Tikm\u0113r \u0161\u012bs ieceres kriti\u0137i nor\u0101da, ka p\u0101rst\u0101vja iecel\u0161ana sarun\u0101m ar Putinu var rad\u012bt iespaidu, ka Krievija ir gatava&hellip;\n","protected":false},"author":2,"featured_media":104578,"comment_status":"","ping_status":"","sticky":false,"template":"","format":"standard","meta":{"footnotes":""},"categories":[14],"tags":[23,57,28,29,514,32,33,22,234,74,30,31,35,39,38,36,37,34,40,20,26,27,24,25,54,55,56,21,58],"class_list":{"0":"post-104577","1":"post","2":"type-post","3":"status-publish","4":"format-standard","5":"has-post-thumbnail","7":"category-zinas-no-arvalstim","8":"tag-aktualitates","9":"tag-arvalstim","10":"tag-breaking-news","11":"tag-breakingnews","12":"tag-eiropas-savieniba","13":"tag-featured-news","14":"tag-featurednews","15":"tag-headlines","16":"tag-krievija","17":"tag-krievijas-iebrukums-ukraina","18":"tag-latest-news","19":"tag-latestnews","20":"tag-latvia","21":"tag-latvian","22":"tag-latviesu","23":"tag-latviesu-valoda","24":"tag-latviesuvaloda","25":"tag-latvija","26":"tag-lv","27":"tag-news","28":"tag-popularakas-zinas","29":"tag-popularakaszinas","30":"tag-top-stories","31":"tag-topstories","32":"tag-world","33":"tag-world-news","34":"tag-worldnews","35":"tag-zinas","36":"tag-zinas-no-arvalstim"},"share_on_mastodon":{"url":"https:\/\/pubeurope.com\/@lv\/115894403913718304","error":""},"_links":{"self":[{"href":"https:\/\/www.europesays.com\/lv\/wp-json\/wp\/v2\/posts\/104577","targetHints":{"allow":["GET"]}}],"collection":[{"href":"https:\/\/www.europesays.com\/lv\/wp-json\/wp\/v2\/posts"}],"about":[{"href":"https:\/\/www.europesays.com\/lv\/wp-json\/wp\/v2\/types\/post"}],"author":[{"embeddable":true,"href":"https:\/\/www.europesays.com\/lv\/wp-json\/wp\/v2\/users\/2"}],"replies":[{"embeddable":true,"href":"https:\/\/www.europesays.com\/lv\/wp-json\/wp\/v2\/comments?post=104577"}],"version-history":[{"count":0,"href":"https:\/\/www.europesays.com\/lv\/wp-json\/wp\/v2\/posts\/104577\/revisions"}],"wp:featuredmedia":[{"embeddable":true,"href":"https:\/\/www.europesays.com\/lv\/wp-json\/wp\/v2\/media\/104578"}],"wp:attachment":[{"href":"https:\/\/www.europesays.com\/lv\/wp-json\/wp\/v2\/media?parent=104577"}],"wp:term":[{"taxonomy":"category","embeddable":true,"href":"https:\/\/www.europesays.com\/lv\/wp-json\/wp\/v2\/categories?post=104577"},{"taxonomy":"post_tag","embeddable":true,"href":"https:\/\/www.europesays.com\/lv\/wp-json\/wp\/v2\/tags?post=104577"}],"curies":[{"name":"wp","href":"https:\/\/api.w.org\/{rel}","templated":true}]}}