{"id":104583,"date":"2026-01-14T16:35:11","date_gmt":"2026-01-14T16:35:11","guid":{"rendered":"https:\/\/www.europesays.com\/lv\/104583\/"},"modified":"2026-01-14T16:35:11","modified_gmt":"2026-01-14T16:35:11","slug":"asv-kontrole-par-grenlandi-ir-vitala-pretrakesu-aizsardzibai-pazino-tramps","status":"publish","type":"post","link":"https:\/\/www.europesays.com\/lv\/104583\/","title":{"rendered":"ASV kontrole p\u0101r Grenlandi ir vit\u0101la pretra\u0137e\u0161u aizsardz\u012bbai, pazi\u0146o Tramps"},"content":{"rendered":"<p>&#8220;Savienotaj\u0101m Valst\u012bm nacion\u0101l\u0101s dro\u0161\u012bbas d\u0113\u013c nepiecie\u0161ama <a href=\"https:\/\/www.tvnet.lv\/term\/556529\/grenlande\" class=\"topicLink\" target=\"_blank\" rel=\"nofollow noopener\">Grenlande<\/a>. T\u0101 ir vit\u0101la &#8220;Zelta kupolam, kas tiek veidots,&#8221; pa\u0161a soci\u0101l\u0101s sazi\u0146as vietn\u0113 &#8220;Truth Social&#8221; nor\u0101d\u012bjis Tramps.<\/p>\n<blockquote class=\"quote ck-widget\" contenteditable=\"false\">\n<p>&#8220;NATO k\u013c\u016bs daudz draud\u012bg\u0101ka un efekt\u012bv\u0101ka, Grenlandei atrodoties Savienoto Valstu rok\u0101s. Jebkas maz\u0101ks par to nav pie\u0146emams,&#8221; uzsv\u0113ris Balt\u0101 nama saimnieks.<\/p>\n<\/blockquote>\n<p>Ar \u0161o pazi\u0146ojumu <a href=\"https:\/\/www.tvnet.lv\/term\/555410\/asv\" class=\"topicLink\" target=\"_blank\" rel=\"nofollow noopener\">ASV<\/a> prezidents n\u0101cis klaj\u0101 pirms v\u0113l\u0101k tre\u0161dien paredz\u0113t\u0101s D\u0101nijas un Grenlandes \u0101rlietu ministru viz\u012btes Baltaj\u0101 nam\u0101, kur tiem paredz\u0113ta tik\u0161an\u0101s ar viceprezidentu D\u017eeimsu Deividu Vensu un valsts sekret\u0101ru Marko Rubio.<\/p>\n<p>Da\u017eas stundas pirms sarun\u0101m D\u0101nijas aizsardz\u012bbas ministrs Troelss Lunds Poulsens, cen\u0161oties mazin\u0101t ASV ba\u017eas par Grenlandes dro\u0161\u012bbu, pazi\u0146oja, ka Kopenh\u0101gena stiprin\u0101s savu milit\u0101ro kl\u0101tb\u016btni sal\u0101, k\u0101 ar\u012b ved sarunas ar sabiedrotajiem par NATO kl\u0101tb\u016btnes palielin\u0101\u0161anu Arktik\u0101.<\/p>\n<p>Tramps savuk\u0101rt nor\u0101d\u012bjis, ka NATO j\u0101uz\u0146emas loma daudzsl\u0101\u0146ainas pretra\u0137e\u0161u sist\u0113mas izveid\u0113.<\/p>\n<p>&#8220;Ja m\u0113s to nedar\u012bsim, to dar\u012bs Krievija un \u0136\u012bna, un to nedr\u012bkst pie\u013caut,&#8221; uzsv\u0113ris prezidents.<\/p>\n","protected":false},"excerpt":{"rendered":"&#8220;Savienotaj\u0101m Valst\u012bm nacion\u0101l\u0101s dro\u0161\u012bbas d\u0113\u013c nepiecie\u0161ama Grenlande. T\u0101 ir vit\u0101la &#8220;Zelta kupolam, kas tiek veidots,&#8221; pa\u0161a soci\u0101l\u0101s sazi\u0146as&hellip;\n","protected":false},"author":2,"featured_media":104584,"comment_status":"","ping_status":"","sticky":false,"template":"","format":"standard","meta":{"footnotes":""},"categories":[14],"tags":[23,57,292,28,29,542,32,33,20878,22,30,31,35,39,38,36,37,34,40,20,26,27,24,25,54,55,56,21,58],"class_list":{"0":"post-104583","1":"post","2":"type-post","3":"status-publish","4":"format-standard","5":"has-post-thumbnail","7":"category-zinas-no-arvalstim","8":"tag-aktualitates","9":"tag-arvalstim","10":"tag-asv","11":"tag-breaking-news","12":"tag-breakingnews","13":"tag-donalds-tramps","14":"tag-featured-news","15":"tag-featurednews","16":"tag-grenlande","17":"tag-headlines","18":"tag-latest-news","19":"tag-latestnews","20":"tag-latvia","21":"tag-latvian","22":"tag-latviesu","23":"tag-latviesu-valoda","24":"tag-latviesuvaloda","25":"tag-latvija","26":"tag-lv","27":"tag-news","28":"tag-popularakas-zinas","29":"tag-popularakaszinas","30":"tag-top-stories","31":"tag-topstories","32":"tag-world","33":"tag-world-news","34":"tag-worldnews","35":"tag-zinas","36":"tag-zinas-no-arvalstim"},"share_on_mastodon":{"url":"https:\/\/pubeurope.com\/@lv\/115894427533799016","error":""},"_links":{"self":[{"href":"https:\/\/www.europesays.com\/lv\/wp-json\/wp\/v2\/posts\/104583","targetHints":{"allow":["GET"]}}],"collection":[{"href":"https:\/\/www.europesays.com\/lv\/wp-json\/wp\/v2\/posts"}],"about":[{"href":"https:\/\/www.europesays.com\/lv\/wp-json\/wp\/v2\/types\/post"}],"author":[{"embeddable":true,"href":"https:\/\/www.europesays.com\/lv\/wp-json\/wp\/v2\/users\/2"}],"replies":[{"embeddable":true,"href":"https:\/\/www.europesays.com\/lv\/wp-json\/wp\/v2\/comments?post=104583"}],"version-history":[{"count":0,"href":"https:\/\/www.europesays.com\/lv\/wp-json\/wp\/v2\/posts\/104583\/revisions"}],"wp:featuredmedia":[{"embeddable":true,"href":"https:\/\/www.europesays.com\/lv\/wp-json\/wp\/v2\/media\/104584"}],"wp:attachment":[{"href":"https:\/\/www.europesays.com\/lv\/wp-json\/wp\/v2\/media?parent=104583"}],"wp:term":[{"taxonomy":"category","embeddable":true,"href":"https:\/\/www.europesays.com\/lv\/wp-json\/wp\/v2\/categories?post=104583"},{"taxonomy":"post_tag","embeddable":true,"href":"https:\/\/www.europesays.com\/lv\/wp-json\/wp\/v2\/tags?post=104583"}],"curies":[{"name":"wp","href":"https:\/\/api.w.org\/{rel}","templated":true}]}}