{"id":104586,"date":"2026-01-14T16:41:07","date_gmt":"2026-01-14T16:41:07","guid":{"rendered":"https:\/\/www.europesays.com\/lv\/104586\/"},"modified":"2026-01-14T16:41:07","modified_gmt":"2026-01-14T16:41:07","slug":"tramps-ir-loti-dusmigs-par-kadu-lielu-kludu-putins-varetu-samaksat","status":"publish","type":"post","link":"https:\/\/www.europesays.com\/lv\/104586\/","title":{"rendered":"Tramps ir \u013coti dusm\u012bgs: par k\u0101du lielu k\u013c\u016bdu Putins var\u0113tu samaks\u0101t?"},"content":{"rendered":"<p>    <img decoding=\"async\" src=\"https:\/\/www.europesays.com\/lv\/wp-content\/uploads\/2026\/01\/afp_36lx2c9-1-800x480.jpg\" alt=\"&#10;\"\/><\/p>\n<p>Foto: AFP\/SCANPIX\n<\/p>\n<p>18:13, 14. janv\u0101ris 2026<\/p>\n<p>ASV prezidents Donalds Tramps arvien vair\u0101k s\u0101k vilties Vladimir\u0101 Putin\u0101. Tagad par \u0161\u0137\u0113rsli mieram Ukrain\u0101 vi\u0146\u0161 saskata Krievijas diktatoru, nevis Ukrainu. Par to, atsaucoties uz \u0101rzemju medijiem, zi\u0146o Trampam pietuvin\u0101ti avoti. \u0160\u0137iet, ka ieciet\u012bg\u0101 pieeja pret Putinu, ko Amerikas prezidents tik bie\u017ei ir izmantojis, main\u012bsies uz ko stingr\u0101ku. Ukrainas eksperti analiz\u0113ju\u0161i, k\u0101p\u0113c Trampa attieksme pret Putinu ir pasliktin\u0101jusies un kas tagad sagaida Krievijas diktatoru.<\/p>\n<p>        Las\u012bt\u0101kie<br \/>\n        <a data-imagesrc=\"{&quot;300&quot;:&quot;https:\\\/\\\/lastatic.ams3.cdn.digitaloceanspaces.com\\\/2026\\\/01\\\/LET_21079616-300x196.jpg&quot;,&quot;1024&quot;:&quot;https:\\\/\\\/lastatic.ams3.cdn.digitaloceanspaces.com\\\/2026\\\/01\\\/LET_21079616-1024x670.jpg&quot;,&quot;1536&quot;:&quot;https:\\\/\\\/lastatic.ams3.cdn.digitaloceanspaces.com\\\/2026\\\/01\\\/LET_21079616-1536x1005.jpg&quot;,&quot;500&quot;:&quot;https:\\\/\\\/lastatic.ams3.cdn.digitaloceanspaces.com\\\/2026\\\/01\\\/LET_21079616-500x327.jpg&quot;,&quot;800&quot;:&quot;https:\\\/\\\/lastatic.ams3.cdn.digitaloceanspaces.com\\\/2026\\\/01\\\/LET_21079616-800x523.jpg&quot;,&quot;2560&quot;:&quot;https:\\\/\\\/lastatic.ams3.cdn.digitaloceanspaces.com\\\/2026\\\/01\\\/LET_21079616-scaled.jpg&quot;}\" data-focuspoint=\"&quot;&quot;\" data-p=\"2489693\" href=\"https:\/\/www.la.lv\/nebija-nekadu-bridinajuma-zimju-kamer-gimene-meza-bauda-ziemas-priekus-mednieki-blakus-sauj\" class=\"content-item lazy-load\" wp_automatic_readability=\"27\" rel=\"nofollow noopener\" target=\"_blank\"><\/p>\n<p>                                <img decoding=\"async\" src=\"\" alt=\"\" style=\"\" data-imageid=\"\"\/><\/p>\n<p>\n                                                \u201cNebija nek\u0101du br\u012bdin\u0101juma z\u012bmju!\u201d Kam\u0113r \u0123imene me\u017e\u0101 bauda ziemas priekus, mednieki blakus \u0161auj\n                            <\/p>\n<p><\/a><a data-imagesrc=\"{&quot;300&quot;:&quot;https:\\\/\\\/lastatic.ams3.cdn.digitaloceanspaces.com\\\/2026\\\/01\\\/diogo-cardoso-7h2-E6cYsP8-unsplash-300x200.jpg&quot;,&quot;1024&quot;:&quot;https:\\\/\\\/lastatic.ams3.cdn.digitaloceanspaces.com\\\/2026\\\/01\\\/diogo-cardoso-7h2-E6cYsP8-unsplash-1024x683.jpg&quot;,&quot;1536&quot;:&quot;https:\\\/\\\/lastatic.ams3.cdn.digitaloceanspaces.com\\\/2026\\\/01\\\/diogo-cardoso-7h2-E6cYsP8-unsplash-1536x1024.jpg&quot;,&quot;500&quot;:&quot;https:\\\/\\\/lastatic.ams3.cdn.digitaloceanspaces.com\\\/2026\\\/01\\\/diogo-cardoso-7h2-E6cYsP8-unsplash-500x333.jpg&quot;,&quot;800&quot;:&quot;https:\\\/\\\/lastatic.ams3.cdn.digitaloceanspaces.com\\\/2026\\\/01\\\/diogo-cardoso-7h2-E6cYsP8-unsplash-800x533.jpg&quot;,&quot;2560&quot;:&quot;https:\\\/\\\/lastatic.ams3.cdn.digitaloceanspaces.com\\\/2026\\\/01\\\/diogo-cardoso-7h2-E6cYsP8-unsplash-scaled.jpg&quot;}\" data-focuspoint=\"&quot;&quot;\" data-p=\"2493912\" href=\"https:\/\/www.la.lv\/katram-savi-tarakani-zodiaka-zimju-briesmigakie-ieradumi-kas-sagrauj-attiecibas\" class=\"content-item lazy-load\" wp_automatic_readability=\"26.5\" rel=\"nofollow noopener\" target=\"_blank\"><\/p>\n<p>                                <img decoding=\"async\" src=\"\" alt=\"\" style=\"\" data-imageid=\"\"\/><\/p>\n<p>                                Kokteilis<\/p>\n<p>\n                                                Katram savi \u201ctarak\u0101ni\u201d: zodiaka z\u012bmju briesm\u012bg\u0101kie ieradumi, kas sagrauj attiec\u012bbas\n                            <\/p>\n<p><\/a><a data-imagesrc=\"{&quot;300&quot;:&quot;https:\\\/\\\/lastatic.ams3.cdn.digitaloceanspaces.com\\\/2026\\\/01\\\/FotoJet-5-300x200.jpg&quot;,&quot;1024&quot;:&quot;https:\\\/\\\/lastatic.ams3.cdn.digitaloceanspaces.com\\\/2026\\\/01\\\/FotoJet-5-1024x683.jpg&quot;,&quot;1536&quot;:&quot;https:\\\/\\\/lastatic.ams3.cdn.digitaloceanspaces.com\\\/2026\\\/01\\\/FotoJet-5-1536x1024.jpg&quot;,&quot;500&quot;:&quot;https:\\\/\\\/lastatic.ams3.cdn.digitaloceanspaces.com\\\/2026\\\/01\\\/FotoJet-5-500x333.jpg&quot;,&quot;800&quot;:&quot;https:\\\/\\\/lastatic.ams3.cdn.digitaloceanspaces.com\\\/2026\\\/01\\\/FotoJet-5-800x533.jpg&quot;,&quot;1800&quot;:&quot;https:\\\/\\\/lastatic.ams3.cdn.digitaloceanspaces.com\\\/2026\\\/01\\\/FotoJet-5.jpg&quot;}\" data-focuspoint=\"&quot;&quot;\" data-p=\"2491277\" href=\"https:\/\/www.la.lv\/vecums-nav-spriedums-5-pazimes-kas-liecina-ka-jus-novecojat-loti-veiksmigi\" class=\"content-item lazy-load\" wp_automatic_readability=\"27\" rel=\"nofollow noopener\" target=\"_blank\"><\/p>\n<p>                                <img decoding=\"async\" src=\"\" alt=\"\" style=\"\" data-imageid=\"\"\/><\/p>\n<p>\n                                                Vecums nav spriedums: 5 paz\u012bmes, kas liecina, ka j\u016bs novecojat \u013coti veiksm\u012bgi\n                            <\/p>\n<p><\/a><br \/>\n        <a class=\"read-more\" href=\"https:\/\/www.la.lv\/top\" rel=\"nofollow noopener\" target=\"_blank\">Las\u012bt citas zi\u0146as<\/a><\/p>\n<p>Kas tik \u013coti sadusmoja Trampu? Nav nosl\u0113pums, ka ASV prezidents ir bijis \u013coti labv\u0113l\u012bgs pret Putinu. Neskatoties uz past\u0101v\u012bgo miera l\u012bgumu izjuk\u0161anu, konstruktivit\u0101tes tr\u016bkumu un nep\u0101rtraukto teroru Ukrain\u0101, Tramps Krievijas diktatoru sauca par savu draugu. Tom\u0113r tagad situ\u0101cija s\u0101k main\u012bties, saka strat\u0113\u0123isk\u0101s komunik\u0101cijas eksperts un publicists Jurijs Bogdanovs.<\/p>\n<p>Spilgts \u0161\u0101du p\u0101rmai\u0146u piem\u0113rs bija ar Venecu\u0113lu saist\u012bt\u0101 tankku\u0123a \u201cMarinera\u201d sagr\u0101b\u0161ana, kas tom\u0113r ku\u0123oja zem Krievijas karoga. Da\u017eas dienas p\u0113c incidenta ASV sagr\u0101ba v\u0113l vienu tankku\u0123i \u201cOlina\u201d, kas ir Krievijas \u0113nu flotes ku\u0123is.<\/p>\n<p>    CITI \u0160OBR\u012aD LASA<\/p>\n<p>\u0160is st\u0101sts nav tikai par Venecu\u0113lu, tas ir sign\u0101ls Putinam. Ac\u012bmredzot Tramps vienk\u0101r\u0161i ir noguris no Putina un vi\u0146a vilcin\u0101\u0161an\u0101s, no vi\u0146a meliem. <\/p>\n<p>\u201cTrampam ir konkr\u0113ti priek\u0161stati par di\u017eenumu, ta\u010du vi\u0146\u0161 joproj\u0101m cen\u0161as saglab\u0101t savas varas auru. T\u0101p\u0113c Putina meli Trampam ir k\u013cuvu\u0161i p\u0101r\u0101k traumatiski. Esmu maksim\u0101li pozit\u012bvs, jo Putins pret Trampu uzvedas \u013coti neapdom\u012bgi, un situ\u0101cija vi\u0146am tikai pasliktin\u0101sies,\u201d atz\u012bm\u0113ja eksperts.<\/p>\n<p>Trampam bija nepiecie\u0161ams gandr\u012bz gads, lai saprastu ac\u012bmredzamo faktu, ka Putins nav vi\u0146a draugs. Tagad Amerikas prezidents patie\u0161\u0101m var main\u012bt savu politiku pret Krievijas diktatoru uz ko stingr\u0101ku.<\/p>\n<p>K\u0101das sekas sagaida Putinu?<\/p>\n<p>Interesanti ar\u012b tas, ka nesen uz \u017eurn\u0101lista jaut\u0101jumu, vai saska\u0146\u0101 ar Maduro scen\u0101riju Putinu var\u0113tu nolaup\u012bt, Donalds Tramps atbild\u0113ja, ka pagaid\u0101m tam nav vajadz\u012bbas. Galu gal\u0101 ir ar\u012b citi faktori, kas ietekm\u0113 Krievijas diktatoru. Tam piekr\u012bt ar\u012b biju\u0161ais Ukrainas \u0101rlietu ministrs, diplom\u0101ts Volodimirs Ogrizko, nor\u0101dot, ka Tramps jau ir s\u0101cis barg\u0101k iztur\u0113ties pret Kremli.<\/p>\n<p>To par\u0101da st\u0101sts par vair\u0101kiem sag\u016bst\u012btiem tankku\u0123iem. Tramps jau ir novedis Krieviju l\u012bdz pazemojo\u0161am st\u0101voklim. Vi\u0146i vi\u0146am pateicas par to, ka vi\u0146\u0161 pl\u0101noja atbr\u012bvot divus krievus no sag\u016bst\u012bt\u0101 tankku\u0123a, aizmirstot, ka tankku\u0123is tika sag\u016bst\u012bts p\u0113c Trampa pav\u0113les. <\/p>\n<blockquote><p>Tikm\u0113r Putina nekur nav, vi\u0146\u0161 klus\u0113. Vi\u0146\u0161 dro\u0161i vien dom\u0101 par to, kas notiks t\u0101l\u0101k, sac\u012bja Ogrizko.<\/p><\/blockquote>\n<p>Diplom\u0101ts ar\u012b v\u0113rsa uzman\u012bbu uz to, ka Putinam \u0161obr\u012bd ir iz\u0161\u0137iro\u0161s laiks. Galu gal\u0101 vi\u0146a resursi joproj\u0101m \u013cauj vi\u0146am karot, ta\u010du, p\u0113c prognoz\u0113m, tie var neb\u016bt pietiekami pat l\u012bdz gada beig\u0101m. T\u0101p\u0113c Krievijas diktatoram \u0161odien ir j\u0101dara viss iesp\u0113jamais, lai nesaboj\u0101tu silto attiec\u012bbu atliekas ar Trampu.<\/p>\n<p>\u201c\u0160\u0137iet, ka Tramps, neskatoties uz savu specifisko raksturu, t\u016bl\u012bt zaud\u0113s paciet\u012bbu. Vi\u0146\u0161 atteic\u0101s no visiem pied\u0101v\u0101jumiem, ko Tramps izteica Putinam. Tagad Trampam nekas cits neatliek k\u0101 vien sist vi\u0146am pa galvu. Maduro bija pirmais trieciens, tankku\u0123i bija otrais. Tagad, iesp\u0113jams, b\u016bs tre\u0161\u0101 \u2013 \u201celles\u201d sankcijas,\u201d sac\u012bja biju\u0161ais ministrs.<\/p>\n<p>M\u0113s run\u0101jam par Greiema-Bl\u016bment\u0101la likumprojektu, kura ievie\u0161anai nesen piekrita Amerikas prezidents. Starp ierosin\u0101taj\u0101m sankcij\u0101m ir 500% muitas tarifs jebkurai valstij, kas iep\u0113rk Krievijas naftu vai ur\u0101nu, un 500% muitas tarifs Krievijas eksportam uz ASV. \u0160\u0101da l\u0113muma pie\u0146em\u0161ana jau ir nopietns politisks sign\u0101ls Putinam \u2013 Tramps vairs ar vi\u0146u nesp\u0113l\u0113sies.<\/p>\n<p>K\u0101ds ir galvenais instruments spiediena izdar\u012b\u0161anai uz Krieviju?<\/p>\n<p>Vienlaikus politologs un Politikas anal\u012btisk\u0101 centra prezidents O\u013cegs Lisnijs nor\u0101d\u012bja, ka Tramps vair\u0101kk\u0101rt ir vien\u0101 vai otr\u0101 veid\u0101 draud\u0113jis Krievijai. Tom\u0113r galu gal\u0101 vi\u0146\u0161 atgriez\u0101s pie mierm\u012bl\u012bgas retorikas pret Putinu, un vi\u0146a draudi palika tikai verb\u0101li.<\/p>\n<p>Tas, ka ASV tagad uzbr\u016bk Krievijas \u0113nu flotei, ir labi. Vismaz Putins no turienes nesa\u0146ems l\u012bdzek\u013cus. Notikumi Venecu\u0113l\u0101 ir v\u0113l b\u016btisk\u0101ks trieciens Krievijai. Dom\u0101ju, ka b\u016bs atkusnis, bet tagad sv\u0101rsts ir nosv\u0113ries pret Putinu. Mums tas ir j\u0101att\u012bsta, uzsv\u0113ra Lisnijs.<\/p>\n<p>\u0160odien Ukraina akt\u012bvi piedal\u0101s miera proces\u0101, kas Trampa ac\u012bs noteikti ir pozit\u012bvs solis. Krievija \u2013 glu\u017ei pret\u0113ji, ir ie\u0146\u0113musi nogaido\u0161u nost\u0101ju, kam var b\u016bt sekas. Tom\u0113r vissvar\u012bg\u0101kais ir tas, lai Tramps piespiestu Putinu uz dialogu, nevis tikai aprobe\u017eotos ar verb\u0101liem draudiem, nor\u0101da eksperti. <\/p>\n<p>\u201cViens no instrumentiem, par kuru tiek run\u0101ts jau gadu, ir \u201celles\u201d sankciju pakete. Past\u0101v liela varb\u016bt\u012bba, ka t\u0101 tiks pie\u0146emta tagad. Ta\u010du Tramps taj\u0101 ir \u201ciestr\u0113dzis\u201d k\u0101 galvenais administrators, proti, vi\u0146\u0161 to var ieviest vai neieviest, pret vienu valsti vai valstu grupu. \u0160eit ir smalka robe\u017ea, jo Tramps var neb\u016bt pret \u0161\u012bs paketes pie\u0146em\u0161anu, bet izmantot to tikai un vien\u012bgi k\u0101 politisku iebied\u0113\u0161anu,\u201d atz\u012bm\u0113ja politologs Lisnijs. <\/p>\n<p>T\u0113mas<\/p>\n<p>    SAIST\u012aTIE RAKSTI<\/p>\n","protected":false},"excerpt":{"rendered":"Foto: AFP\/SCANPIX 18:13, 14. janv\u0101ris 2026 ASV prezidents Donalds Tramps arvien vair\u0101k s\u0101k vilties Vladimir\u0101 Putin\u0101. Tagad par&hellip;\n","protected":false},"author":2,"featured_media":104587,"comment_status":"","ping_status":"","sticky":false,"template":"","format":"standard","meta":{"footnotes":""},"categories":[14],"tags":[23,57,28,29,32,33,22,30,31,35,39,38,36,37,34,40,20,26,27,24,25,54,55,56,21,58],"class_list":{"0":"post-104586","1":"post","2":"type-post","3":"status-publish","4":"format-standard","5":"has-post-thumbnail","7":"category-zinas-no-arvalstim","8":"tag-aktualitates","9":"tag-arvalstim","10":"tag-breaking-news","11":"tag-breakingnews","12":"tag-featured-news","13":"tag-featurednews","14":"tag-headlines","15":"tag-latest-news","16":"tag-latestnews","17":"tag-latvia","18":"tag-latvian","19":"tag-latviesu","20":"tag-latviesu-valoda","21":"tag-latviesuvaloda","22":"tag-latvija","23":"tag-lv","24":"tag-news","25":"tag-popularakas-zinas","26":"tag-popularakaszinas","27":"tag-top-stories","28":"tag-topstories","29":"tag-world","30":"tag-world-news","31":"tag-worldnews","32":"tag-zinas","33":"tag-zinas-no-arvalstim"},"share_on_mastodon":{"url":"https:\/\/pubeurope.com\/@lv\/115894451175624089","error":""},"_links":{"self":[{"href":"https:\/\/www.europesays.com\/lv\/wp-json\/wp\/v2\/posts\/104586","targetHints":{"allow":["GET"]}}],"collection":[{"href":"https:\/\/www.europesays.com\/lv\/wp-json\/wp\/v2\/posts"}],"about":[{"href":"https:\/\/www.europesays.com\/lv\/wp-json\/wp\/v2\/types\/post"}],"author":[{"embeddable":true,"href":"https:\/\/www.europesays.com\/lv\/wp-json\/wp\/v2\/users\/2"}],"replies":[{"embeddable":true,"href":"https:\/\/www.europesays.com\/lv\/wp-json\/wp\/v2\/comments?post=104586"}],"version-history":[{"count":0,"href":"https:\/\/www.europesays.com\/lv\/wp-json\/wp\/v2\/posts\/104586\/revisions"}],"wp:featuredmedia":[{"embeddable":true,"href":"https:\/\/www.europesays.com\/lv\/wp-json\/wp\/v2\/media\/104587"}],"wp:attachment":[{"href":"https:\/\/www.europesays.com\/lv\/wp-json\/wp\/v2\/media?parent=104586"}],"wp:term":[{"taxonomy":"category","embeddable":true,"href":"https:\/\/www.europesays.com\/lv\/wp-json\/wp\/v2\/categories?post=104586"},{"taxonomy":"post_tag","embeddable":true,"href":"https:\/\/www.europesays.com\/lv\/wp-json\/wp\/v2\/tags?post=104586"}],"curies":[{"name":"wp","href":"https:\/\/api.w.org\/{rel}","templated":true}]}}