{"id":104590,"date":"2026-01-14T16:43:09","date_gmt":"2026-01-14T16:43:09","guid":{"rendered":"https:\/\/www.europesays.com\/lv\/104590\/"},"modified":"2026-01-14T16:43:09","modified_gmt":"2026-01-14T16:43:09","slug":"raimonds-pauls-laikabiedru-skatijuma-par-muza-devumu-latviesu-kultura-lente-lv","status":"publish","type":"post","link":"https:\/\/www.europesays.com\/lv\/104590\/","title":{"rendered":"Raimonds Pauls \u2013 laikabiedru skat\u012bjum\u0101 par m\u016b\u017ea devumu latvie\u0161u kult\u016br\u0101\u00a0\u2014\u00a0Lente.lv"},"content":{"rendered":"<p>M\u016bzikas krustceles: no d\u017eeza l\u012bdz tautasdziesmai<\/p>\n<p>Raimonds Pauls, latvie\u0161u komponists, pianists un politi\u0137is, ir viena no spilgt\u0101kaj\u0101m un ietekm\u012bg\u0101kaj\u0101m person\u012bb\u0101m Latvijas kult\u016bras v\u0113stur\u0113. Vi\u0146a rado\u0161\u0101 darb\u012bba aptver vair\u0101k nek\u0101 2400 darbu, kuros Rodamies gan akad\u0113misk\u0101 m\u016bzika, gan popul\u0101r\u0101s dziesmas, d\u017eeza kompoz\u012bcijas un m\u016bzika te\u0101tra izr\u0101d\u0113m un kino. K\u0101 zi\u0146o av\u012bze Diena, Maestro Raimonda Paula dai\u013crade ir neiedom\u0101jami daudzveid\u012bga, un ik desmitgadi vi\u0146a ska\u0146u palete main\u012bjusies, ko ietekm\u0113ju\u0161i da\u017e\u0101di muzik\u0101lie \u017eanri un kult\u016bras. Vi\u0146a unik\u0101lais klavieru piesitiens un melodiskais talants ir k\u013cuvu\u0161i par neat\u0146emamu vi\u0146a z\u012bmolu.<\/p>\n<p>Pauls, dzimis 1936. gad\u0101 R\u012bg\u0101, jau b\u0113rn\u012bb\u0101 s\u0101cis apg\u016bt klaviersp\u0113li, v\u0113l\u0101k m\u0101c\u012bjies Em\u012bla D\u0101rzi\u0146a m\u016bzikas vidusskol\u0101 un Latvijas Valsts konservatorij\u0101. Vi\u0146a agr\u012bn\u0101 karjera saist\u012bta ar d\u017eeza m\u016bziku, ta\u010du jau 60. gados vi\u0146\u0161 s\u0101ka akt\u012bvi kompon\u0113t popul\u0101r\u0101s dziesmas, kas \u0101tri vien ieguva pla\u0161u atzin\u012bbu. Vi\u0146a dziesmas 11 reizes ir uzvar\u0113ju\u0161as Mikrofona dziesmu aptauj\u0101, kas liecina par to milz\u012bgo popularit\u0101ti un ietekmi uz Latvijas m\u016bzikas ainavu.<\/p>\n<p>Laikabiedru un kol\u0113\u0123u skat\u012bjums<\/p>\n<p>Muzikologi un laikabiedri atz\u012bst Raimonda Paula neatsveramo devumu Latvijas kult\u016br\u0101. Vi\u0146a m\u016bzika dzi\u013ci iesak\u0146ojusies latvie\u0161u kult\u016br\u0101, radot neskait\u0101mas dziesmas, kas k\u013cuvu\u0161as par neat\u0146emamu paaud\u017eu dz\u012bveszi\u0146as sast\u0101vda\u013cu. Kl\u0101stot par Paula karjeru, tiek uzsv\u0113rts vi\u0146a sp\u0113ju apvienot latvie\u0161u tautas m\u016bzikas inton\u0101cijas ar d\u017eeza un citu m\u016bsdienu ritmiem, radot ori\u0123in\u0101lu un neatk\u0101rtojamu skan\u0113jumu. Vi\u0146a rado\u0161\u0101 darb\u012bba nav balst\u012bta tikai uz sevis apliecin\u0101\u0161anu, bet dr\u012bz\u0101k uz nepiecie\u0161am\u012bbu b\u016bt kop\u0101 ar sabiedr\u012bbu un tai kalpot, kas ir \u012bstas c\u0113luma paz\u012bme.<\/p>\n<p>\u012apa\u0161i tiek izceltas vi\u0146a tit\u0101nisk\u0101s darba sp\u0113jas. Pat cien\u012bjam\u0101 vecum\u0101, vi\u0146\u0161 turpina akt\u012bvi darboties, piedal\u012bties projektos un rad\u012bt jaunu m\u016bziku. Lai gan Pauls pats reiz izteicis no\u017e\u0113lu par atteik\u0161anos no solopianista karjeras, vi\u0146a pla\u0161\u0101 un daudzveid\u012bg\u0101 dai\u013crade apliecina vi\u0146a unik\u0101lo talantu un nenoliedzamo ietekmi uz latvie\u0161u m\u016bziku.<\/p>\n<p>Vair\u0101k nek\u0101 tikai m\u016bzika: politisk\u0101 darb\u012bba un sabiedrisk\u0101 loma<\/p>\n<p>Papildus savai muzik\u0101lajai karjerai, Raimonds Pauls ir bijis ar\u012b akt\u012bvs politiskaj\u0101 dz\u012bv\u0113, ie\u0146emot kult\u016bras ministra amatu Latvij\u0101. Vi\u0146a m\u016bzika ir ne tikai baud\u012bjums, bet ar\u012b svar\u012bga latvie\u0161u identit\u0101tes sast\u0101vda\u013ca, kas vieno paaudzes un nes cauri laikiem. K\u0101 nor\u0101da Latvijas Radio 3, bez vi\u0146a m\u016bzikas Latvija neb\u016btu t\u0101da, k\u0101da t\u0101 ir \u0161odien. Vi\u0146a rad\u012bt\u0101s melodijas bie\u017ei vien saist\u0101s ar svar\u012bgiem notikumiem cilv\u0113ku person\u012bgaj\u0101 dz\u012bv\u0113 un kop\u012bgiem emocion\u0101liem mirk\u013ciem.<\/p>\n<p>Da\u017e\u0101di pas\u0101kumi un koncerti tiek r\u012bkoti, lai godin\u0101tu Maestro jubilejas, tostarp ar\u012b vi\u0146a 90. dzim\u0161anas diena, kas tiek atz\u012bm\u0113ta ar \u012bpa\u0161\u0101m programm\u0101m un koncertiem. \u0160ie pas\u0101kumi apliecina vi\u0146a neatsveramo mantojumu un nemain\u012bgo popularit\u0101ti Latvijas sabiedr\u012bb\u0101.<\/p>\n","protected":false},"excerpt":{"rendered":"M\u016bzikas krustceles: no d\u017eeza l\u012bdz tautasdziesmai Raimonds Pauls, latvie\u0161u komponists, pianists un politi\u0137is, ir viena no spilgt\u0101kaj\u0101m un&hellip;\n","protected":false},"author":2,"featured_media":104591,"comment_status":"","ping_status":"","sticky":false,"template":"","format":"standard","meta":{"footnotes":""},"categories":[5],"tags":[23,28,29,32,33,22,2752,30,31,35,39,38,12732,194,36,37,34,40,20,6236,26,27,2672,24,25,21],"class_list":{"0":"post-104590","1":"post","2":"type-post","3":"status-publish","4":"format-standard","5":"has-post-thumbnail","7":"category-aktualitates","8":"tag-aktualitates","9":"tag-breaking-news","10":"tag-breakingnews","11":"tag-featured-news","12":"tag-featurednews","13":"tag-headlines","14":"tag-komponists","15":"tag-latest-news","16":"tag-latestnews","17":"tag-latvia","18":"tag-latvian","19":"tag-latviesu","20":"tag-latviesu-kultura","21":"tag-latviesu-muzika","22":"tag-latviesu-valoda","23":"tag-latviesuvaloda","24":"tag-latvija","25":"tag-lv","26":"tag-news","27":"tag-pianists","28":"tag-popularakas-zinas","29":"tag-popularakaszinas","30":"tag-raimonds-pauls","31":"tag-top-stories","32":"tag-topstories","33":"tag-zinas"},"share_on_mastodon":{"url":"https:\/\/pubeurope.com\/@lv\/115894458969734393","error":""},"_links":{"self":[{"href":"https:\/\/www.europesays.com\/lv\/wp-json\/wp\/v2\/posts\/104590","targetHints":{"allow":["GET"]}}],"collection":[{"href":"https:\/\/www.europesays.com\/lv\/wp-json\/wp\/v2\/posts"}],"about":[{"href":"https:\/\/www.europesays.com\/lv\/wp-json\/wp\/v2\/types\/post"}],"author":[{"embeddable":true,"href":"https:\/\/www.europesays.com\/lv\/wp-json\/wp\/v2\/users\/2"}],"replies":[{"embeddable":true,"href":"https:\/\/www.europesays.com\/lv\/wp-json\/wp\/v2\/comments?post=104590"}],"version-history":[{"count":0,"href":"https:\/\/www.europesays.com\/lv\/wp-json\/wp\/v2\/posts\/104590\/revisions"}],"wp:featuredmedia":[{"embeddable":true,"href":"https:\/\/www.europesays.com\/lv\/wp-json\/wp\/v2\/media\/104591"}],"wp:attachment":[{"href":"https:\/\/www.europesays.com\/lv\/wp-json\/wp\/v2\/media?parent=104590"}],"wp:term":[{"taxonomy":"category","embeddable":true,"href":"https:\/\/www.europesays.com\/lv\/wp-json\/wp\/v2\/categories?post=104590"},{"taxonomy":"post_tag","embeddable":true,"href":"https:\/\/www.europesays.com\/lv\/wp-json\/wp\/v2\/tags?post=104590"}],"curies":[{"name":"wp","href":"https:\/\/api.w.org\/{rel}","templated":true}]}}